{"id":36325,"date":"2025-08-19T18:31:11","date_gmt":"2025-08-19T18:31:11","guid":{"rendered":"https:\/\/www.europesays.com\/pt\/36325\/"},"modified":"2025-08-19T18:31:11","modified_gmt":"2025-08-19T18:31:11","slug":"polemica-em-italia-apos-meloni-revelar-na-casa-branca-que-evita-falar-a-imprensa","status":"publish","type":"post","link":"https:\/\/www.europesays.com\/pt\/36325\/","title":{"rendered":"Pol\u00e9mica em It\u00e1lia ap\u00f3s Meloni revelar na Casa Branca que evita falar \u00e0 imprensa"},"content":{"rendered":"<p>Giorgia Meloni, uma das l\u00edderes europeias convidadas a acompanhar o presidente ucraniano, Volodymyr Zelensky, na reuni\u00e3o na Casa Branca organizada pelo presidente norte-americano, Donald Trump, para discutir o processo de negocia\u00e7\u00f5es de paz entre Ucr\u00e2nia e R\u00fassia, foi &#8220;apanhada&#8221; pelas c\u00e2maras a confidenciar que, ao contr\u00e1rio do anfitri\u00e3o, n\u00e3o gosta de falar \u00e0 imprensa e, posteriormente, a aconselhar Trump a n\u00e3o permitir perguntas dos jornalistas.<\/p>\n<p data-remotead-prev-elm=\"true\" data-remotead-elm-id=\"inread\">Num v\u00eddeo divulgado pela ag\u00eancia de not\u00edcias Associated Press (AP), hoje divulgado pelo jornal italiano La Stampa, com recolha de imagens dos nove l\u00edderes sentados \u00e0 mesa na Casa Branca &#8211; e os microfones abertos -, \u00e9 poss\u00edvel ouvir a certo momento o presidente finland\u00eas, Alexander Stubb, mostrar-se surpreendido por ser permitida a presen\u00e7a de jornalistas na sala, ao que Meloni, sentada ao lado de Trump, respondeu: &#8220;mas ele [Trump] adora, ele adora sempre. J\u00e1 eu nunca quero falar com a imprensa italiana&#8221;.<\/p>\n<p>Num outro v\u00eddeo, \u00e9 poss\u00edvel ouvir Donald Trump perguntar aos restantes l\u00edderes se querem aceitar perguntas dos jornalistas, ao que Meloni lhe responde prontamente, em voz baixa, que &#8220;\u00e9 melhor n\u00e3o&#8221;, alegando que eram muitos os l\u00edderes presentes e levaria &#8220;demasiado tempo&#8221;.<\/p>\n<p data-remotead-prev-elm=\"true\" data-remotead-elm-id=\"centro1\">As cr\u00edticas n\u00e3o se fizeram esperar, quer da oposi\u00e7\u00e3o, quer da federa\u00e7\u00e3o de jornalistas, at\u00e9 porque Giorgia Meloni h\u00e1 muito \u00e9 criticada em It\u00e1lia por praticamente n\u00e3o dar confer\u00eancias de imprensa, privilegiando comunica\u00e7\u00f5es sem direito a perguntas dos jornalistas, muitas vezes recorrendo a v\u00eddeos publicados em contas oficiais nas redes sociais.<\/p>\n<p>&#8220;\u00c9 sabido que [a primeira-ministra] n\u00e3o gosta de jornalistas e das perguntas da imprensa. Ao longo dos anos, substituiu as confer\u00eancias de imprensa (exceto a de fim de ano, mas com perguntas enviadas antecipadamente) por longos mon\u00f3logos &#8220;online&#8221;, sem contradi\u00e7\u00e3o, sem perguntas. Propaganda, n\u00e3o informa\u00e7\u00e3o. Uma situa\u00e7\u00e3o de desrespeito para com a imprensa, confirmada na cimeira com o presidente Trump&#8221;, reagiu a secret\u00e1ria-geral da Federa\u00e7\u00e3o Nacional da Imprensa Italiana, Alessandra Costante.<\/p>\n<p data-remotead-prev-elm=\"true\" data-remotead-elm-id=\"centro2\">Tamb\u00e9m os partidos da oposi\u00e7\u00e3o deploraram o ocorrido, com o l\u00edder do partido Mais Europa (liberal), Riccardo Magi, a atribuir a Meloni &#8220;o \u00d3scar de pior protagonista&#8221;, j\u00e1 que, &#8220;num indigno &#8220;fora do ar&#8221;, confirmou a Trump o total desprezo pela imprensa e pela liberdade de informa\u00e7\u00e3o&#8221;, acrescentando que j\u00e1 todos perceberam que &#8220;Meloni gostaria de ter jornalistas complacentes e uma imprensa aduladora&#8221;.<\/p>\n<p>&#8220;Qualquer l\u00edder de um pa\u00eds democr\u00e1tico n\u00e3o tem medo da imprensa e sabe que \u00e9 seu dever dialogar com todos os jornais. Dizer &#8220;Eu nunca quero falar com a imprensa italiana&#8221; a um aspirante a autocrata que compila diariamente listas de proscri\u00e7\u00e3o de jornalistas \u00e9 ainda mais grave. P\u00e9ssima figura&#8221;, comentou, por seu lado, o l\u00edder do partido A\u00e7\u00e3o (Azione, centro), Carlo Calenda.<\/p>\n<p data-remotead-prev-elm=\"true\" data-remotead-elm-id=\"centro3\">Para Silvia Fregolent, senadora do partido It\u00e1lia Viva (centro), o coment\u00e1rio em &#8220;off&#8221; de Meloni, captado pelas c\u00e2maras, &#8220;\u00e9 muito claro: Meloni n\u00e3o aguenta o confronto com as perguntas, ou seja, com a democracia&#8221;.<\/p>\n<p>&#8220;Um primeiro-ministro que foge dos jornalistas tamb\u00e9m foge dos cidad\u00e3os. Longe de ser uma patriota corajosa, Meloni s\u00f3 se sente segura em mon\u00f3logos gravados e transmiss\u00f5es ao vivo nas redes sociais&#8221;, criticou.<\/p>\n<p data-remotead-prev-elm=\"true\" data-remotead-elm-id=\"centro4\">Meloni foi uma das l\u00edderes a participar na reuni\u00e3o alargada celebrada na Casa Branca, juntamente com o chanceler alem\u00e3o, Friedrich Merz, o primeiro-ministro brit\u00e2nico, Keir Starmer, o presidente franc\u00eas, Emmanuel Macron, o presidente finland\u00eas, Alexander Stubb, e ainda a presidente da Comiss\u00e3o Europeia, Ursula von der Leyen, e o secret\u00e1rio-geral da NATO, Mark Rutte, al\u00e9m de Trump e Zelensky.<\/p>\n","protected":false},"excerpt":{"rendered":"Giorgia Meloni, uma das l\u00edderes europeias convidadas a acompanhar o presidente ucraniano, Volodymyr Zelensky, na reuni\u00e3o na Casa&hellip;\n","protected":false},"author":2,"featured_media":36326,"comment_status":"","ping_status":"","sticky":false,"template":"","format":"standard","meta":{"footnotes":""},"categories":[50],"tags":[27,28,15,16,14,25,26,21,22,62,12,13,19,20,23,24,17,18,29,30,31,63,64,65],"class_list":{"0":"post-36325","1":"post","2":"type-post","3":"status-publish","4":"format-standard","5":"has-post-thumbnail","7":"category-mundo","8":"tag-breaking-news","9":"tag-breakingnews","10":"tag-featured-news","11":"tag-featurednews","12":"tag-headlines","13":"tag-latest-news","14":"tag-latestnews","15":"tag-main-news","16":"tag-mainnews","17":"tag-mundo","18":"tag-news","19":"tag-noticias","20":"tag-noticias-principais","21":"tag-noticiasprincipais","22":"tag-principais-noticias","23":"tag-principaisnoticias","24":"tag-top-stories","25":"tag-topstories","26":"tag-ultimas","27":"tag-ultimas-noticias","28":"tag-ultimasnoticias","29":"tag-world","30":"tag-world-news","31":"tag-worldnews"},"share_on_mastodon":{"url":"","error":""},"_links":{"self":[{"href":"https:\/\/www.europesays.com\/pt\/wp-json\/wp\/v2\/posts\/36325","targetHints":{"allow":["GET"]}}],"collection":[{"href":"https:\/\/www.europesays.com\/pt\/wp-json\/wp\/v2\/posts"}],"about":[{"href":"https:\/\/www.europesays.com\/pt\/wp-json\/wp\/v2\/types\/post"}],"author":[{"embeddable":true,"href":"https:\/\/www.europesays.com\/pt\/wp-json\/wp\/v2\/users\/2"}],"replies":[{"embeddable":true,"href":"https:\/\/www.europesays.com\/pt\/wp-json\/wp\/v2\/comments?post=36325"}],"version-history":[{"count":0,"href":"https:\/\/www.europesays.com\/pt\/wp-json\/wp\/v2\/posts\/36325\/revisions"}],"wp:featuredmedia":[{"embeddable":true,"href":"https:\/\/www.europesays.com\/pt\/wp-json\/wp\/v2\/media\/36326"}],"wp:attachment":[{"href":"https:\/\/www.europesays.com\/pt\/wp-json\/wp\/v2\/media?parent=36325"}],"wp:term":[{"taxonomy":"category","embeddable":true,"href":"https:\/\/www.europesays.com\/pt\/wp-json\/wp\/v2\/categories?post=36325"},{"taxonomy":"post_tag","embeddable":true,"href":"https:\/\/www.europesays.com\/pt\/wp-json\/wp\/v2\/tags?post=36325"}],"curies":[{"name":"wp","href":"https:\/\/api.w.org\/{rel}","templated":true}]}}