{"id":363850,"date":"2026-04-30T16:19:16","date_gmt":"2026-04-30T16:19:16","guid":{"rendered":"https:\/\/www.europesays.com\/pt\/363850\/"},"modified":"2026-04-30T16:19:16","modified_gmt":"2026-04-30T16:19:16","slug":"campanha-de-vacinacao-nas-escolas-e-concluida-com-mais-de-300-doses-aplicadas-em-chapada-dos-guimaraes","status":"publish","type":"post","link":"https:\/\/www.europesays.com\/pt\/363850\/","title":{"rendered":"Campanha de vacina\u00e7\u00e3o nas escolas \u00e9 conclu\u00edda com mais de 300 doses aplicadas em Chapada dos Guimar\u00e3es"},"content":{"rendered":"<p style=\"text-align: justify;\">A Prefeitura de Chapada dos Guimar\u00e3es, por meio da Secretaria Municipal de Sa\u00fade, concluiu nesta quarta-feira (30) a etapa da campanha de vacina\u00e7\u00e3o nas escolas, realizada dentro do Programa Sa\u00fade na Escola (PSE). A a\u00e7\u00e3o foi finalizada com atendimentos na Escola JJ e na Escola de \u00c1gua Branca.<\/p>\n<p style=\"text-align: justify;\">A iniciativa teve como objetivo ampliar a cobertura vacinal entre crian\u00e7as, jovens e adolescentes da rede p\u00fablica e privada, atendendo estudantes desde a creche, com idades entre 1 e 4 anos, at\u00e9 alunos de 16 anos.<\/p>\n<p style=\"text-align: justify;\">Durante a campanha, foram aplicadas mais de 300 doses de vacinas nas unidades escolares do munic\u00edpio, contemplando imunizantes importantes como influenza (gripe), febre amarela, HPV, tr\u00edplice viral, tr\u00edplice bacteriana (DTP) e meningoc\u00f3cica.<\/p>\n<p style=\"text-align: justify;\">As equipes de sa\u00fade percorreram diversas unidades escolares, incluindo as escolas Tales de Mileto, Rafael de Siqueira, Monteiro Lobato, Abinel, Rio da Casca, Cachoeira Rica, Jacondino, S\u00e3o Jos\u00e9, Elba Xavier, Ana Teresa, Irm\u00e3 Berta e Thermozina, al\u00e9m das \u00faltimas atendidas nesta etapa.<\/p>\n<p style=\"text-align: justify;\">Para a vacina\u00e7\u00e3o, foi necess\u00e1rio apresentar a caderneta de vacina\u00e7\u00e3o e a autoriza\u00e7\u00e3o assinada pelos pais ou respons\u00e1veis, garantindo seguran\u00e7a e organiza\u00e7\u00e3o durante todo o processo.<\/p>\n<p style=\"text-align: justify;\">A coordenadora do Programa Sa\u00fade na Escola, Glaucilene Silva, destacou a import\u00e2ncia da iniciativa e o envolvimento das unidades escolares. \u201cA ades\u00e3o foi muito positiva, com boa participa\u00e7\u00e3o dos alunos e apoio das equipes escolares e das fam\u00edlias. Esse resultado mostra a import\u00e2ncia de levar a vacina\u00e7\u00e3o at\u00e9 as escolas, facilitando o acesso e garantindo a prote\u00e7\u00e3o dos nossos estudantes\u201d, afirmou.<\/p>\n<p style=\"text-align: justify;\">De acordo com a Secretaria Municipal de Sa\u00fade, o resultado da campanha foi considerado altamente positivo. Diante da boa ades\u00e3o nas escolas, a previs\u00e3o \u00e9 de que uma nova etapa da vacina\u00e7\u00e3o seja realizada no segundo semestre deste ano, refor\u00e7ando o compromisso com a sa\u00fade preventiva dos estudantes e da comunidade escolar.<\/p>\n","protected":false},"excerpt":{"rendered":"A Prefeitura de Chapada dos Guimar\u00e3es, por meio da Secretaria Municipal de Sa\u00fade, concluiu nesta quarta-feira (30) a&hellip;\n","protected":false},"author":2,"featured_media":363851,"comment_status":"","ping_status":"","sticky":false,"template":"","format":"standard","meta":{"footnotes":"","_share_on_mastodon":"0"},"categories":[86],"tags":[4080,4079,4074,4075,116,4083,13,4078,32,61859,33,117,4077,4081,4076,4082],"class_list":["post-363850","post","type-post","status-publish","format-standard","has-post-thumbnail","category-saude","tag-desenvolvimento","tag-documentos","tag-galeria-de-fotos","tag-galeria-de-fotos-da-cidade","tag-health","tag-institucional","tag-noticias","tag-noticias-da-cidade","tag-portugal","tag-prefeitura-municipal-de-chapada-dos-guimaraes","tag-pt","tag-saude","tag-secretarias","tag-sites","tag-tv-prefeitura","tag-websites"],"share_on_mastodon":{"url":"https:\/\/pubeurope.com\/@pt\/116494569688837703","error":""},"_links":{"self":[{"href":"https:\/\/www.europesays.com\/pt\/wp-json\/wp\/v2\/posts\/363850","targetHints":{"allow":["GET"]}}],"collection":[{"href":"https:\/\/www.europesays.com\/pt\/wp-json\/wp\/v2\/posts"}],"about":[{"href":"https:\/\/www.europesays.com\/pt\/wp-json\/wp\/v2\/types\/post"}],"author":[{"embeddable":true,"href":"https:\/\/www.europesays.com\/pt\/wp-json\/wp\/v2\/users\/2"}],"replies":[{"embeddable":true,"href":"https:\/\/www.europesays.com\/pt\/wp-json\/wp\/v2\/comments?post=363850"}],"version-history":[{"count":0,"href":"https:\/\/www.europesays.com\/pt\/wp-json\/wp\/v2\/posts\/363850\/revisions"}],"wp:featuredmedia":[{"embeddable":true,"href":"https:\/\/www.europesays.com\/pt\/wp-json\/wp\/v2\/media\/363851"}],"wp:attachment":[{"href":"https:\/\/www.europesays.com\/pt\/wp-json\/wp\/v2\/media?parent=363850"}],"wp:term":[{"taxonomy":"category","embeddable":true,"href":"https:\/\/www.europesays.com\/pt\/wp-json\/wp\/v2\/categories?post=363850"},{"taxonomy":"post_tag","embeddable":true,"href":"https:\/\/www.europesays.com\/pt\/wp-json\/wp\/v2\/tags?post=363850"}],"curies":[{"name":"wp","href":"https:\/\/api.w.org\/{rel}","templated":true}]}}