{"id":36411,"date":"2025-08-19T19:37:10","date_gmt":"2025-08-19T19:37:10","guid":{"rendered":"https:\/\/www.europesays.com\/pt\/36411\/"},"modified":"2025-08-19T19:37:10","modified_gmt":"2025-08-19T19:37:10","slug":"benfica-envia-para-a-vila-das-aves-lateral-direito-por-emprestimo-zerozero-pt","status":"publish","type":"post","link":"https:\/\/www.europesays.com\/pt\/36411\/","title":{"rendered":"Benfica envia para a Vila das Aves lateral direito por empr\u00e9stimo &#8211; zerozero.pt"},"content":{"rendered":"<ol>\n<li><a href=\"https:\/\/news.google.com\/rss\/articles\/CBMiqAFBVV95cUxNcjhOMGNwYk1JTllLV3BUVlpkRGtUX0Z3OTVtaXBfRmZVNGJYM1VtRlRmX21qZUxfTHVLWlFfdERzUzVXOXNBd0QzdDBEb1ZlQVAzVjZMZWJpNHI3cEhoeWtRTlVNWkZ6ZnpkcTNteXVaQnZ0eUZzRjA5WncyLWhmT1g5ZDREZ3k2bDl6c000UUw0V0w2WmZjXzBaUEs1MUVmbzY3T1J4YXQ?oc=5\" target=\"_blank\" rel=\"nofollow noopener\">Benfica envia para a Vila das Aves lateral direito por empr\u00e9stimo<\/a>&nbsp;&nbsp;zerozero.pt<\/li>\n<li><a href=\"https:\/\/news.google.com\/rss\/articles\/CBMijwFBVV95cUxOdmNwbjFqMHJmQXg2YWFaYWx6S09laVNrVjhlZWM3enhoRmpOdjZNZVJ0TnkwcWp4b1BpWC1wbUVmQ1ozeEQ3STJ3c2EybzJJWkY1ci1LVWRmOWd3WmJiYTFHbk1BSnI4ZllFODJlcVFVcnFIRVJwUmUwdUpuSlBSRnRlMzBmRlhNdjgwQkllRQ?oc=5\" target=\"_blank\" rel=\"nofollow noopener\">Benfica empresta lateral ao Aves SAD<\/a>&nbsp;&nbsp;A Bola<\/li>\n<li><a href=\"https:\/\/news.google.com\/rss\/articles\/CBMiwgFBVV95cUxNMkFWb2Y0a18tVFZXRTd4bWtRdFNiNVZvOUZCaUZFM05rckpXM1VGTDdUbzBRUUFhNXk2enBFNkZKRjJOTVJmMEFOVENoajJ5RUplTS02aXhoZENEY3NUM3dMcWRuZk9Ba1hPNHJkMHNycjZSUmlNWDFjZmJiUTR1NWEzQXhIc185ZGtuN2xmVlg5QkFsX0F4cUt5REpDMDZYaTRpSHpVWFFNYmstMEVhVE5ueVlRUUdhZkNJLURQdDh5dw?oc=5\" target=\"_blank\" rel=\"nofollow noopener\">Diogo Spencer refor\u00e7a AVS por empr\u00e9stimo do Benfica at\u00e9 final da \u00e9poca<\/a>&nbsp;&nbsp;RTP<\/li>\n<li><a href=\"https:\/\/news.google.com\/rss\/articles\/CBMiuAFBVV95cUxOal9KMDdNaGM4S29mVzVPd0ZISVFzSmltZTdDRnFJLW41Wm1iRWJWWGlmVWJjZnJod2wxVUlQWEt2bTk5UTJrQU9IcDJXeFhwaFY0WDZTM0tJZEttREplT0dUMDU5UlhEVFJSaGYzd3hqa2ZyeDhuamNYamNCNHpDcGtRWVdhQlFQTnRKZ2lKM2RWeFhjVDA1Mk5rYXlmV0RabWtjME5iNDhhNEU2ejBaVXlWTGNkbVpZ?oc=5\" target=\"_blank\" rel=\"nofollow noopener\">Benfica vai emprestar Diogo Spencer ao AFS<\/a>&nbsp;&nbsp;Flashscore.pt<\/li>\n<li><a href=\"https:\/\/news.google.com\/rss\/articles\/CBMiyAFBVV95cUxNVmJ5WVVfZnJWLVlRZk9QUXpUVTJrcHVoajM0SjBnSm16WktVUnd2NHNldmh4b2h6ekt6VmZCbkJOU2ctSFRnd3JpMFpvQkpmU0lISDNSeFJ0YkM3NENUYmJxV01SS0lOX3ktckd3VjNyQm9tVGhJUm1YeFk4VE40eUJMYUJUUGVmdEZwcDB6WEdDM3V4REhib05CZFNyaHVBSVlkS0xENlNidVBaenhoWE9heHZsQS1EWnItOWJqUGVrR1VDdjVhUg?oc=5\" target=\"_blank\" rel=\"nofollow noopener\">Diogo Spencer: \u00abEstou preparado e com vontade de ajudar\u00bb<\/a>&nbsp;&nbsp;Record<\/li>\n<\/ol>\n","protected":false},"excerpt":{"rendered":"Benfica envia para a Vila das Aves lateral direito por empr\u00e9stimo&nbsp;&nbsp;zerozero.pt Benfica empresta lateral ao Aves SAD&nbsp;&nbsp;A Bola&hellip;\n","protected":false},"author":2,"featured_media":36412,"comment_status":"","ping_status":"","sticky":false,"template":"","format":"standard","meta":{"footnotes":""},"categories":[87],"tags":[135,526,524,13,32,33,527,525,134,523],"class_list":{"0":"post-36411","1":"post","2":"type-post","3":"status-publish","4":"format-standard","5":"has-post-thumbnail","7":"category-desporto","8":"tag-desporto","9":"tag-football","10":"tag-futebol","11":"tag-noticias","12":"tag-portugal","13":"tag-pt","14":"tag-resultados","15":"tag-soccer","16":"tag-sports","17":"tag-zerozero"},"share_on_mastodon":{"url":"","error":""},"_links":{"self":[{"href":"https:\/\/www.europesays.com\/pt\/wp-json\/wp\/v2\/posts\/36411","targetHints":{"allow":["GET"]}}],"collection":[{"href":"https:\/\/www.europesays.com\/pt\/wp-json\/wp\/v2\/posts"}],"about":[{"href":"https:\/\/www.europesays.com\/pt\/wp-json\/wp\/v2\/types\/post"}],"author":[{"embeddable":true,"href":"https:\/\/www.europesays.com\/pt\/wp-json\/wp\/v2\/users\/2"}],"replies":[{"embeddable":true,"href":"https:\/\/www.europesays.com\/pt\/wp-json\/wp\/v2\/comments?post=36411"}],"version-history":[{"count":0,"href":"https:\/\/www.europesays.com\/pt\/wp-json\/wp\/v2\/posts\/36411\/revisions"}],"wp:featuredmedia":[{"embeddable":true,"href":"https:\/\/www.europesays.com\/pt\/wp-json\/wp\/v2\/media\/36412"}],"wp:attachment":[{"href":"https:\/\/www.europesays.com\/pt\/wp-json\/wp\/v2\/media?parent=36411"}],"wp:term":[{"taxonomy":"category","embeddable":true,"href":"https:\/\/www.europesays.com\/pt\/wp-json\/wp\/v2\/categories?post=36411"},{"taxonomy":"post_tag","embeddable":true,"href":"https:\/\/www.europesays.com\/pt\/wp-json\/wp\/v2\/tags?post=36411"}],"curies":[{"name":"wp","href":"https:\/\/api.w.org\/{rel}","templated":true}]}}