{"id":36421,"date":"2025-08-19T19:43:07","date_gmt":"2025-08-19T19:43:07","guid":{"rendered":"https:\/\/www.europesays.com\/pt\/36421\/"},"modified":"2025-08-19T19:43:07","modified_gmt":"2025-08-19T19:43:07","slug":"fogo-descontrola-se-e-leva-ao-confinamento-de-moradores-de-vale-frechoso-em-vila-flor","status":"publish","type":"post","link":"https:\/\/www.europesays.com\/pt\/36421\/","title":{"rendered":"Fogo descontrola-se e leva ao confinamento de moradores de Vale Frechoso em Vila Flor"},"content":{"rendered":"<p>O presidente da C\u00e2mara Municipal, Pedro Lima, referiu que a situa\u00e7\u00e3o est\u00e1 a ficar complicada, com o descontrolo da \u00fanica frente que estava ativa.<\/p>\n<p data-remotead-prev-elm=\"true\" data-remotead-elm-id=\"inread\">Para j\u00e1 n\u00e3o h\u00e1 habita\u00e7\u00f5es amea\u00e7adas, mas teme-se que isso aconte\u00e7a, devido ao vento. Ainda assim, os moradores j\u00e1 est\u00e3o confinados na igreja, por precau\u00e7\u00e3o.<\/p>\n<p>O caminho municipal 603, que liga \u00e0 aldeia, est\u00e1 cortado.<\/p>\n<p data-remotead-prev-elm=\"true\" data-remotead-elm-id=\"centro1\">Esta manh\u00e3, o comandante sub-regional de Tr\u00e1s-os-Montes da Prote\u00e7\u00e3o Civil, Noel Afonso, avan\u00e7ou, \u00e0 Lusa, que havia apenas uma frente ativa em Vale Frechoso, Vila Flor, e que o inc\u00eandio estava resolvido em Mirandela e Alf\u00e2ndega da F\u00e9. Com o vento forte, o cen\u00e1rio \u00e9 agora outro e a situa\u00e7\u00e3o complica-se.<\/p>\n<p>Em Alf\u00e2ndega da F\u00e9, houve um reacendimento na aldeia de Valverde.<\/p>\n<p data-remotead-prev-elm=\"true\" data-remotead-elm-id=\"centro2\">Em declara\u00e7\u00f5es \u00e0 Ag\u00eancia Lusa, Manuel Vieira, vice-presidente da Uni\u00e3o das Freguesias de Euc\u00edsia, Gouveia e Valverde, explicou que o fogo &#8220;lavra com intensidade&#8221; e, apesar de n\u00e3o haver habita\u00e7\u00f5es, para j\u00e1, em perigo, as chamas dirigem-se nesse sentido.<\/p>\n<p>&#8220;O fogo come\u00e7ou em Valverde, mas se for em dire\u00e7\u00e3o \u00e0 serra a\u00ed fica perigoso&#8221;, afirmou.<\/p>\n<p data-remotead-prev-elm=\"true\" data-remotead-elm-id=\"centro3\">Nesta localidade est\u00e3o v\u00e1rios operacionais a tentar combater o inc\u00eandio, mas, devido \u00e0 extensa coluna de fumo, os meios a\u00e9reos est\u00e3o com dificuldades em atuar.<\/p>\n<p>O IC5 entre Junqueira e Alf\u00e2ndega da F\u00e9 tamb\u00e9m j\u00e1 foi cortado ao tr\u00e2nsito.<\/p>\n","protected":false},"excerpt":{"rendered":"O presidente da C\u00e2mara Municipal, Pedro Lima, referiu que a situa\u00e7\u00e3o est\u00e1 a ficar complicada, com o descontrolo&hellip;\n","protected":false},"author":2,"featured_media":36422,"comment_status":"","ping_status":"","sticky":false,"template":"","format":"standard","meta":{"footnotes":""},"categories":[10],"tags":[27,28,15,16,14,25,26,21,22,12,13,19,20,32,23,24,33,17,18,29,30,31],"class_list":{"0":"post-36421","1":"post","2":"type-post","3":"status-publish","4":"format-standard","5":"has-post-thumbnail","7":"category-portugal","8":"tag-breaking-news","9":"tag-breakingnews","10":"tag-featured-news","11":"tag-featurednews","12":"tag-headlines","13":"tag-latest-news","14":"tag-latestnews","15":"tag-main-news","16":"tag-mainnews","17":"tag-news","18":"tag-noticias","19":"tag-noticias-principais","20":"tag-noticiasprincipais","21":"tag-portugal","22":"tag-principais-noticias","23":"tag-principaisnoticias","24":"tag-pt","25":"tag-top-stories","26":"tag-topstories","27":"tag-ultimas","28":"tag-ultimas-noticias","29":"tag-ultimasnoticias"},"share_on_mastodon":{"url":"","error":""},"_links":{"self":[{"href":"https:\/\/www.europesays.com\/pt\/wp-json\/wp\/v2\/posts\/36421","targetHints":{"allow":["GET"]}}],"collection":[{"href":"https:\/\/www.europesays.com\/pt\/wp-json\/wp\/v2\/posts"}],"about":[{"href":"https:\/\/www.europesays.com\/pt\/wp-json\/wp\/v2\/types\/post"}],"author":[{"embeddable":true,"href":"https:\/\/www.europesays.com\/pt\/wp-json\/wp\/v2\/users\/2"}],"replies":[{"embeddable":true,"href":"https:\/\/www.europesays.com\/pt\/wp-json\/wp\/v2\/comments?post=36421"}],"version-history":[{"count":0,"href":"https:\/\/www.europesays.com\/pt\/wp-json\/wp\/v2\/posts\/36421\/revisions"}],"wp:featuredmedia":[{"embeddable":true,"href":"https:\/\/www.europesays.com\/pt\/wp-json\/wp\/v2\/media\/36422"}],"wp:attachment":[{"href":"https:\/\/www.europesays.com\/pt\/wp-json\/wp\/v2\/media?parent=36421"}],"wp:term":[{"taxonomy":"category","embeddable":true,"href":"https:\/\/www.europesays.com\/pt\/wp-json\/wp\/v2\/categories?post=36421"},{"taxonomy":"post_tag","embeddable":true,"href":"https:\/\/www.europesays.com\/pt\/wp-json\/wp\/v2\/tags?post=36421"}],"curies":[{"name":"wp","href":"https:\/\/api.w.org\/{rel}","templated":true}]}}