{"id":36454,"date":"2025-08-19T20:18:29","date_gmt":"2025-08-19T20:18:29","guid":{"rendered":"https:\/\/www.europesays.com\/pt\/36454\/"},"modified":"2025-08-19T20:18:29","modified_gmt":"2025-08-19T20:18:29","slug":"um-alvalade-de-gala-sporting","status":"publish","type":"post","link":"https:\/\/www.europesays.com\/pt\/36454\/","title":{"rendered":"Um Alvalade de gala &#8211; Sporting"},"content":{"rendered":"<p>                    18 agosto 2025 &#8211; 07:03<\/p>\n<p>V\u00e1rios ex-le\u00f5es no palco renovado. Varandas convidou adepto que ficou cego na festa do Marqu\u00eas<\/p>\n<p class=\"\">&#13;<br \/>\n        As obras no Est\u00e1dio Jos\u00e9 Alvalade ainda n\u00e3o est\u00e3o conclu\u00eddas, mas os adeptos leoninos j\u00e1 tiveram a possibilidade ver a maioria dos melhoramentos. As tr\u00eas filas de bancadas que taparam o antigo fosso s\u00f3 devem estar prontas para receber espectadores no cl\u00e1ssico com o FC Porto, uma situa\u00e7\u00e3o que n\u00e3o impediu casa bem composta \u2013 e com festa sempre presente.&#13;\n    <\/p>\n<p class=\"\">&#13;<br \/>\n        A dire\u00e7\u00e3o do Sporting aproveitou a ocasi\u00e3o para convidar alguns antigos jogadores como Adrien, Miguel Garcia, Antunes e Dominguez. Na tribuna h\u00e1 a assinalar a presen\u00e7a do selecionador nacional Roberto Mart\u00ednez e de Bernardo Topa, adepto que perdeu o olho esquerdo ap\u00f3s ter sido  atingido com uma bala de borracha na celebra\u00e7\u00e3o do bicampeonato em maio. Frederico Varandas visitou-o, ent\u00e3o, no hospital e estendeu-lhe o convite para estar no est\u00e1dio no primeiro jogo em casa.&#13;\n    <\/p>\n<p class=\"\">&#13;<br \/>\n        Por\u00e9m, nem tudo correu bem no regresso. A numera\u00e7\u00e3o nas cadeiras teve erros \u2013 alguns bilhetes tinham lugares que n\u00e3o constavam nas filas \u2013 e parte dos elevadores n\u00e3o funcionaram. H\u00e1 espa\u00e7o para melhorar.\u00a0&#13;\n    <\/p>\n<p>                    Por Jo\u00e3o Soares Ribeiro<\/p>\n","protected":false},"excerpt":{"rendered":"18 agosto 2025 &#8211; 07:03 V\u00e1rios ex-le\u00f5es no palco renovado. Varandas convidou adepto que ficou cego na festa&hellip;\n","protected":false},"author":2,"featured_media":36455,"comment_status":"","ping_status":"","sticky":false,"template":"","format":"standard","meta":{"footnotes":""},"categories":[8],"tags":[27,28,15,16,14,25,26,21,22,12,13,19,20,32,23,24,33,17,18,29,30,31],"class_list":{"0":"post-36454","1":"post","2":"type-post","3":"status-publish","4":"format-standard","5":"has-post-thumbnail","7":"category-principais-noticias","8":"tag-breaking-news","9":"tag-breakingnews","10":"tag-featured-news","11":"tag-featurednews","12":"tag-headlines","13":"tag-latest-news","14":"tag-latestnews","15":"tag-main-news","16":"tag-mainnews","17":"tag-news","18":"tag-noticias","19":"tag-noticias-principais","20":"tag-noticiasprincipais","21":"tag-portugal","22":"tag-principais-noticias","23":"tag-principaisnoticias","24":"tag-pt","25":"tag-top-stories","26":"tag-topstories","27":"tag-ultimas","28":"tag-ultimas-noticias","29":"tag-ultimasnoticias"},"share_on_mastodon":{"url":"","error":""},"_links":{"self":[{"href":"https:\/\/www.europesays.com\/pt\/wp-json\/wp\/v2\/posts\/36454","targetHints":{"allow":["GET"]}}],"collection":[{"href":"https:\/\/www.europesays.com\/pt\/wp-json\/wp\/v2\/posts"}],"about":[{"href":"https:\/\/www.europesays.com\/pt\/wp-json\/wp\/v2\/types\/post"}],"author":[{"embeddable":true,"href":"https:\/\/www.europesays.com\/pt\/wp-json\/wp\/v2\/users\/2"}],"replies":[{"embeddable":true,"href":"https:\/\/www.europesays.com\/pt\/wp-json\/wp\/v2\/comments?post=36454"}],"version-history":[{"count":0,"href":"https:\/\/www.europesays.com\/pt\/wp-json\/wp\/v2\/posts\/36454\/revisions"}],"wp:featuredmedia":[{"embeddable":true,"href":"https:\/\/www.europesays.com\/pt\/wp-json\/wp\/v2\/media\/36455"}],"wp:attachment":[{"href":"https:\/\/www.europesays.com\/pt\/wp-json\/wp\/v2\/media?parent=36454"}],"wp:term":[{"taxonomy":"category","embeddable":true,"href":"https:\/\/www.europesays.com\/pt\/wp-json\/wp\/v2\/categories?post=36454"},{"taxonomy":"post_tag","embeddable":true,"href":"https:\/\/www.europesays.com\/pt\/wp-json\/wp\/v2\/tags?post=36454"}],"curies":[{"name":"wp","href":"https:\/\/api.w.org\/{rel}","templated":true}]}}