{"id":364607,"date":"2026-05-01T07:41:51","date_gmt":"2026-05-01T07:41:51","guid":{"rendered":"https:\/\/www.europesays.com\/pt\/364607\/"},"modified":"2026-05-01T07:41:51","modified_gmt":"2026-05-01T07:41:51","slug":"nao-vou-ser-dramatica-mas-vou-ser-marisa-liz-partilha-diagnostico-que-mudou-a-sua-vida","status":"publish","type":"post","link":"https:\/\/www.europesays.com\/pt\/364607\/","title":{"rendered":"\u00abN\u00e3o vou ser dram\u00e1tica, mas vou ser&#8230;\u00bb: Marisa Liz partilha diagn\u00f3stico que mudou a sua vida"},"content":{"rendered":"<p data-end=\"390\" data-start=\"0\"><strong>Marisa Liz <\/strong>\u00e9 uma das vozes mais marcantes da m\u00fasica portuguesa contempor\u00e2nea. Conhecida pelo seu estilo pop-rock e pela sua forte presen\u00e7a em palco, destacou-se sobretudo como vocalista da banda Amor Electro, conquistando um lugar de relevo no panorama musical nacional gra\u00e7as \u00e0 sua energia, autenticidade e interpreta\u00e7\u00e3o emocional.<\/p>\n<p data-end=\"830\" data-start=\"392\">Para al\u00e9m da carreira musical, Marisa Liz tem vindo a partilhar aspetos muito pessoais da sua vida, contribuindo para uma maior <strong>abertura social em torno da neurodiversidade<\/strong>. Numa entrevista recente no podcast \u00abEduca-te\u00bb, revelou que foi diagnosticada com <strong>PHDA (Perturba\u00e7\u00e3o de Hiperatividade e D\u00e9fice de Aten\u00e7\u00e3o) e autismo,<\/strong> partilhando mem\u00f3rias da sua inf\u00e2ncia e da forma como sempre lidou com a aprendizagem e a organiza\u00e7\u00e3o da informa\u00e7\u00e3o.<\/p>\n<p data-end=\"1451\" data-start=\"1009\">A artista explicou tamb\u00e9m a necessidade constante de criar estrat\u00e9gias pr\u00f3prias para conseguir acompanhar a informa\u00e7\u00e3o: \u201c<strong data-end=\"1218\" data-start=\"1130\">Eu tinha coisas que apontava, coisas que realmente me batiam para eu n\u00e3o me esquecer<\/strong>\u201d, acrescentando que precisava de registos e marcas para conseguir estruturar o seu pensamento e a sua leitura. Este m\u00e9todo, que desenvolveu ainda em crian\u00e7a, revela uma forma muito particular de lidar com a mem\u00f3ria e a concentra\u00e7\u00e3o.<\/p>\n<p data-end=\"1828\" data-start=\"1453\">Marisa Liz partilhou ainda o impacto emocional que essa experi\u00eancia teve na sua vida, admitindo: \u201c<strong data-end=\"1629\" data-start=\"1551\">\u00c9 provavelmente\u2026 n\u00e3o vou ser dram\u00e1tica\u2026 \u00e9 das coisas mais tristes para mim<\/strong>\u201d, numa reflex\u00e3o sobre as dificuldades que sentia na rela\u00e7\u00e3o com textos longos e na forma como processava a informa\u00e7\u00e3o. Apesar disso, encontrou na poesia uma alternativa mais acess\u00edvel e confort\u00e1vel.<\/p>\n<p data-end=\"2284\" data-start=\"1830\">Sobre essa descoberta, explicou: \u201c<strong data-end=\"2027\" data-start=\"1864\">Acho que foi por causa disso que eu comecei a gostar tanto de poemas. Porque era uma forma do meu c\u00e9rebro conseguir ler um poema e n\u00e3o ser uma hist\u00f3ria inteira<\/strong>\u201d. Esta rela\u00e7\u00e3o com a poesia acabou por se intensificar ao longo do tempo, tornando-se um espa\u00e7o importante no seu universo criativo: \u201c<strong data-end=\"2216\" data-start=\"2162\">Os poemas come\u00e7aram a ter um espa\u00e7o cada vez maior<\/strong>\u201d, referindo tanto poemas de Florbela Espanca como textos musicados.<\/p>\n<p data-end=\"2800\" data-start=\"2286\">A partilha da artista gerou uma forte onda de rea\u00e7\u00f5es positivas. Muitos ouvintes expressaram identifica\u00e7\u00e3o e gratid\u00e3o, destacando o impacto do seu testemunho. Coment\u00e1rios como \u201c<strong data-end=\"2493\" data-start=\"2463\">como me identifico Marisa!<\/strong>\u201d e \u201c<strong data-end=\"2524\" data-start=\"2498\">Maravilhoso testemunho<\/strong>\u201d multiplicaram-se, assim como mensagens que sublinham a import\u00e2ncia da conversa p\u00fablica sobre estes temas: \u201c<strong data-end=\"2758\" data-start=\"2633\">Obrigada pela partilha \u2764\ufe0f ajuda a desconstruir a ideia que a sociedade tem do autismo e a consciencializar os portugueses<\/strong>\u201d e \u201c<strong data-end=\"2798\" data-start=\"2763\">Que mais se fale sobre PHDA! \ud83d\ude42<\/strong>\u201d.<\/p>\n<p data-end=\"3203\" data-is-last-node=\"\" data-is-only-node=\"\" data-start=\"2802\">Este testemunho refor\u00e7a o papel de Marisa Liz n\u00e3o apenas como artista, mas tamb\u00e9m como voz ativa na sensibiliza\u00e7\u00e3o para a neurodiversidade. Ao expor a sua experi\u00eancia de forma t\u00e3o direta e pessoal, contribui para reduzir estigmas e promover uma maior compreens\u00e3o sobre a PHDA e o autismo, mostrando que estas realidades fazem parte de muitas vidas de forma silenciosa, mas profundamente significativa.<\/p>\n<p data-end=\"3203\" data-is-last-node=\"\" data-is-only-node=\"\" data-start=\"2802\">Reveja aqui uma das grande entrevistas \u00e0 artista:\u00a0<\/p>\n","protected":false},"excerpt":{"rendered":"Marisa Liz \u00e9 uma das vozes mais marcantes da m\u00fasica portuguesa contempor\u00e2nea. Conhecida pelo seu estilo pop-rock e&hellip;\n","protected":false},"author":2,"featured_media":364608,"comment_status":"","ping_status":"","sticky":false,"template":"","format":"standard","meta":{"footnotes":"","_share_on_mastodon":"0"},"categories":[145],"tags":[73,3987,72,66,211,210,3864,114,115,77,69,75,7817,71,67,28488,32,33,76,74,70,61937,35,78,68],"class_list":["post-364607","post","type-post","status-publish","format-standard","has-post-thumbnail","category-celebridades","tag-a-jornada","tag-autismo","tag-bate-bola","tag-bom-dia-alegria","tag-celebridades","tag-celebrities","tag-desabafo","tag-entertainment","tag-entretenimento","tag-estudio-estadio","tag-fanaticos","tag-livre-e-direto","tag-marisa-liz","tag-nova-geracao","tag-para-si","tag-phda","tag-portugal","tag-pt","tag-segredos-do-prazer","tag-segue-o-jogo","tag-super-craques","tag-testemunha","tag-transferencias","tag-v-fama","tag-var-aberto"],"share_on_mastodon":{"url":"https:\/\/pubeurope.com\/@pt\/116498199061395843","error":""},"_links":{"self":[{"href":"https:\/\/www.europesays.com\/pt\/wp-json\/wp\/v2\/posts\/364607","targetHints":{"allow":["GET"]}}],"collection":[{"href":"https:\/\/www.europesays.com\/pt\/wp-json\/wp\/v2\/posts"}],"about":[{"href":"https:\/\/www.europesays.com\/pt\/wp-json\/wp\/v2\/types\/post"}],"author":[{"embeddable":true,"href":"https:\/\/www.europesays.com\/pt\/wp-json\/wp\/v2\/users\/2"}],"replies":[{"embeddable":true,"href":"https:\/\/www.europesays.com\/pt\/wp-json\/wp\/v2\/comments?post=364607"}],"version-history":[{"count":0,"href":"https:\/\/www.europesays.com\/pt\/wp-json\/wp\/v2\/posts\/364607\/revisions"}],"wp:featuredmedia":[{"embeddable":true,"href":"https:\/\/www.europesays.com\/pt\/wp-json\/wp\/v2\/media\/364608"}],"wp:attachment":[{"href":"https:\/\/www.europesays.com\/pt\/wp-json\/wp\/v2\/media?parent=364607"}],"wp:term":[{"taxonomy":"category","embeddable":true,"href":"https:\/\/www.europesays.com\/pt\/wp-json\/wp\/v2\/categories?post=364607"},{"taxonomy":"post_tag","embeddable":true,"href":"https:\/\/www.europesays.com\/pt\/wp-json\/wp\/v2\/tags?post=364607"}],"curies":[{"name":"wp","href":"https:\/\/api.w.org\/{rel}","templated":true}]}}