{"id":36485,"date":"2025-08-19T20:50:19","date_gmt":"2025-08-19T20:50:19","guid":{"rendered":"https:\/\/www.europesays.com\/pt\/36485\/"},"modified":"2025-08-19T20:50:19","modified_gmt":"2025-08-19T20:50:19","slug":"lancamento-do-livro-estrela-bendita-mes-abc-do-abc","status":"publish","type":"post","link":"https:\/\/www.europesays.com\/pt\/36485\/","title":{"rendered":"Lan\u00e7amento do livro \u2018Estrela Bendita \u2013 Mes&#8230; ABC do ABC"},"content":{"rendered":"<p>O Sal\u00e3o Vermelho da Prefeitura de <a href=\"https:\/\/abcdoabc.com.br\/campinas-registra-a-criacao-de-mais-de-67-mil-empresas\/\" rel=\"nofollow noopener\" target=\"_blank\"><strong>Campinas <\/strong><\/a>ser\u00e1 o cen\u00e1rio do lan\u00e7amento do livro autobiogr\u00e1fico <a href=\"https:\/\/campinas.sp.gov.br\/noticias\/mestra-sinha-lanca-livro-autobiografico-no-salao-vermelho-128008\" target=\"_blank\" rel=\"noopener nofollow\"><strong>\u201cEstrela Bendita \u2013 Mestra Sinh\u00e1:<\/strong><\/a> Hist\u00f3rias e Mem\u00f3rias\u201d, programado para o dia 26 de agosto, \u00e0s 19h.<\/p>\n<p>A autora, Ros\u00e1ria Ant\u00f4nia, carinhosamente conhecida como <strong>Mestra Sinh\u00e1<\/strong>, celebra a marca significativa de seus 90 anos com esta obra que retrata sua rica trajet\u00f3ria e refor\u00e7a sua relev\u00e2ncia na cultura negra da regi\u00e3o. O evento conta com o apoio da Secretaria Municipal de Cultura e Turismo.<\/p>\n<p>A narrativa do livro aborda a vida de Mestra Sinh\u00e1, desde seu nascimento na hist\u00f3rica zona rural de Viracopos em 1934 at\u00e9 suas experi\u00eancias familiares, profissionais e art\u00edsticas. A obra n\u00e3o se limita a uma biografia pessoal, mas tamb\u00e9m examina quest\u00f5es sociais, incluindo a segrega\u00e7\u00e3o racial vivenciada em Campinas, sua conex\u00e3o com o time de futebol Ponte Preta e a import\u00e2ncia da m\u00fasica e dan\u00e7a em sua forma\u00e7\u00e3o cultural.<\/p>\n<p>Mestra Sinh\u00e1 \u00e9 reconhecida como uma das figuras mais veneradas e ativas da cultura popular em Campinas. Al\u00e9m de ser cantora, compositora e dan\u00e7arina, ela cofundou o Grupo de Teatro e Dan\u00e7as Populares Urucungos Pu\u00edtas e Quijengues. Desde a d\u00e9cada de 1950, participa dos Bailes de Gala da Comunidade Negra e lan\u00e7ou seu primeiro \u00e1lbum, intitulado \u201cEu sou Sinh\u00e1\u201d, aos 80 anos.<\/p>\n<p>Nascida em uma fam\u00edlia de agricultores, Mestra Sinh\u00e1 tem se dedicado \u00e0 preserva\u00e7\u00e3o e promo\u00e7\u00e3o de manifesta\u00e7\u00f5es culturais como o Samba de Bumbo, Jongo, Coco e Maracatu. Seu trabalho foi reconhecido internacionalmente, com apresenta\u00e7\u00f5es em pa\u00edses como Nicar\u00e1gua e Irlanda. Sua gest\u00e3o como presidente do grupo Urucungos entre 2018 e 2021 foi marcada pela moderniza\u00e7\u00e3o das instala\u00e7\u00f5es da institui\u00e7\u00e3o.<\/p>\n<p>O projeto do livro recebe suporte do Programa de A\u00e7\u00e3o Cultural (PROAC) do Governo do Estado de S\u00e3o Paulo. Durante o evento de lan\u00e7amento, os interessados poder\u00e3o adquirir a obra por R$ 30,00. Reservas podem ser feitas atrav\u00e9s do WhatsApp pelo n\u00famero (19) 98106-6901.<\/p>\n<p> <\/p>\n<ul class=\"m-0 p-0\">\n<li class=\"mr-4 is-size-7\">Data: 19\/08\/2025 05:08<\/li>\n<li class=\"mr-4 is-size-7\">\n\t\t\t\t\t\t\t\t\t\tAlterado:19\/08\/2025 17:08\n\t\t\t\t\t\t\t\t\t<\/li>\n<li class=\"mr-4 is-size-7\"> Autor: Reda\u00e7\u00e3o <\/li>\n<li class=\"mr-4 is-size-7\">Fonte: PMC<\/li>\n<\/ul>\n<p>\t\t\t\t\t\t\t<img width=\"32\" height=\"32\" src=\"https:\/\/www.europesays.com\/pt\/wp-content\/uploads\/2025\/08\/good-feedback.png\" loading=\"lazy\" data-count-lazy=\"7\" fetchpriority=\"high\" decoding=\"async\" alt=\"RECOMENDADOS\"\/><\/p>\n","protected":false},"excerpt":{"rendered":"O Sal\u00e3o Vermelho da Prefeitura de Campinas ser\u00e1 o cen\u00e1rio do lan\u00e7amento do livro autobiogr\u00e1fico \u201cEstrela Bendita \u2013&hellip;\n","protected":false},"author":2,"featured_media":26332,"comment_status":"","ping_status":"","sticky":false,"template":"","format":"standard","meta":{"footnotes":""},"categories":[143],"tags":[169,114,115,170,32,33],"class_list":{"0":"post-36485","1":"post","2":"type-post","3":"status-publish","4":"format-standard","5":"has-post-thumbnail","7":"category-livros","8":"tag-books","9":"tag-entertainment","10":"tag-entretenimento","11":"tag-livros","12":"tag-portugal","13":"tag-pt"},"share_on_mastodon":{"url":"","error":""},"_links":{"self":[{"href":"https:\/\/www.europesays.com\/pt\/wp-json\/wp\/v2\/posts\/36485","targetHints":{"allow":["GET"]}}],"collection":[{"href":"https:\/\/www.europesays.com\/pt\/wp-json\/wp\/v2\/posts"}],"about":[{"href":"https:\/\/www.europesays.com\/pt\/wp-json\/wp\/v2\/types\/post"}],"author":[{"embeddable":true,"href":"https:\/\/www.europesays.com\/pt\/wp-json\/wp\/v2\/users\/2"}],"replies":[{"embeddable":true,"href":"https:\/\/www.europesays.com\/pt\/wp-json\/wp\/v2\/comments?post=36485"}],"version-history":[{"count":0,"href":"https:\/\/www.europesays.com\/pt\/wp-json\/wp\/v2\/posts\/36485\/revisions"}],"wp:featuredmedia":[{"embeddable":true,"href":"https:\/\/www.europesays.com\/pt\/wp-json\/wp\/v2\/media\/26332"}],"wp:attachment":[{"href":"https:\/\/www.europesays.com\/pt\/wp-json\/wp\/v2\/media?parent=36485"}],"wp:term":[{"taxonomy":"category","embeddable":true,"href":"https:\/\/www.europesays.com\/pt\/wp-json\/wp\/v2\/categories?post=36485"},{"taxonomy":"post_tag","embeddable":true,"href":"https:\/\/www.europesays.com\/pt\/wp-json\/wp\/v2\/tags?post=36485"}],"curies":[{"name":"wp","href":"https:\/\/api.w.org\/{rel}","templated":true}]}}