{"id":36488,"date":"2025-08-19T20:55:08","date_gmt":"2025-08-19T20:55:08","guid":{"rendered":"https:\/\/www.europesays.com\/pt\/36488\/"},"modified":"2025-08-19T20:55:08","modified_gmt":"2025-08-19T20:55:08","slug":"nova-vacina-pode-reduzir-recidiva-de-cancer-de-pancreas-e-intestino","status":"publish","type":"post","link":"https:\/\/www.europesays.com\/pt\/36488\/","title":{"rendered":"Nova vacina pode reduzir recidiva de c\u00e2ncer de p\u00e2ncreas e intestino"},"content":{"rendered":"\n<p class=\" content-text__container theme-color-primary-first-letter\" data-track-category=\"Link no Texto\" data-track-links=\"\"> Uma nova <a class=\"\" href=\"https:\/\/oglobo.globo.com\/tudo-sobre\/assunto\/vacina\" rel=\"nofollow noopener\" target=\"_blank\">vacina<\/a> que estimula o sistema imunol\u00f3gico a atacar uma das muta\u00e7\u00f5es mais comuns que causam <a class=\"\" href=\"https:\/\/oglobo.globo.com\/tudo-sobre\/assunto\/cancer\" rel=\"nofollow noopener\" target=\"_blank\">c\u00e2ncer<\/a> se mostrou promissora na preven\u00e7\u00e3o da recidiva de tumores de p\u00e2ncreas e intestino, de acordo com um teste cl\u00ednico inicial feito por pesquisadores da UCLA Health Jonsson Comprehensive Cancer Center e do hospital Memorial Sloan Kettering Cancer Center, em Nova York. Esses c\u00e2nceres est\u00e3o entre os mais desafiadores de tratar. <\/p>\n<ul class=\"content-unordered-list\">\n<li><strong>Luto:<\/strong><a class=\"\" href=\"https:\/\/oglobo.globo.com\/saude\/noticia\/2025\/08\/18\/enfermeira-revela-3-sinais-comuns-nas-ultimas-24-horas-antes-da-morte.ghtml\" rel=\"nofollow noopener\" target=\"_blank\"><strong> <\/strong>Os 3 sinais de que uma pessoa vive suas \u00faltimas 24 horas antes da morte, segundo enfermeira de cuidados paliativos<\/a><\/li>\n<li><strong>Conhe\u00e7a o m\u00e9todo 12-3-30: <\/strong><a class=\"\" href=\"https:\/\/oglobo.globo.com\/saude\/bem-estar\/noticia\/2025\/08\/18\/conheca-o-metodo-12-3-30-que-queima-mais-gordura-que-a-corrida.ghtml#OGLOBO-POST-TOP-24H-item,top-72h-filter,a18c0748-1e13-4b25-a549-ffc3d6d2c4b3\" rel=\"nofollow noopener\" target=\"_blank\"><strong>que queima mais gordura que a corrida<\/strong><\/a><\/li>\n<\/ul>\n<p class=\" content-text__container \" data-track-category=\"Link no Texto\" data-track-links=\"\"> O novo estudo, publicado na revista cient\u00edfica Nature Medicine, analisou a seguran\u00e7a e a efic\u00e1cia de uma vacina direcionada aos linfonodos, que tem como alvo as muta\u00e7\u00f5es do gene KRAS. Essas muta\u00e7\u00f5es s\u00e3o encontradas em cerca de 25% dos tumores s\u00f3lidos e causam cerca de 90% dos c\u00e2nceres de p\u00e2ncreas e 50% dos c\u00e2nceres colorretais. <\/p>\n<p class=\" content-text__container \" data-track-category=\"Link no Texto\" data-track-links=\"\"> &#8220;O c\u00e2ncer de p\u00e2ncreas \u00e9 uma das doen\u00e7as mais dif\u00edceis de tratar e, mesmo quando conseguimos retirar o tumor, o risco de ele voltar \u00e9 muito alto&#8221;, diz o oncologista Breno Jeha Ara\u00fajo, da Oncocl\u00ednicas, que n\u00e3o esteve envolvido no estudo, em comunicado. &#8220;O gene KRAS funciona como um condutor desses tumores. Uma vacina que treina o sistema imunol\u00f3gico para atacar c\u00e9lulas tumorais com essa muta\u00e7\u00e3o pode ser um divisor de \u00e1guas&#8221;. <\/p>\n<p class=\" content-text__container \" data-track-category=\"Link no Texto\" data-track-links=\"\"> Ao contr\u00e1rio de outros tratamentos contra o c\u00e2ncer &#8211; incluindo vacinas que est\u00e3o em desenvolvimento &#8211; que podem precisar ser personalizados para cada paciente com base em suas caracter\u00edsticas e muta\u00e7\u00f5es espec\u00edficas, a ELI-002 2P \u00e9 uma vacina &#8220;pronta para uso&#8221;. Ela foi projetada para ser um produto padronizado que pode estimular o sistema imunol\u00f3gico a reconhecer e atacar c\u00e9lulas cancer\u00edgenas de uma forma geral, sem a necessidade do processo demorado e complexo de criar uma vacina exclusiva para cada paciente. <\/p>\n<p class=\" content-text__container \" data-track-category=\"Link no Texto\" data-track-links=\"\"> &#8220;Ter uma vacina pronta para uso tornaria mais f\u00e1cil, r\u00e1pido e barato tratar um n\u00famero maior de pacientes&#8221;, afirma a m\u00e9dica oncologista e especialista em c\u00e2ncer de p\u00e2ncreas Eileen O\u2019Reilly, m\u00e9dica e uma das autoras do estudo. &#8220;Isso d\u00e1 esperan\u00e7a para pessoas com c\u00e2ncer de p\u00e2ncreas e colorretal que estavam sem tratamentos eficazes quando a doen\u00e7a retornar.&#8221; <\/p>\n<p class=\" content-text__container \" data-track-category=\"Link no Texto\" data-track-links=\"\"> A vacina foi testada em 25 pacientes &#8211; 20 com c\u00e2ncer de p\u00e2ncreas e 5 com c\u00e2ncer de intestino &#8211; que apresentavam a muta\u00e7\u00e3o KRAS. Todos j\u00e1 haviam passado por cirurgia e quimioterapia, mas ainda permaneciam com alto risco de recidiva, visto que possu\u00edam pequenas quantidades de c\u00e9lulas tumorais detectadas por exames de sangue, a chamada &#8220;doen\u00e7a residual m\u00ednima&#8221;. <\/p>\n<p class=\" content-text__container \" data-track-category=\"Link no Texto\" data-track-links=\"\"> &#8220;O direcionamento para o KRAS tem sido considerado h\u00e1 muito tempo um dos maiores desafios na terapia do c\u00e2ncer\u201d, diz Wainberg. &#8220;Este estudo mostra que a vacina ELI-002 2P pode treinar o sistema imunol\u00f3gico de forma segura e eficaz para reconhecer e combater muta\u00e7\u00f5es causadoras de c\u00e2ncer. Ela oferece uma abordagem promissora para gerar respostas imunol\u00f3gicas precisas e duradouras sem a complexidade ou o custo de vacinas totalmente personalizadas.\u201d <\/p>\n<p class=\" content-text__container \" data-track-category=\"Link no Texto\" data-track-links=\"\"> Cada paciente recebeu uma s\u00e9rie de inje\u00e7\u00f5es com ELI-002 2P, que usa uma tecnologia anfif\u00edlica desenvolvida pela Elicio Therapeutics que ajuda a transportar ant\u00edgenos diretamente para os g\u00e2nglios linf\u00e1ticos, onde as respostas imunol\u00f3gicas s\u00e3o ativadas. <\/p>\n<p class=\" content-text__container \" data-track-category=\"Link no Texto\" data-track-links=\"\"> Ap\u00f3s um acompanhamento de quase 20 meses de acompanhamento, cerca de dois ter\u00e7os dos pacientes apresentaram a resposta imune desejada, o que significa que as c\u00e9lulas T que tinham como alvo as c\u00e9lulas cancer\u00edgenas com muta\u00e7\u00e3o KRAS foram ativadas e aumentaram em n\u00famero e em tipo de c\u00e9lulas T, incluindo c\u00e9lulas T auxiliares CD4 e c\u00e9lulas T assassinas CD8. Talvez o achado mais significativo seja o fato de que os pacientes que apresentaram maior resposta de c\u00e9lulas T viveram mais e tamb\u00e9m apresentaram um per\u00edodo maior sem retorno da doen\u00e7a, conhecido como sobrevida livre de recidiva. <\/p>\n<p class=\" content-text__container \" data-track-category=\"Link no Texto\" data-track-links=\"\"> A sobrevida global m\u00e9dia foi de quase 29 meses ap\u00f3s a vacina\u00e7\u00e3o, e a sobrevida livre de recidiva m\u00e9dia foi de mais de 15 meses. Ambos os fatores excedem a dura\u00e7\u00e3o m\u00e9dia esperada para pacientes com a doen\u00e7a. <\/p>\n<p class=\" content-text__container \" data-track-category=\"Link no Texto\" data-track-links=\"\"> &#8220;Este \u00e9 um avan\u00e7o empolgante para pacientes com c\u00e2nceres induzidos por KRAS, particularmente c\u00e2ncer de p\u00e2ncreas, onde a recorr\u00eancia ap\u00f3s o tratamento padr\u00e3o \u00e9 quase certa e as terapias eficazes s\u00e3o limitadas&#8221;, diz o primeiro autor do estudo, o m\u00e9dico Zev Wainberg, professor de medicina na Escola de Medicina David Geffen da UCLA e pesquisador do UCLA Health Jonsson Comprehensive Cancer Center, em comunicado. &#8220;Observamos que os pacientes que desenvolveram fortes respostas imunol\u00f3gicas \u00e0 vacina permaneceram livres da doen\u00e7a e sobreviveram por muito mais tempo do que o esperado.&#8221; <\/p>\n<p class=\" content-text__container \" data-track-category=\"Link no Texto\" data-track-links=\"\"> Embora os resultados sejam positivos, os pesquisadores lembram que este \u00e9 um estudo inicial e que novas fases, com mais participantes, ser\u00e3o necess\u00e1rias para confirmar a efic\u00e1cia e a seguran\u00e7a da vacina. Uma nova vers\u00e3o da vacina j\u00e1 est\u00e1 em avalia\u00e7\u00e3o em estudos internacionais. A equipe concluiu o recrutamento para um estudo de Fase 2 mais amplo da ELI-002 7P, uma vers\u00e3o de pr\u00f3xima gera\u00e7\u00e3o da vacina que tem como alvo um conjunto mais amplo de muta\u00e7\u00f5es do KRAS. <\/p>\n","protected":false},"excerpt":{"rendered":"Uma nova vacina que estimula o sistema imunol\u00f3gico a atacar uma das muta\u00e7\u00f5es mais comuns que causam c\u00e2ncer&hellip;\n","protected":false},"author":2,"featured_media":36489,"comment_status":"","ping_status":"","sticky":false,"template":"","format":"standard","meta":{"footnotes":""},"categories":[86],"tags":[1776,11349,319,116,32,33,117,1333],"class_list":{"0":"post-36488","1":"post","2":"type-post","3":"status-publish","4":"format-standard","5":"has-post-thumbnail","7":"category-saude","8":"tag-cancer","9":"tag-cancer-de-colon","10":"tag-hard-news","11":"tag-health","12":"tag-portugal","13":"tag-pt","14":"tag-saude","15":"tag-vacina"},"share_on_mastodon":{"url":"","error":""},"_links":{"self":[{"href":"https:\/\/www.europesays.com\/pt\/wp-json\/wp\/v2\/posts\/36488","targetHints":{"allow":["GET"]}}],"collection":[{"href":"https:\/\/www.europesays.com\/pt\/wp-json\/wp\/v2\/posts"}],"about":[{"href":"https:\/\/www.europesays.com\/pt\/wp-json\/wp\/v2\/types\/post"}],"author":[{"embeddable":true,"href":"https:\/\/www.europesays.com\/pt\/wp-json\/wp\/v2\/users\/2"}],"replies":[{"embeddable":true,"href":"https:\/\/www.europesays.com\/pt\/wp-json\/wp\/v2\/comments?post=36488"}],"version-history":[{"count":0,"href":"https:\/\/www.europesays.com\/pt\/wp-json\/wp\/v2\/posts\/36488\/revisions"}],"wp:featuredmedia":[{"embeddable":true,"href":"https:\/\/www.europesays.com\/pt\/wp-json\/wp\/v2\/media\/36489"}],"wp:attachment":[{"href":"https:\/\/www.europesays.com\/pt\/wp-json\/wp\/v2\/media?parent=36488"}],"wp:term":[{"taxonomy":"category","embeddable":true,"href":"https:\/\/www.europesays.com\/pt\/wp-json\/wp\/v2\/categories?post=36488"},{"taxonomy":"post_tag","embeddable":true,"href":"https:\/\/www.europesays.com\/pt\/wp-json\/wp\/v2\/tags?post=36488"}],"curies":[{"name":"wp","href":"https:\/\/api.w.org\/{rel}","templated":true}]}}