{"id":36496,"date":"2025-08-19T21:04:36","date_gmt":"2025-08-19T21:04:36","guid":{"rendered":"https:\/\/www.europesays.com\/pt\/36496\/"},"modified":"2025-08-19T21:04:36","modified_gmt":"2025-08-19T21:04:36","slug":"livro-reune-cronicas-de-grandes-nomes-da-literatura-brasileira-que-colaboraram-com-o-globo-ao-longo-do-ultimo-seculo","status":"publish","type":"post","link":"https:\/\/www.europesays.com\/pt\/36496\/","title":{"rendered":"Livro re\u00fane cr\u00f4nicas de grandes nomes da literatura brasileira que colaboraram com o GLOBO ao longo do \u00faltimo s\u00e9culo"},"content":{"rendered":"\n<p class=\" content-text__container theme-color-primary-first-letter\" data-track-category=\"Link no Texto\" data-track-links=\"\"> Em 17 de abril de 1961, <a class=\"\" href=\"https:\/\/oglobo.globo.com\/100-anos\/noticia\/2025\/07\/31\/rubem-braga-no-globo-leia-uma-cronica-do-escritor.ghtml\" rel=\"nofollow noopener\" target=\"_blank\">Rubem Braga <\/a>denunciou no GLOBO um \u201ccrime de morte\u201d a que assistira da varanda. A v\u00edtima, que \u201cdevia ter vinte ou vinte e cinco anos\u201d, era uma \u201cbela \u00e1rvore de copa redonda, no terreno junto \u00e0 praia, onde havia antes uma casinha verde\u201d. Inconformado, ele lamentou n\u00e3o ser b\u00eabado ou louco o suficiente para protestar nem \u201cum grande rei para castigar o crime e salvar uma \u00e1rvore junto ao mar\u201d. Entre 1959 e 1961, o capixaba assinou a coluna \u201cA cr\u00f4nica de Rubem Braga\u201d, onde esbanjava o lirismo, o bom humor e olhar atencioso \u00e0s miudezas da vida que lhe renderam o apelido de \u201csabi\u00e1 da cr\u00f4nica\u201d. <\/p>\n<ul class=\"content-unordered-list\">\n<li><strong>Confira trechos exclusivos:<\/strong><a class=\"\" href=\"https:\/\/oglobo.globo.com\/cultura\/noticia\/2025\/08\/17\/a-hora-da-estrela-e-a-primeira-obra-de-clarice-lispector-adaptada-para-os-quadrinhos-confira-trechos-exclusivos.ghtml\" rel=\"nofollow noopener\" target=\"_blank\"> &#8216;A hora da estrela&#8217; \u00e9 a primeira obra de Clarice Lispector adaptada para os quadrinhos<\/a><\/li>\n<li><strong>Sandro Veronesi:<\/strong> <a class=\"\" href=\"https:\/\/oglobo.globo.com\/cultura\/noticia\/2025\/07\/31\/a-familia-e-uma-zona-de-guerra-diz-sandro-veronesi-autor-de-o-colibri-e-atracao-da-flip.ghtml\" rel=\"nofollow noopener\" target=\"_blank\">&#8216;A fam\u00edlia \u00e9 uma zona de guerra&#8217;, diz autor de &#8216;O colibri&#8217;<\/a><\/li>\n<\/ul>\n<p class=\" content-text__container \" data-track-category=\"Link no Texto\" data-track-links=\"\"> Intitulada \u201cA \u00e1rvore\u201d, a den\u00fancia de Rubem Braga brilha na antologia \u201cUm s\u00e9culo em cem cr\u00f4nicas\u201d, que re\u00fane textos de 32 campe\u00f5es da prosa nacional que escreveram para o GLOBO, de <a class=\"\" href=\"https:\/\/oglobo.globo.com\/100-anos\/noticia\/2025\/07\/31\/joao-ubaldo-ribeiro-no-globo-leia-uma-cronica-do-escritor.ghtml\" rel=\"nofollow noopener\" target=\"_blank\">Jo\u00e3o Ubaldo Ribeiro<\/a> a <a class=\"\" href=\"https:\/\/oglobo.globo.com\/100-anos\/noticia\/2025\/07\/30\/jo-soares-no-globo-leia-uma-cronica-do-apresentador-e-humorista.ghtml\" rel=\"nofollow noopener\" target=\"_blank\">J\u00f4 Soares<\/a>, de <a class=\"\" href=\"https:\/\/oglobo.globo.com\/100-anos\/noticia\/2025\/07\/27\/nelson-rodrigues-no-globo-leia-duas-cronicas-do-jornalista-e-dramaturgo.ghtml\" rel=\"nofollow noopener\" target=\"_blank\">Nelson Rodrigues <\/a>a <a class=\"\" href=\"https:\/\/oglobo.globo.com\/100-anos\/noticia\/2025\/08\/01\/fernanda-young-no-globo-leia-uma-cronica-da-roteirista-escritora-e-apresentadora.ghtml\" rel=\"nofollow noopener\" target=\"_blank\">Fernanda Young<\/a> (todos eles transformados em caricaturas por Paulo Cavalcante). Organizado pela editora <a class=\"\" href=\"https:\/\/oglobo.globo.com\/100-anos\/noticia\/2025\/07\/27\/a-cronica-no-globo-100-anos-de-textos-que-viraram-literatura.ghtml\" rel=\"nofollow noopener\" target=\"_blank\">Maria Am\u00e9lia Mello<\/a> e pela historiadora Cl\u00e1udia Mesquita, o livro \u00e9 parte das celebra\u00e7\u00f5es do centen\u00e1rio do jornal e ser\u00e1 lan\u00e7ado amanh\u00e3, \u00e0s 19h, na Livraria Travessa do Leblon, no Rio. <\/p>\n<p class=\" content-text__container \" data-track-category=\"Link no Texto\" data-track-links=\"\"> \u2014 Poucos jornais deram tanto espa\u00e7o aos cronistas como o GLOBO, e o livro mostra isso. \u00c9 uma sele\u00e7\u00e3o de craques, jogando do jeito que a fun\u00e7\u00e3o exige, cada um ao seu modo. O sentimentalismo do <a class=\"\" href=\"https:\/\/oglobo.globo.com\/100-anos\/noticia\/2025\/08\/01\/antonio-maria-no-globo-leia-uma-cronica-do-compositor-e-cronista.ghtml\" rel=\"nofollow noopener\" target=\"_blank\">Antonio Maria<\/a>, a autoironia do Rubem Braga, a Zona Norte do<a class=\"\" href=\"https:\/\/oglobo.globo.com\/100-anos\/noticia\/2025\/07\/31\/aldir-blanc-no-globo-leia-uma-cronica-do-letrista-e-escritor.ghtml\" rel=\"nofollow noopener\" target=\"_blank\"> Aldir Blanc<\/a>, as mem\u00f3rias do Mauro Rasi, a delicadeza do approach feminino de <a class=\"\" href=\"https:\/\/oglobo.globo.com\/100-anos\/noticia\/2025\/07\/27\/elsie-lessa-no-globo-leia-uma-cronica-da-jornalista-e-tradutora.ghtml\" rel=\"nofollow noopener\" target=\"_blank\">Elsie Lessa<\/a>, <a class=\"\" href=\"https:\/\/oglobo.globo.com\/100-anos\/noticia\/2025\/07\/27\/a-ultima-coisa-que-desaparece-no-homem-e-o-erotico-disse-carlos-drummond-de-andrade-em-1984.ghtml\" rel=\"nofollow noopener\" target=\"_blank\">Maria Julieta Drummond de Andrade<\/a>, <a class=\"\" href=\"https:\/\/oglobo.globo.com\/100-anos\/noticia\/2025\/07\/30\/marisa-raja-gabaglia-no-globo-leia-uma-cronica-da-jornalista-atriz-e-escritora.ghtml\" rel=\"nofollow noopener\" target=\"_blank\">Marisa Raja Gabaglia<\/a>, <a class=\"\" href=\"https:\/\/oglobo.globo.com\/100-anos\/noticia\/2025\/07\/31\/danuza-leao-no-globo-leia-uma-cronica-da-jornalista-e-escritora.ghtml\" rel=\"nofollow noopener\" target=\"_blank\">Danuza Le\u00e3o<\/a> e Fernanda Young \u2014 descreve o cronista do GLOBO <a class=\"\" href=\"https:\/\/oglobo.globo.com\/cultura\/joaquim-ferreira-dos-santos\/\" rel=\"nofollow noopener\" target=\"_blank\">Joaquim Ferreira dos Santos<\/a>, que assina o pref\u00e1cio do livro e conversa com as organizadoras no lan\u00e7amento. \u2014 O principal mandamento do cronista \u00e9 ir na contram\u00e3o da objetividade do resto do jornal e abusar da subjetividade. A cr\u00f4nica \u00e9 o imp\u00e9rio do eu; mas, por favor, exiba o umbigo com estilo. <\/p>\n<p class=\" content-text__container \" data-track-category=\"Link no Texto\" data-track-links=\"\"> A centena de textos que comp\u00f5e o livro est\u00e1 disposta cronologicamente. No primeiro, \u201cSmoking banhado de sol\u201d, de 1935, Henrique Pongetti descreve como o Sol (\u201cp\u00f3 do ouro que todos esperam\u201d) saudou quem havia varado a noite no r\u00e9veillon do Copacabana Palace. No \u00faltimo, \u201cAs mesmas palavras para dizer outra coisa\u201d, datado de junho de 2024, <a class=\"\" href=\"https:\/\/oglobo.globo.com\/100-anos\/noticia\/2025\/08\/01\/caca-diegues-no-globo-leia-uma-cronica-do-cineasta-e-escritor.ghtml\" rel=\"nofollow noopener\" target=\"_blank\">Cac\u00e1 Diegues<\/a> conta que escreveu o roteiro de \u201cJoana Francesa\u201d inspirado nas hist\u00f3rias do av\u00f4. <\/p>\n<ul class=\"content-unordered-list\">\n<li><strong>&#8216;Escrevo seu nome no arroz&#8217;: <\/strong><a class=\"\" href=\"https:\/\/oglobo.globo.com\/cultura\/noticia\/2025\/08\/18\/escrevo-seu-nome-no-arroz-bravura-e-insanidade-sao-postas-a-mesa-em-romance-que-investiga-misterios-da-finitude-humana.ghtml\" rel=\"nofollow noopener\" target=\"_blank\">Bravura e insanidade s\u00e3o postas \u00e0 mesa em romance que investiga mist\u00e9rios da finitude humana<\/a><\/li>\n<\/ul>\n<p class=\" content-text__container \" data-track-category=\"Link no Texto\" data-track-links=\"\"> \u2014 O crit\u00e9rio que n\u00f3s estabelecemos para escolher as cr\u00f4nicas foi o prazer da leitura. Ao cronista, tudo \u00e9 permitido, menos entediar o leitor \u2014 afirma Maria Am\u00e9lia Mello, ressaltando o frescor que os textos mant\u00eam mesmo d\u00e9cadas depois de escritos. \u2014 As boas cr\u00f4nicas adormecem no jornal e amanhecem nos livros. <\/p>\n<p class=\" content-text__container \" data-track-category=\"Link no Texto\" data-track-links=\"\"> A antologia ressalta tanto nomes da chamada <a class=\"\" href=\"https:\/\/oglobo.globo.com\/cultura\/livros\/tres-novas-antologias-revivem-era-de-ouro-da-cronica-dos-sabias-de-rubem-braga-antonio-maria-25276536\" rel=\"nofollow noopener\" target=\"_blank\">era de ouro da cr\u00f4nica brasileira<\/a>, que prosperou entre os anos 1940 e 1960 e consagrou nomes como <a class=\"\" href=\"https:\/\/oglobo.globo.com\/100-anos\/noticia\/2025\/07\/31\/fernando-sabino-no-globo-leia-uma-cronica-do-escritor.ghtml\" rel=\"nofollow noopener\" target=\"_blank\">Fernando Sabino<\/a>, Otto Lara Resende e Ant\u00f4nio Maria, como autores mais associados a outros g\u00eaneros liter\u00e1rios, como Or\u00edgenes Lessa, mais conhecido por sua obra infantojuvenil, e o poeta amaz\u00f4nico Thiago de Mello. <a class=\"\" href=\"https:\/\/oglobo.globo.com\/100-anos\/noticia\/2025\/07\/27\/guimaraes-rosa-no-globo-leia-uma-cronica-do-escritor.ghtml\" rel=\"nofollow noopener\" target=\"_blank\">Guimar\u00e3es Rosa<\/a> tamb\u00e9m publicou cr\u00f4nicas no GLOBO. Durante o ano de 1961, assinou a coluna \u201cGuimar\u00e3es Rosa conta\u201d, onde surgiram textos depois reaproveitados nos livros \u201cPrimeiras hist\u00f3rias\u201d e \u201cAve, palavra\u201d. <\/p>\n<p class=\" content-text__container \" data-track-category=\"Link no Texto\" data-track-links=\"\"> Alguns autores, lembra Cl\u00e1udia Mesquita, come\u00e7aram no jornal como cr\u00edticos de cinema (como Henrique Pongetti e <a class=\"\" href=\"https:\/\/oglobo.globo.com\/cultura\/livros\/jose-lins-do-rego-ressurge-como-cronista-cosmopolita-em-seu-aniversario-de-120-anos-1-25044978\" rel=\"nofollow noopener\" target=\"_blank\">Jos\u00e9 Lins do Rego<\/a>) ou de m\u00fasica (caso de S\u00e9rgio Cabral). Mas a cr\u00edtica \u201cera s\u00f3 um pretexto para fazer literatura\u201d, diz ela. <\/p>\n<p class=\" content-text__container \" data-track-category=\"Link no Texto\" data-track-links=\"\"> Cinco dos 32 cronistas da colet\u00e2nea s\u00e3o mulheres: Elsie Lessa, Maria Julieta Drummond de Andrade, Marisa Raja Gabaglia, Danuza Le\u00e3o e Fernanda Young. A primeira foi a colunista mais longeva do jornal: assinou a \u201cGlobetrotter\u201d ininterruptamente de 1952 a 2000. Nos anos 1970, a irreverente Marisa Raja Gabaglia se consagrou como a cronista da contracultura no Rio de Janeiro. <\/p>\n<p class=\" content-text__container \" data-track-category=\"Link no Texto\" data-track-links=\"\"> O que n\u00e3o falta no volume s\u00e3o exemplos da \u201ccr\u00f4nica carioca\u201d, dos botequins suburbanos cantados por Aldir Blanc \u00e0 Copacabana que <a class=\"\" href=\"https:\/\/oglobo.globo.com\/cultura\/artigo-antonio-callado-um-escritor-contra-omissao-24847273\" rel=\"nofollow noopener\" target=\"_blank\">Antonio Callado <\/a>chamou de \u201cadmir\u00e1vel oficina de corpos empenhados na destrui\u00e7\u00e3o dos c\u00e2nones da beleza antiga, zona pag\u00e3 comprimida entre o mar e o azulejo\u201d. Os cronistas davam tanta not\u00edcia do Rio quanto os rep\u00f3rteres do jornal. <\/p>\n<p class=\" content-text__container \" data-track-category=\"Link no Texto\" data-track-links=\"\"> \u2014 As cr\u00f4nicas contam a hist\u00f3ria da cidade, mas sem discursar, sem se prender ao monumental dos fatos \u2014 diz Joaquim Ferreira dos Santos, acrescentando que \u201ca vida do cronista no Rio de Janeiro j\u00e1 foi mais f\u00e1cil. \u2014 Os pioneiros sa\u00edam das reda\u00e7\u00f5es, no Centro, e depois de meia hora batendo perna voltavam \u00e0 m\u00e1quina de escrever com algum tema: um modismo, um encontro, uma cena num caf\u00e9, uma conversa entreouvida. Passear hoje pelo Rio em busca de assunto pode levar o cronista para as p\u00e1ginas policiais, correndo atr\u00e1s de ladr\u00e3o de celular ou atropelado por uma bicicleta el\u00e9trica. <\/p>\n","protected":false},"excerpt":{"rendered":"Em 17 de abril de 1961, Rubem Braga denunciou no GLOBO um \u201ccrime de morte\u201d a que assistira&hellip;\n","protected":false},"author":2,"featured_media":36497,"comment_status":"","ping_status":"","sticky":false,"template":"","format":"standard","meta":{"footnotes":""},"categories":[143],"tags":[169,114,115,170,32,33],"class_list":{"0":"post-36496","1":"post","2":"type-post","3":"status-publish","4":"format-standard","5":"has-post-thumbnail","7":"category-livros","8":"tag-books","9":"tag-entertainment","10":"tag-entretenimento","11":"tag-livros","12":"tag-portugal","13":"tag-pt"},"share_on_mastodon":{"url":"","error":""},"_links":{"self":[{"href":"https:\/\/www.europesays.com\/pt\/wp-json\/wp\/v2\/posts\/36496","targetHints":{"allow":["GET"]}}],"collection":[{"href":"https:\/\/www.europesays.com\/pt\/wp-json\/wp\/v2\/posts"}],"about":[{"href":"https:\/\/www.europesays.com\/pt\/wp-json\/wp\/v2\/types\/post"}],"author":[{"embeddable":true,"href":"https:\/\/www.europesays.com\/pt\/wp-json\/wp\/v2\/users\/2"}],"replies":[{"embeddable":true,"href":"https:\/\/www.europesays.com\/pt\/wp-json\/wp\/v2\/comments?post=36496"}],"version-history":[{"count":0,"href":"https:\/\/www.europesays.com\/pt\/wp-json\/wp\/v2\/posts\/36496\/revisions"}],"wp:featuredmedia":[{"embeddable":true,"href":"https:\/\/www.europesays.com\/pt\/wp-json\/wp\/v2\/media\/36497"}],"wp:attachment":[{"href":"https:\/\/www.europesays.com\/pt\/wp-json\/wp\/v2\/media?parent=36496"}],"wp:term":[{"taxonomy":"category","embeddable":true,"href":"https:\/\/www.europesays.com\/pt\/wp-json\/wp\/v2\/categories?post=36496"},{"taxonomy":"post_tag","embeddable":true,"href":"https:\/\/www.europesays.com\/pt\/wp-json\/wp\/v2\/tags?post=36496"}],"curies":[{"name":"wp","href":"https:\/\/api.w.org\/{rel}","templated":true}]}}