{"id":365001,"date":"2026-05-01T15:03:31","date_gmt":"2026-05-01T15:03:31","guid":{"rendered":"https:\/\/www.europesays.com\/pt\/365001\/"},"modified":"2026-05-01T15:03:31","modified_gmt":"2026-05-01T15:03:31","slug":"astronauta-converteu-se-a-cristianismo-depois-da-artemis-ii-observador","status":"publish","type":"post","link":"https:\/\/www.europesays.com\/pt\/365001\/","title":{"rendered":"Astronauta converteu-se a cristianismo depois da Artemis II? \u2013 Observador"},"content":{"rendered":"<p>Circulam rumores nas redes sociais de que Reid Wiseman, astronauta norte-americano que integrou a miss\u00e3o Artemis II, converteu-se ao cristianismo na sequ\u00eancia dessa viagem \u00e0 Lua. A publica\u00e7\u00e3o que tem sido partilhada indica que Wiseman ter\u00e1 afirmado que teve uma vis\u00e3o \u201cda cruz\u201d quando regressou a terra, deixando de ser ateu.<\/p>\n<p>        <img src=\"https:\/\/www.europesays.com\/pt\/wp-content\/uploads\/2026\/05\/fc-abril.jpg\" alt=\"\" loading=\"lazy\" decoding=\"async\" class=\"alignnone\" onload=\"this.parentElement.classList.remove('spinner')\" onerror=\"this.parentElement.classList.remove('spinner')\" width=\"538\" height=\"399\"\/>    <\/p>\n<p>Na <a href=\"https:\/\/www.c-span.org\/program\/news-conference\/artemis-ii-astronauts-hold-first-news-conference-since-return-to-earth\/677350\" rel=\"nofollow noopener\" target=\"_blank\">confer\u00eancia de imprensa<\/a> realizada posteriormente \u00e0 miss\u00e3o, os quatro astronautas explicaram, durante perto de uma hora, a experi\u00eancia que tiveram nesta que foi a primeira viagem \u00e0 lua em mais de 50 anos. Aproximadamente ao minuto 10, Reid Wiseman explica o que sentiu no momento em que chegou a terra. Esta foi a afirma\u00e7\u00e3o completa:<br \/>\u201cO que eu posso fazer \u00e9 partilhar uma breve hist\u00f3ria de quando voltei para o navio. <strong>Eu n\u00e3o sou, de facto, uma pessoa religiosa<\/strong>, mas n\u00e3o havia outra forma de explicar o que vivenciei, ent\u00e3o pedi ao capel\u00e3o do navio da Marinha para nos visitar por um minuto. E quando aquele homem entrou \u2014 eu nunca o tinha visto antes na minha vida \u2014 vi a cruz no colarinho dele e simplesmente comecei a chorar. \u00c9 muito dif\u00edcil compreender totalmente o que acabamos de passar\u201d.<\/p>\n<p>O astronauta conclui dizendo que, durante a viagem, quando o sol se eclipsou atr\u00e1s da lua, a equipa que seguia na c\u00e1psula Orion teve uma experi\u00eancia \u00fanica que dificilmente um ser humano comum consegue imaginar: \u201cFoi de outro mundo, foi incr\u00edvel\u201d, remata. Mas em nenhum momento Reid Wiseman admitiu qualquer convers\u00e3o ao cristianismo ou a outra religi\u00e3o. Pelo contr\u00e1rio: assume que, de facto, o que teve oportunidade de ver durante a miss\u00e3o \u00e9 avassalador e \u00fanico, \u201cdif\u00edcil de explicar\u201d, ao mesmo tempo que admite que n\u00e3o \u00e9 religioso.<\/p>\n<p>O Observador questionou a NASA sobre as alega\u00e7\u00f5es partilhadas nas redes sociais. Em resposta, a ag\u00eancia espacial norte-americana remete para as declara\u00e7\u00f5es de Reid Wiseman na confer\u00eancia de imprensa acima mencionada, em que o astronauta nega ser religioso. A publica\u00e7\u00e3o \u00e9, portanto, falsa.<\/p>\n<p><strong>Conclus\u00e3o:<\/strong><\/p>\n<p>\u00c9 mentira que Reid Wiseman tenha dito que se converteu ao Cristianismo na sequ\u00eancia na miss\u00e3o Artemis II. O astronauta negou, ali\u00e1s, qualquer liga\u00e7\u00e3o com a religi\u00e3o, apesar de enaltecer a grandiosidade da experi\u00eancia que teve oportunidade de vivenciar.<\/p>\n<p>Assim, de acordo com o\u00a0sistema de classifica\u00e7\u00e3o do Observador, este conte\u00fado \u00e9:<\/p>\n<p><strong>ERRADO<\/strong><\/p>\n<p>No\u00a0sistema de classifica\u00e7\u00e3o do\u00a0Facebook, este conte\u00fado \u00e9:<\/p>\n<p><strong>FALSO<\/strong>:\u00a0As principais alega\u00e7\u00f5es do conte\u00fado s\u00e3o factualmente imprecisas. Geralmente, esta op\u00e7\u00e3o corresponde \u00e0s classifica\u00e7\u00f5es \u201cfalso\u201d ou \u201cmaioritariamente falso\u201d nos sites de verificadores de factos.<\/p>\n<p><strong>NOTA: este conte\u00fado foi selecionado pelo Observador no \u00e2mbito de uma parceria de fact checking com o Facebook.<\/strong><\/p>\n<p>\n                <a href=\"https:\/\/ifcncodeofprinciples.poynter.org\/profile\/observador-fact-check\" title=\"O Observador \u00e9 membro do IFCN\" target=\"_blank\" rel=\"nofollow noopener\"><br \/>\n                    <img decoding=\"async\" src=\"https:\/\/www.europesays.com\/pt\/wp-content\/uploads\/2025\/08\/77110938-3E82-34EE-7F24-CCAB079FBA5E.png\" style=\"height: 140px;\" alt=\"IFCN Badge\"\/><br \/>\n                <\/a>\n            <\/p>\n","protected":false},"excerpt":{"rendered":"Circulam rumores nas redes sociais de que Reid Wiseman, astronauta norte-americano que integrou a miss\u00e3o Artemis II, converteu-se&hellip;\n","protected":false},"author":2,"featured_media":26675,"comment_status":"","ping_status":"","sticky":false,"template":"","format":"standard","meta":{"footnotes":"","_share_on_mastodon":"0"},"categories":[85],"tags":[624,443,442,114,115,441,623,7316,2179,62,861,32,33,313,58],"class_list":["post-365001","post","type-post","status-publish","format-standard","has-post-thumbnail","category-entretenimento","tag-amu00e9rica","tag-astronomia","tag-ciu00eancia","tag-entertainment","tag-entretenimento","tag-espau00e7o","tag-estados-unidos-da-amu00e9rica","tag-fact-check","tag-lua","tag-mundo","tag-observador","tag-portugal","tag-pt","tag-religiu00e3o","tag-sociedade"],"share_on_mastodon":{"url":"https:\/\/pubeurope.com\/@pt\/116499933294170819","error":""},"_links":{"self":[{"href":"https:\/\/www.europesays.com\/pt\/wp-json\/wp\/v2\/posts\/365001","targetHints":{"allow":["GET"]}}],"collection":[{"href":"https:\/\/www.europesays.com\/pt\/wp-json\/wp\/v2\/posts"}],"about":[{"href":"https:\/\/www.europesays.com\/pt\/wp-json\/wp\/v2\/types\/post"}],"author":[{"embeddable":true,"href":"https:\/\/www.europesays.com\/pt\/wp-json\/wp\/v2\/users\/2"}],"replies":[{"embeddable":true,"href":"https:\/\/www.europesays.com\/pt\/wp-json\/wp\/v2\/comments?post=365001"}],"version-history":[{"count":0,"href":"https:\/\/www.europesays.com\/pt\/wp-json\/wp\/v2\/posts\/365001\/revisions"}],"wp:featuredmedia":[{"embeddable":true,"href":"https:\/\/www.europesays.com\/pt\/wp-json\/wp\/v2\/media\/26675"}],"wp:attachment":[{"href":"https:\/\/www.europesays.com\/pt\/wp-json\/wp\/v2\/media?parent=365001"}],"wp:term":[{"taxonomy":"category","embeddable":true,"href":"https:\/\/www.europesays.com\/pt\/wp-json\/wp\/v2\/categories?post=365001"},{"taxonomy":"post_tag","embeddable":true,"href":"https:\/\/www.europesays.com\/pt\/wp-json\/wp\/v2\/tags?post=365001"}],"curies":[{"name":"wp","href":"https:\/\/api.w.org\/{rel}","templated":true}]}}