{"id":36507,"date":"2025-08-19T21:13:09","date_gmt":"2025-08-19T21:13:09","guid":{"rendered":"https:\/\/www.europesays.com\/pt\/36507\/"},"modified":"2025-08-19T21:13:09","modified_gmt":"2025-08-19T21:13:09","slug":"e-foi-numa-chamada-telefonica-com-uma-tv-que-trump-desfez-as-duvidas-sobre-o-envio-de-tropas-para-a-ucrania","status":"publish","type":"post","link":"https:\/\/www.europesays.com\/pt\/36507\/","title":{"rendered":"E foi numa chamada telef\u00f3nica com uma TV que Trump desfez as d\u00favidas sobre o envio de tropas para a Ucr\u00e2nia"},"content":{"rendered":"<p>\t                Primeiro n\u00e3o descartou nada, agora descarta tudo<\/p>\n<p>Trump descarta enviar tropas americanas para impor potencial acordo de paz na Ucr\u00e2nia<\/p>\n<p>por\u00a0<strong>Alayna Treene<\/strong> e <strong>Kevin Liptak<\/strong>, CNN<\/p>\n<p>O presidente Donald Trump descartou enviar tropas americanas para ajudar a fazer cumprir um poss\u00edvel acordo de paz na Ucr\u00e2nia, <a href=\"https:\/\/cnnportugal.iol.pt\/reuniao-casa-branca-lideres\/guerra-na-ucrania-zelensky-trump\/porque-e-uma-mudanca-significativa-o-facto-de-trump-nao-descartar-o-enviar-de-tropas-para-a-ucrania\/20250721\/68a3a5f4d34e3f0baea1c0cc\" target=\"_blank\" rel=\"nofollow noopener\">apesar de segunda-feira ter se mostrado aberto \u00e0 ideia<\/a>.<\/p>\n<p>Numa entrevista por telefone \u00e0 Fox News esta ter\u00e7a-feira de manh\u00e3, Trump foi questionado: &#8220;Que tipo de garantias o senhor acha que tem, daqui para a frente, ap\u00f3s o fim do seu mandato, de que n\u00e3o ser\u00e3o tropas americanas a defender a fronteira da Ucr\u00e2nia?&#8221;<\/p>\n<p>&#8220;Bem, tem a minha garantia, e eu sou o presidente&#8221;, respondeu Trump.<\/p>\n<p>Um funcion\u00e1rio da Casa Branca confirmou na ter\u00e7a-feira que Trump \u00e9 &#8220;enf\u00e1tico&#8221; quanto a n\u00e3o enviar tropas americanas para proteger a Ucr\u00e2nia. Mas essa mesma fonte acrescentou que h\u00e1 outras maneiras de os EUA garantirem a prote\u00e7\u00e3o de Kiev.<\/p>\n<p>O funcion\u00e1rio acrescentou que as conversas sobre compromissos em mat\u00e9ria de garantias de seguran\u00e7a est\u00e3o em curso e que os pormenores sobre como isso se concretizar\u00e1 continuar\u00e3o a ser objeto de negocia\u00e7\u00f5es entre os EUA, os seus aliados europeus e a Ucr\u00e2nia. Os l\u00edderes estrangeiros querem saber que recursos Trump ir\u00e1 ceder para garantir que, uma vez alcan\u00e7ado um potencial acordo de paz, a R\u00fassia n\u00e3o seja capaz de se reorganizar e ir atr\u00e1s de mais territ\u00f3rio no futuro.<\/p>\n<p>Trump disse na segunda-feira que ainda acredita que os pa\u00edses europeus s\u00e3o a &#8220;primeira linha de defesa&#8221; quando se trata da agress\u00e3o russa na Ucr\u00e2nia, mas que os EUA estar\u00e3o envolvidos na ajuda \u00e0 seguran\u00e7a da regi\u00e3o.<\/p>\n","protected":false},"excerpt":{"rendered":"Primeiro n\u00e3o descartou nada, agora descarta tudo Trump descarta enviar tropas americanas para impor potencial acordo de paz&hellip;\n","protected":false},"author":2,"featured_media":36508,"comment_status":"","ping_status":"","sticky":false,"template":"","format":"standard","meta":{"footnotes":""},"categories":[50],"tags":[609,11354,836,611,27,28,607,608,333,832,604,135,610,92,476,7618,15,16,301,830,14,603,25,26,570,21,22,831,833,62,834,12,13,19,20,835,602,52,32,23,24,839,17,18,11353,840,29,30,31,63,64,65],"class_list":{"0":"post-36507","1":"post","2":"type-post","3":"status-publish","4":"format-standard","5":"has-post-thumbnail","7":"category-mundo","8":"tag-alerta","9":"tag-americanos","10":"tag-analise","11":"tag-ao-minuto","12":"tag-breaking-news","13":"tag-breakingnews","14":"tag-cnn","15":"tag-cnn-portugal","16":"tag-comentadores","17":"tag-costa","18":"tag-crime","19":"tag-desporto","20":"tag-direto","21":"tag-donald-trump","22":"tag-economia","23":"tag-estados-unidos-da-america","24":"tag-featured-news","25":"tag-featurednews","26":"tag-governo","27":"tag-guerra","28":"tag-headlines","29":"tag-justica","30":"tag-latest-news","31":"tag-latestnews","32":"tag-live","33":"tag-main-news","34":"tag-mainnews","35":"tag-mais-vistas","36":"tag-marcelo","37":"tag-mundo","38":"tag-negocios","39":"tag-news","40":"tag-noticias","41":"tag-noticias-principais","42":"tag-noticiasprincipais","43":"tag-opiniao","44":"tag-pais","45":"tag-politica","46":"tag-portugal","47":"tag-principais-noticias","48":"tag-principaisnoticias","49":"tag-russia","50":"tag-top-stories","51":"tag-topstories","52":"tag-tropas","53":"tag-ucrania","54":"tag-ultimas","55":"tag-ultimas-noticias","56":"tag-ultimasnoticias","57":"tag-world","58":"tag-world-news","59":"tag-worldnews"},"share_on_mastodon":{"url":"","error":""},"_links":{"self":[{"href":"https:\/\/www.europesays.com\/pt\/wp-json\/wp\/v2\/posts\/36507","targetHints":{"allow":["GET"]}}],"collection":[{"href":"https:\/\/www.europesays.com\/pt\/wp-json\/wp\/v2\/posts"}],"about":[{"href":"https:\/\/www.europesays.com\/pt\/wp-json\/wp\/v2\/types\/post"}],"author":[{"embeddable":true,"href":"https:\/\/www.europesays.com\/pt\/wp-json\/wp\/v2\/users\/2"}],"replies":[{"embeddable":true,"href":"https:\/\/www.europesays.com\/pt\/wp-json\/wp\/v2\/comments?post=36507"}],"version-history":[{"count":0,"href":"https:\/\/www.europesays.com\/pt\/wp-json\/wp\/v2\/posts\/36507\/revisions"}],"wp:featuredmedia":[{"embeddable":true,"href":"https:\/\/www.europesays.com\/pt\/wp-json\/wp\/v2\/media\/36508"}],"wp:attachment":[{"href":"https:\/\/www.europesays.com\/pt\/wp-json\/wp\/v2\/media?parent=36507"}],"wp:term":[{"taxonomy":"category","embeddable":true,"href":"https:\/\/www.europesays.com\/pt\/wp-json\/wp\/v2\/categories?post=36507"},{"taxonomy":"post_tag","embeddable":true,"href":"https:\/\/www.europesays.com\/pt\/wp-json\/wp\/v2\/tags?post=36507"}],"curies":[{"name":"wp","href":"https:\/\/api.w.org\/{rel}","templated":true}]}}