{"id":36521,"date":"2025-08-19T21:23:08","date_gmt":"2025-08-19T21:23:08","guid":{"rendered":"https:\/\/www.europesays.com\/pt\/36521\/"},"modified":"2025-08-19T21:23:08","modified_gmt":"2025-08-19T21:23:08","slug":"aumento-de-casos-acende-alerta-da-oms","status":"publish","type":"post","link":"https:\/\/www.europesays.com\/pt\/36521\/","title":{"rendered":"aumento de casos acende alerta da OMS"},"content":{"rendered":"<p dir=\"ltr\">A Organiza\u00e7\u00e3o Mundial da Sa\u00fade (OMS) emitiu alerta global sobre o risco de uma nova epidemia de <a href=\"https:\/\/www.correiobraziliense.com.br\/opiniao\/2025\/04\/7110413-visao-do-correio-em-fase-decisiva-contra-a-chikungunya.html\" target=\"_blank\" rel=\"nofollow noopener\">chikungunya<\/a>. Segundo a entidade, os sinais atuais lembram os observados h\u00e1 cerca de 20 anos, antes de um grande surto da doen\u00e7a. A preocupa\u00e7\u00e3o se intensifica com os dados registrados no Brasil em 2025, que apontam aumento expressivo de casos em v\u00e1rias regi\u00f5es.<\/p>\n<p dir=\"ltr\">No Centro-Oeste, os n\u00fameros j\u00e1 superam em sete meses os registros de todo o ano anterior: foram 35.592 casos e 42 mortes em 2024 contra 63.341 infec\u00e7\u00f5es e 69 \u00f3bitos at\u00e9 julho de 2025. O Sul tamb\u00e9m apresentou forte crescimento, saltando de 1.313 para 8.809 ocorr\u00eancias no mesmo per\u00edodo, al\u00e9m de 13 mortes registradas este ano, contra nenhuma em 2024. No Norte, os casos passaram de 2.715 para 5.833, com o mesmo n\u00famero de \u00f3bitos: 1.<\/p>\n<p>Combate<\/p>\n<p dir=\"ltr\">Diante do cen\u00e1rio, tecnologias inovadoras t\u00eam sido destacadas no combate ao Aedes aegypti, mosquito transmissor da chikungunya, dengue, zika e febre amarela. Uma das solu\u00e7\u00f5es \u00e9 o &#8220;Aedes do Bem&#8221;, da Oxitec, que utiliza mosquitos autolimitantes para reduzir a popula\u00e7\u00e3o do vetor. A t\u00e9cnica j\u00e1 mostrou efic\u00e1cia de supress\u00e3o superior a 90%. Apenas machos s\u00e3o liberados no ambiente e, ao acasalarem, transmitem aos descendentes a caracter\u00edstica que impede a sobreviv\u00eancia das f\u00eameas, respons\u00e1veis pela transmiss\u00e3o do v\u00edrus.<\/p>\n<p dir=\"ltr\">Outro m\u00e9todo promissor \u00e9 o uso da bact\u00e9ria Wolbachia, capaz de reduzir a transmiss\u00e3o de arboviroses. Em um projeto-piloto realizado em 2020 em Niter\u00f3i (RJ), bairros onde a popula\u00e7\u00e3o de mosquitos com Wolbachia se estabeleceu, tiveram 56% menos casos de chikungunya em compara\u00e7\u00e3o \u00e0s \u00e1reas de controle. Especialistas defendem a amplia\u00e7\u00e3o dessas iniciativas como estrat\u00e9gia para conter a escalada da doen\u00e7a.<\/p>\n<p dir=\"ltr\">*Estagi\u00e1ria sob a supervis\u00e3o de Andreia Castro<\/p>\n<p class=\"texto\"><strong><a href=\"https:\/\/whatsapp.com\/channel\/0029VaB1U9a002T64ex1Sy2w\" target=\"_blank\" rel=\"nofollow noopener\">Siga o canal do Correio no WhatsApp e receba as principais not\u00edcias do dia no seu celular<\/a><\/strong><\/p>\n<p dir=\"ltr\">*Estagi\u00e1ria sob a supervis\u00e3o de Andreia Castro<\/p>\n<p>                            <a href=\"https:\/\/www.correiobraziliense.com.br\/autor\/alicia-bernardes\/page\/1\/\" style=\"height: 100%;\" rel=\"nofollow noopener\" target=\"_blank\"><img decoding=\"async\" class=\"hidden-print author-circle d-block h6 mt-0 mb-0 mr-6 text-center\" src=\"https:\/\/www.europesays.com\/pt\/wp-content\/uploads\/2025\/08\/alicia-48209048.jpg\" alt=\"\" width=\"40\" height=\"40\" loading=\"lazy\" style=\"object-fit:cover; width: 40px; height: 40px; margin-right:10px;\"\/><\/a><a href=\"https:\/\/www.correiobraziliense.com.br\/autor\/alicia-bernardes\/page\/1\/\" rel=\"nofollow noopener\" target=\"_blank\"><img decoding=\"async\" class=\"hidden-print author-circle d-block h6 mt-0 mb-0 mr-6 text-center\" src=\"https:\/\/www.europesays.com\/pt\/wp-content\/uploads\/2025\/08\/alicia-48209048.jpg\" alt=\"\" width=\"40\" height=\"40\" loading=\"lazy\" style=\"object-fit:cover; width: 40px; height: 40px; margin-right:10px;\"\/><\/a>Al\u00edcia Bernardes  <strong class=\"entryStrongAuthor\"\/><\/p>\n<p class=\"entryDescricaoAuthor\">Al\u00edcia Bernardes \u00e9 graduanda de Jornalismo e Com\u00e9rcio Exterior pela UDF. Integrante da Women Inside Trade (WIT), iniciativa que promove a participa\u00e7\u00e3o feminina no com\u00e9rcio internacional, j\u00e1 estagiou no Poder360, atuando na produ\u00e7\u00e3o das newsletters do jorn<\/p>\n","protected":false},"excerpt":{"rendered":"A Organiza\u00e7\u00e3o Mundial da Sa\u00fade (OMS) emitiu alerta global sobre o risco de uma nova epidemia de chikungunya.&hellip;\n","protected":false},"author":2,"featured_media":36522,"comment_status":"","ping_status":"","sticky":false,"template":"","format":"standard","meta":{"footnotes":""},"categories":[86],"tags":[11355,5725,4357,116,2778,32,33,117,1893],"class_list":{"0":"post-36521","1":"post","2":"type-post","3":"status-publish","4":"format-standard","5":"has-post-thumbnail","7":"category-saude","8":"tag-centro-oeste","9":"tag-chikungunya","10":"tag-doenca","11":"tag-health","12":"tag-oms","13":"tag-portugal","14":"tag-pt","15":"tag-saude","16":"tag-virus"},"share_on_mastodon":{"url":"","error":""},"_links":{"self":[{"href":"https:\/\/www.europesays.com\/pt\/wp-json\/wp\/v2\/posts\/36521","targetHints":{"allow":["GET"]}}],"collection":[{"href":"https:\/\/www.europesays.com\/pt\/wp-json\/wp\/v2\/posts"}],"about":[{"href":"https:\/\/www.europesays.com\/pt\/wp-json\/wp\/v2\/types\/post"}],"author":[{"embeddable":true,"href":"https:\/\/www.europesays.com\/pt\/wp-json\/wp\/v2\/users\/2"}],"replies":[{"embeddable":true,"href":"https:\/\/www.europesays.com\/pt\/wp-json\/wp\/v2\/comments?post=36521"}],"version-history":[{"count":0,"href":"https:\/\/www.europesays.com\/pt\/wp-json\/wp\/v2\/posts\/36521\/revisions"}],"wp:featuredmedia":[{"embeddable":true,"href":"https:\/\/www.europesays.com\/pt\/wp-json\/wp\/v2\/media\/36522"}],"wp:attachment":[{"href":"https:\/\/www.europesays.com\/pt\/wp-json\/wp\/v2\/media?parent=36521"}],"wp:term":[{"taxonomy":"category","embeddable":true,"href":"https:\/\/www.europesays.com\/pt\/wp-json\/wp\/v2\/categories?post=36521"},{"taxonomy":"post_tag","embeddable":true,"href":"https:\/\/www.europesays.com\/pt\/wp-json\/wp\/v2\/tags?post=36521"}],"curies":[{"name":"wp","href":"https:\/\/api.w.org\/{rel}","templated":true}]}}