{"id":36532,"date":"2025-08-19T21:33:08","date_gmt":"2025-08-19T21:33:08","guid":{"rendered":"https:\/\/www.europesays.com\/pt\/36532\/"},"modified":"2025-08-19T21:33:08","modified_gmt":"2025-08-19T21:33:08","slug":"kina-e-viriato-quintela-conheca-o-que-os-une-fora-da-casa-big-brother","status":"publish","type":"post","link":"https:\/\/www.europesays.com\/pt\/36532\/","title":{"rendered":"Kina e Viriato Quintela: Conhe\u00e7a o que os une fora da casa &#8211; Big Brother"},"content":{"rendered":"<p style=\"margin-bottom:11px\"><strong>Kina e Viriato Quintela,<\/strong> ambos concorrentes do <a href=\"https:\/\/tvi.iol.pt\/bigbrother\/\" rel=\"nofollow noopener\" target=\"_blank\">Big Brother Ver\u00e3o<\/a>, t\u00eam trajet\u00f3rias distintas, mas uma pessoa em comum que marcou profundamente os seus caminhos no mundo televisivo: <strong>Ana Bola.<\/strong><\/p>\n<p>A<a href=\"https:\/\/tvi.iol.pt\/bigbrother\/search?pagina=1&amp;pesquisa=kina\" rel=\"nofollow noopener\" target=\"_blank\"> <strong>estilista<\/strong><\/a> revelou que a sua entrada no programa da TVI deveu-se a uma recomenda\u00e7\u00e3o direta de <strong>Ana Bola<\/strong>, que sempre manteve uma<strong> rela\u00e7\u00e3o de proximidade e afeto<\/strong> com<a href=\"https:\/\/tvi.iol.pt\/bigbrother\/search?pagina=1&amp;pesquisa=kina\" rel=\"nofollow noopener\" target=\"_blank\"> Kina.<\/a> Esta influ\u00eancia foi decisiva para que fosse convidada a participar no<a href=\"https:\/\/tvi.iol.pt\/bigbrother\/\" rel=\"nofollow noopener\" target=\"_blank\"> reality show.<\/a><\/p>\n<p>J\u00e1 <a href=\"https:\/\/tvi.iol.pt\/bigbrother\/search?pagina=1&amp;pesquisa=viriato+quintela\" rel=\"nofollow noopener\" target=\"_blank\">Viriato Quintela<\/a> recorda que foi Ana Bola quem<strong> lhe abriu as portas da representa\u00e7\u00e3o na televis\u00e3o<\/strong>. Em entrevista no podcast<strong> \u00abOh Filhos, Calem-se\u00bb<\/strong>, que apresentava com Ricardo Azedo, o ator contou que Ana Bola o convidou para integrar um programa de talentos, dando-lhe a primeira oportunidade na televis\u00e3o.<\/p>\n<p>O contato inicial entre<a href=\"https:\/\/tvi.iol.pt\/bigbrother\/search?pagina=1&amp;pesquisa=viriato+quintela\" rel=\"nofollow noopener\" target=\"_blank\"> Viriato <\/a>e Ana Bola aconteceu quando ele apresentava um<strong> programa numa esta\u00e7\u00e3o do Porto <\/strong>e a convidou para participar. A partir da\u00ed, criou-se uma <strong>rela\u00e7\u00e3o de respeito e amizade<\/strong>. Viriato considera Ana Bola como a sua <strong>madrinha televisiva<\/strong>, reconhecendo-lhe um papel fundamental no arranque da sua carreira como ator.<\/p>\n<p>Assim, apesar das diferen\u00e7as profissionais, ambos os concorrentes do <a href=\"https:\/\/tvi.iol.pt\/bigbrother\/\" rel=\"nofollow noopener\" target=\"_blank\">Big Brother Ver\u00e3o <\/a>partilham o impacto de <strong>Ana Bola<\/strong>, cuja presen\u00e7a foi determinante no percurso de ambos.<\/p>\n","protected":false},"excerpt":{"rendered":"Kina e Viriato Quintela, ambos concorrentes do Big Brother Ver\u00e3o, t\u00eam trajet\u00f3rias distintas, mas uma pessoa em comum&hellip;\n","protected":false},"author":2,"featured_media":36533,"comment_status":"","ping_status":"","sticky":false,"template":"","format":"standard","meta":{"footnotes":""},"categories":[142],"tags":[331,48,329,333,328,335,336,114,115,334,332,330,13,32,33,151,162,227],"class_list":{"0":"post-36532","1":"post","2":"type-post","3":"status-publish","4":"format-standard","5":"has-post-thumbnail","7":"category-tv","8":"tag-big","9":"tag-big-brother","10":"tag-claudio-ramos","11":"tag-comentadores","12":"tag-concorrentes","13":"tag-confrontos","14":"tag-discussoes","15":"tag-entertainment","16":"tag-entretenimento","17":"tag-exclusivos","18":"tag-expulso","19":"tag-gala","20":"tag-noticias","21":"tag-portugal","22":"tag-pt","23":"tag-tv","24":"tag-tvi","25":"tag-videos"},"share_on_mastodon":{"url":"","error":""},"_links":{"self":[{"href":"https:\/\/www.europesays.com\/pt\/wp-json\/wp\/v2\/posts\/36532","targetHints":{"allow":["GET"]}}],"collection":[{"href":"https:\/\/www.europesays.com\/pt\/wp-json\/wp\/v2\/posts"}],"about":[{"href":"https:\/\/www.europesays.com\/pt\/wp-json\/wp\/v2\/types\/post"}],"author":[{"embeddable":true,"href":"https:\/\/www.europesays.com\/pt\/wp-json\/wp\/v2\/users\/2"}],"replies":[{"embeddable":true,"href":"https:\/\/www.europesays.com\/pt\/wp-json\/wp\/v2\/comments?post=36532"}],"version-history":[{"count":0,"href":"https:\/\/www.europesays.com\/pt\/wp-json\/wp\/v2\/posts\/36532\/revisions"}],"wp:featuredmedia":[{"embeddable":true,"href":"https:\/\/www.europesays.com\/pt\/wp-json\/wp\/v2\/media\/36533"}],"wp:attachment":[{"href":"https:\/\/www.europesays.com\/pt\/wp-json\/wp\/v2\/media?parent=36532"}],"wp:term":[{"taxonomy":"category","embeddable":true,"href":"https:\/\/www.europesays.com\/pt\/wp-json\/wp\/v2\/categories?post=36532"},{"taxonomy":"post_tag","embeddable":true,"href":"https:\/\/www.europesays.com\/pt\/wp-json\/wp\/v2\/tags?post=36532"}],"curies":[{"name":"wp","href":"https:\/\/api.w.org\/{rel}","templated":true}]}}