{"id":36564,"date":"2025-08-19T22:18:13","date_gmt":"2025-08-19T22:18:13","guid":{"rendered":"https:\/\/www.europesays.com\/pt\/36564\/"},"modified":"2025-08-19T22:18:13","modified_gmt":"2025-08-19T22:18:13","slug":"simao-freitas-ja-nao-e-treinador-do-sc-braga-b-conheca-o-sucessor-zerozero-pt","status":"publish","type":"post","link":"https:\/\/www.europesays.com\/pt\/36564\/","title":{"rendered":"Sim\u00e3o Freitas j\u00e1 n\u00e3o \u00e9 treinador do SC Braga B: conhe\u00e7a o sucessor &#8211; zerozero.pt"},"content":{"rendered":"<ol>\n<li><a href=\"https:\/\/news.google.com\/rss\/articles\/CBMiqAFBVV95cUxQMDJXaF9QX1ZoVDVxdm84VXRjaUZhenUwX0JXUDNaeEN5clBESS1sVVZ1OVlvdDhSVzNPVVRpblV0eE5Celh5czktUk5fWlBSckJqWjA3Q2tDRHM1WWxMaVVFTkpBcmQ3a055YVZ4N3pIeE5VTmhfd0NRMzd5d1U0di1pNXVWSFBBdnVSUHpLSkJqTEVWbm1VZldabHVoQ1Q5SFRmT1A0Tks?oc=5\" target=\"_blank\" rel=\"nofollow noopener\">Sim\u00e3o Freitas j\u00e1 n\u00e3o \u00e9 treinador do SC Braga B: conhe\u00e7a o sucessor<\/a>&nbsp;&nbsp;zerozero.pt<\/li>\n<li><a href=\"https:\/\/news.google.com\/rss\/articles\/CBMixgFBVV95cUxNOERuZEFMd0diWTlkWjVaRF82ZzVtT0kyaUVkaG1kODZpY3pLdFNOYkZTYno0WEM3Q3dDcnpKWkEtLTFpNjQ3N2taem9hOHpTNjhVQU9yblNkYUtoQmQwVmQ0NGhscnRoaVExUjE1VktQZDh0WURMZ0ZDY1ZHUzZBN2FFZ1dOV2w0blNfdEJ0NTh0UUV4Q3NGME9YX0RIT0JTRTl2UlJMTWtld2l0dDhqTTZDbnpXX01zbGQ3NzVqNGFDbjlFSEE?oc=5\" target=\"_blank\" rel=\"nofollow noopener\">Ruca S\u00e1 substitui Sim\u00e3o Freitas no comando t\u00e9cnico do Sporting de Braga B<\/a>&nbsp;&nbsp;RTP<\/li>\n<li><a href=\"https:\/\/news.google.com\/rss\/articles\/CBMikAFBVV95cUxPa0Y5dzBsZVA1Q2ZXSUZTOHE5Sk0zaUpOdUpZYndZTGtFM2JGU1ptOTU0Sm5HQ2ZsdDY2VkxuMUwyYUVrS0w5cVpIZDF4MTdXTHJmNEY5dDQtQ09kY3lTZjZOLWpVX01UME40NXlvUU1YTF9IVjA5eTB2OC0wM3ZZdnYzN01nTVRlWm5sTmtBSGs?oc=5\" target=\"_blank\" rel=\"nofollow noopener\">SC Braga: t\u00e9cnico da equipa B de sa\u00edda<\/a>&nbsp;&nbsp;A Bola<\/li>\n<li><a href=\"https:\/\/news.google.com\/rss\/articles\/CBMivAFBVV95cUxQRFJlRjRSVWtMOFNOVEsxNUJENlE4ODFjMzlKVkNRVnJPT3NLUDZoVmhsSWxvdmFVZW5hQ0EyblAzMVZ2X1FuNFdieHUyMXN2cWVkZW1IX0ZaaHhlNVQ5RHdGWVNyUHJVYlhPQTY0cFN2Y1p4WXhjNlRHeXRwcWNFWW8zUnkyTkFVTnNFQmJaSE1LYTNBZG9NNi10WkVjRzBEaEkzdko5WFRyQ2FkdTZMRDZDbWxxVU5uM1pTUw?oc=5\" target=\"_blank\" rel=\"nofollow noopener\">Come\u00e7ou a dan\u00e7a das cadeiras: Braga B confirma troca de treinador<\/a>&nbsp;&nbsp;Bola na Rede<\/li>\n<li><a href=\"https:\/\/news.google.com\/rss\/articles\/CBMiV0FVX3lxTFBVZ2Q2bFBnVXkyaDlMTzB3VS1sLU5KVHo4ZnFYVm92VW1rMXIwVkEzaEVlR1ZPTVBueXUweDZwLUlLNUxrMWZRckw2c1UxdEI3UmlnRFRuRQ?oc=5\" target=\"_blank\" rel=\"nofollow noopener\">Comunicado | Sim\u00e3o Freitas<\/a>&nbsp;&nbsp;Sporting Clube de Braga<\/li>\n<\/ol>\n","protected":false},"excerpt":{"rendered":"Sim\u00e3o Freitas j\u00e1 n\u00e3o \u00e9 treinador do SC Braga B: conhe\u00e7a o sucessor&nbsp;&nbsp;zerozero.pt Ruca S\u00e1 substitui Sim\u00e3o Freitas&hellip;\n","protected":false},"author":2,"featured_media":36565,"comment_status":"","ping_status":"","sticky":false,"template":"","format":"standard","meta":{"footnotes":""},"categories":[87],"tags":[135,526,524,13,32,33,527,525,134,523],"class_list":{"0":"post-36564","1":"post","2":"type-post","3":"status-publish","4":"format-standard","5":"has-post-thumbnail","7":"category-desporto","8":"tag-desporto","9":"tag-football","10":"tag-futebol","11":"tag-noticias","12":"tag-portugal","13":"tag-pt","14":"tag-resultados","15":"tag-soccer","16":"tag-sports","17":"tag-zerozero"},"share_on_mastodon":{"url":"","error":""},"_links":{"self":[{"href":"https:\/\/www.europesays.com\/pt\/wp-json\/wp\/v2\/posts\/36564","targetHints":{"allow":["GET"]}}],"collection":[{"href":"https:\/\/www.europesays.com\/pt\/wp-json\/wp\/v2\/posts"}],"about":[{"href":"https:\/\/www.europesays.com\/pt\/wp-json\/wp\/v2\/types\/post"}],"author":[{"embeddable":true,"href":"https:\/\/www.europesays.com\/pt\/wp-json\/wp\/v2\/users\/2"}],"replies":[{"embeddable":true,"href":"https:\/\/www.europesays.com\/pt\/wp-json\/wp\/v2\/comments?post=36564"}],"version-history":[{"count":0,"href":"https:\/\/www.europesays.com\/pt\/wp-json\/wp\/v2\/posts\/36564\/revisions"}],"wp:featuredmedia":[{"embeddable":true,"href":"https:\/\/www.europesays.com\/pt\/wp-json\/wp\/v2\/media\/36565"}],"wp:attachment":[{"href":"https:\/\/www.europesays.com\/pt\/wp-json\/wp\/v2\/media?parent=36564"}],"wp:term":[{"taxonomy":"category","embeddable":true,"href":"https:\/\/www.europesays.com\/pt\/wp-json\/wp\/v2\/categories?post=36564"},{"taxonomy":"post_tag","embeddable":true,"href":"https:\/\/www.europesays.com\/pt\/wp-json\/wp\/v2\/tags?post=36564"}],"curies":[{"name":"wp","href":"https:\/\/api.w.org\/{rel}","templated":true}]}}