{"id":36572,"date":"2025-08-19T22:24:13","date_gmt":"2025-08-19T22:24:13","guid":{"rendered":"https:\/\/www.europesays.com\/pt\/36572\/"},"modified":"2025-08-19T22:24:13","modified_gmt":"2025-08-19T22:24:13","slug":"incendio-esta-fora-de-controlo-covilha-lanca-novo-alerta-a-populacao-devido-a-gravidade-da-situacao","status":"publish","type":"post","link":"https:\/\/www.europesays.com\/pt\/36572\/","title":{"rendered":"Inc\u00eandio est\u00e1 fora de controlo&#8221;. Covilh\u00e3 lan\u00e7a novo alerta \u00e0 popula\u00e7\u00e3o devido \u00e0 &#8220;gravidade da situa\u00e7\u00e3o"},"content":{"rendered":"<p>O funeral de Carlos D\u00e2maso, ex-autarca da Junta de Freguesia de Vila Franca do De\u00e3o, no concelho da Guarda, que morreu na sexta-feira, ao combater um inc\u00eandio, est\u00e1 marcado para as 17:30 de ter\u00e7a-feira, naquela localidade.<\/p>\n<p><strong>Carlos D\u00e2maso, de 43 anos, \u00e9 a primeira v\u00edtima mortal dos inc\u00eandios deste ano, e morreu enquanto combatia o fogo que deflagrou na aldeia vizinha de P\u00eara do Mo\u00e7o e avan\u00e7ava em dire\u00e7\u00e3o a Vila Franca do De\u00e3o.<\/strong><\/p>\n<p>O corpo carbonizado do empres\u00e1rio agr\u00edcola foi encontrado ao final da manh\u00e3 de sexta-feira, numa das suas propriedades, junto \u00e0 sua terra natal.<\/p>\n<p>Carlos D\u00e2maso presidiu \u00e0 Junta de Freguesia de Vila Franca do De\u00e3o, no munic\u00edpio da Guarda, durante 12 anos, tendo sido eleito pelo PS, e era novamente candidato \u00e0 freguesia local nas aut\u00e1rquicas de 12 de outubro, mas desta vez pela coliga\u00e7\u00e3o PG-PELA Guarda \u2013 NC\/PPM, do atual presidente da C\u00e2mara, S\u00e9rgio Costa.<\/p>\n<p>Era casado e deixa uma filha de 11 anos.<\/p>\n<p>O corpo vai estar em c\u00e2mara ardente a partir das 14:00 de ter\u00e7a-feira na igreja de Vila Franca do De\u00e3o.<\/p>\n<p><strong>O Presidente da Rep\u00fablica, Marcelo Rebelo de Sousa, apresentou j\u00e1 \u201csentidas condol\u00eancias\u201d pela morte de Carlos D\u00e2maso ao presidente da C\u00e2mara Guarda, S\u00e9rgio Costa, solicitando que as transmitisse \u00e0 fam\u00edlia.<\/strong><\/p>\n<p>Tamb\u00e9m o Governo, atrav\u00e9s do secret\u00e1rio de Estado da Prote\u00e7\u00e3o Civil, Rui Rocha, lamentou a morte do ex-autarca de Vila Franca do De\u00e3o e enviou condol\u00eancias \u00e0 fam\u00edlia.<\/p>\n<p><strong>Do inc\u00eandio resultou ainda um ferido grave, que foi transportado para a Unidade de Queimados da Unidade Local de Sa\u00fade (ULS) Universit\u00e1ria de Coimbra, onde ainda se encontra com \u201cprogn\u00f3stico reservado\u201d, disse \u00e0 ag\u00eancia Lusa fonte da unidade de sa\u00fade.<\/strong><\/p>\n<p><strong>Diogo Cec\u00edlio \u00e9 enfermeiro no Hospital Sousa Martins, na Guarda, e sofreu queimaduras graves quando auxiliava os populares no combate \u00e0s chamas em Vila Franca do De\u00e3o.<\/strong><\/p>\n<p>Numa nota publicada no site da Ordem dos Enfermeiros, o baston\u00e1rio Lu\u00eds Filipe Barreira manifestou solidariedade para com Diogo Cec\u00edlio.<\/p>\n<p><strong>\u201cSabemos que o colega est\u00e1 est\u00e1vel e internado na Unidade de Queimados da ULS de Coimbra, onde est\u00e1 a ser devidamente acompanhado. A nossa primeira palavra \u00e9 para ele e para a sua fam\u00edlia: estamos convosco\u201d, l\u00ea-se na nota de solidariedade<\/strong><\/p>\n<p>O inc\u00eandio come\u00e7ou pelas 10:44 de sexta-feira e alastrou aos concelhos de Trancoso e Pinhel.<\/p>\n<p>A ocorr\u00eancia entrou, hoje, em fase de resolu\u00e7\u00e3o, segundo o site da Autoridade Nacional de Emerg\u00eancia e Prote\u00e7\u00e3o Civil (ANEPC).<\/p>\n<p>Lusa<\/p>\n","protected":false},"excerpt":{"rendered":"O funeral de Carlos D\u00e2maso, ex-autarca da Junta de Freguesia de Vila Franca do De\u00e3o, no concelho da&hellip;\n","protected":false},"author":2,"featured_media":36573,"comment_status":"","ping_status":"","sticky":false,"template":"","format":"standard","meta":{"footnotes":""},"categories":[10],"tags":[27,28,15,16,14,2830,25,26,21,22,12,13,19,20,32,23,24,4908,33,11364,17,18,29,30,31],"class_list":{"0":"post-36572","1":"post","2":"type-post","3":"status-publish","4":"format-standard","5":"has-post-thumbnail","7":"category-portugal","8":"tag-breaking-news","9":"tag-breakingnews","10":"tag-featured-news","11":"tag-featurednews","12":"tag-headlines","13":"tag-incendios","14":"tag-latest-news","15":"tag-latestnews","16":"tag-main-news","17":"tag-mainnews","18":"tag-news","19":"tag-noticias","20":"tag-noticias-principais","21":"tag-noticiasprincipais","22":"tag-portugal","23":"tag-principais-noticias","24":"tag-principaisnoticias","25":"tag-protecao-civil","26":"tag-pt","27":"tag-situacao-de-alerta","28":"tag-top-stories","29":"tag-topstories","30":"tag-ultimas","31":"tag-ultimas-noticias","32":"tag-ultimasnoticias"},"share_on_mastodon":{"url":"","error":""},"_links":{"self":[{"href":"https:\/\/www.europesays.com\/pt\/wp-json\/wp\/v2\/posts\/36572","targetHints":{"allow":["GET"]}}],"collection":[{"href":"https:\/\/www.europesays.com\/pt\/wp-json\/wp\/v2\/posts"}],"about":[{"href":"https:\/\/www.europesays.com\/pt\/wp-json\/wp\/v2\/types\/post"}],"author":[{"embeddable":true,"href":"https:\/\/www.europesays.com\/pt\/wp-json\/wp\/v2\/users\/2"}],"replies":[{"embeddable":true,"href":"https:\/\/www.europesays.com\/pt\/wp-json\/wp\/v2\/comments?post=36572"}],"version-history":[{"count":0,"href":"https:\/\/www.europesays.com\/pt\/wp-json\/wp\/v2\/posts\/36572\/revisions"}],"wp:featuredmedia":[{"embeddable":true,"href":"https:\/\/www.europesays.com\/pt\/wp-json\/wp\/v2\/media\/36573"}],"wp:attachment":[{"href":"https:\/\/www.europesays.com\/pt\/wp-json\/wp\/v2\/media?parent=36572"}],"wp:term":[{"taxonomy":"category","embeddable":true,"href":"https:\/\/www.europesays.com\/pt\/wp-json\/wp\/v2\/categories?post=36572"},{"taxonomy":"post_tag","embeddable":true,"href":"https:\/\/www.europesays.com\/pt\/wp-json\/wp\/v2\/tags?post=36572"}],"curies":[{"name":"wp","href":"https:\/\/api.w.org\/{rel}","templated":true}]}}