{"id":36578,"date":"2025-08-19T22:29:25","date_gmt":"2025-08-19T22:29:25","guid":{"rendered":"https:\/\/www.europesays.com\/pt\/36578\/"},"modified":"2025-08-19T22:29:25","modified_gmt":"2025-08-19T22:29:25","slug":"a-heranca-novo-pesadelo-sofia-descobre-que-pilar-fez-queixa-dela-por-roubar-o-proprio-pai-novelas","status":"publish","type":"post","link":"https:\/\/www.europesays.com\/pt\/36578\/","title":{"rendered":"A Heran\u00e7a. Novo pesadelo: Sofia descobre que Pilar fez queixa dela por roubar o pr\u00f3prio pai &#8211; Novelas"},"content":{"rendered":"<p>Sofia (Patr\u00edcia Tavares) vive dias dif\u00edceis. Agora que est\u00e1 com pulseira eletr\u00f3nica, n\u00e3o consegue provar a sua inoc\u00eancia e tem contado com o apoio de Gon\u00e7alo (Jos\u00e9 Mata), que at\u00e9 j\u00e1 invadiu a F\u00e1brica para arranjar provas para proteger a amada. S\u00f3 que a mec\u00e2nica vai agora debater-se com mais um contratempo.\u00a0<\/p>\n<p>        &#13;<\/p>\n<p>                        &#13;<br \/>\n                            <img decoding=\"async\" src=\"https:\/\/www.europesays.com\/pt\/wp-content\/uploads\/2025\/08\/img_220x220uu2025-08-19-15-01-47-392560.jpg\" class=\"img_fluid\" loading=\"lazy\" alt=\"\"\/>&#13;<\/p>\n<p class=\"title\">Ler tamb\u00e9m<\/p>\n<p>                    <a href=\"https:\/\/www.tvguia.pt\/novelas\/detalhe\/a-heranca-acabou-tudo-teresinha-desmascara-rosarinho-mas-bernardo-nao-acredita-nela-e-escolhe-ficar-ao-lado-da-vila\" class=\"streched_link\" title=\"\" content_list_position=\"1\" rel=\"nofollow noopener\" target=\"_blank\">A Heran\u00e7a. Acabou tudo: Teresinha desmascara Rosarinho, mas Bernardo n\u00e3o acredita nela e escolhe ficar ao lado da vil\u00e3 <\/a><\/p>\n<p>            &#13;<\/p>\n<p>E tudo acontece quando, depois de Ot\u00e1vio (Ant\u00f3nio Pedro Cerdeira) recuperar o dinheiro que Beatriz (B\u00e1rbara Branco) roubou \u00e0 m\u00e3e e entregou a Heitor (Tom\u00e1s Alves), esta chama o advogado para comunicar a sua decis\u00e3o de o devolver \u00e0 fam\u00edlia Novais.\u00a0<\/p>\n<p>Nesse momento, Sofia fica a saber que Pilar (Mariana Monteiro) deu entrada com uma queixa contra ela por roubo.<b> \u201cChamei-vos aqui porque recentemente consegui reaver o dinheiro que me tinham roubado das contas\u201d<\/b>, come\u00e7a por apontar, com a irm\u00e3 a acus\u00e1-la de imediato de os ter tentado roubar.<b> \u201cTens estado a usufruir dele ilegalmente, o que s\u00f3 prova o teu mau car\u00e1ter. Mas est\u00e1s muito enganada se pensas que vais ficar com um c\u00eantimo do meu pai\u201d<\/b>, amea\u00e7a.\u00a0<\/p>\n<p>        &#13;<\/p>\n<p>                        &#13;<br \/>\n                            <img decoding=\"async\" src=\"https:\/\/www.europesays.com\/pt\/wp-content\/uploads\/2025\/08\/img_220x220uu2025-08-18-11-10-33-392455-im-638911122782173550.jpg\" class=\"img_fluid\" loading=\"lazy\" alt=\"\"\/>&#13;<\/p>\n<p class=\"title\">Ler tamb\u00e9m<\/p>\n<p>                    <a href=\"https:\/\/www.tvguia.pt\/novelas\/detalhe\/a-heranca-surpresa-otavio-torna-heitor-seu-refem-depois-de-o-impedir-de-matar-beatriz-e-a-filha-desespera\" class=\"streched_link\" title=\"\" content_list_position=\"2\" rel=\"nofollow noopener\" target=\"_blank\">A Heran\u00e7a. Surpresa: Ot\u00e1vio torna Heitor seu ref\u00e9m depois de o impedir de matar Beatriz e a filha desespera <\/a><\/p>\n<p>            &#13;<\/p>\n<p>Em seguida, a vil\u00e3 revela que a madrinha de Teresinha (Laura Dutra) mandou Gon\u00e7alo assaltar a f\u00e1brica e esta nega.<b> \u201cMentirosa. Ele faz tudo o que tu mandas, de certeza que foste tu. Para qu\u00ea? Para nos sabotar? Roubar informa\u00e7\u00f5es? Limpar provas?\u201d<\/b>, insiste Pilar, com a mec\u00e2nica a amea\u00e7ar agredi-la.\u00a0<\/p>\n<p>O advogado pede calma e insiste com Sofia para revelar o verdadeiro motivo para aquele encontro:<b> \u201cChamei-vos aqui para vos informar, na presen\u00e7a do meu advogado, que declarei o dinheiro ao tribunal para que seja congelado, tal como a restante heran\u00e7a. Vou provar-vos que n\u00e3o matei o meu pai\u201d<\/b>, anuncia. <b>\u201cIsso n\u00e3o muda nada! Teres declarado este dinheiro n\u00e3o faz de ti menos culpada, s\u00f3 mais sonsa! Mas j\u00e1 ningu\u00e9m cai na tua hist\u00f3ria de coitadinha\u201d<\/b>, riposta Pilar.\u00a0<\/p>\n<p>        &#13;<\/p>\n<p>                        &#13;<br \/>\n                            <img decoding=\"async\" src=\"https:\/\/www.europesays.com\/pt\/wp-content\/uploads\/2025\/08\/img_220x220uu2025-08-17-21-19-52-392438-im-638910624308864408.jpg\" class=\"img_fluid\" loading=\"lazy\" alt=\"\"\/>&#13;<\/p>\n<p class=\"title\">Ler tamb\u00e9m<\/p>\n<p>                    <a href=\"https:\/\/www.tvguia.pt\/novelas\/detalhe\/a-heranca-novo-pesadelo-goncalo-e-apanhado-por-vicente-e-pilar-e-assaltar-a-fabrica-para-ajudar-sofia\" class=\"streched_link\" title=\"\" content_list_position=\"3\" rel=\"nofollow noopener\" target=\"_blank\">A Heran\u00e7a. Novo pesadelo: Gon\u00e7alo \u00e9 apanhado por Vicente e Pilar e assaltar a F\u00e1brica para ajudar Sofia<\/a><\/p>\n<p>            &#13;<\/p>\n<p>Nesse momento, a m\u00e3e de Beatriz percebe que a irm\u00e3 j\u00e1 sabia da sua inten\u00e7\u00e3o e o advogado confirma e ainda avan\u00e7a com mais detalhes.<b> \u201cSabia, sim. E estava a preparar-se para entrar com uma queixa-crime no tribunal por uso indevido de dinheiro pertencente \u00e0 heran\u00e7a\u201d<\/b>, anuncia Ferreira (Fernando Rodrigues). Em choque, Sofia revolta-se e manda-a embora de sua casa.<\/p>\n<p>Saiba tudo sobre &#8216;A Heran\u00e7a&#8217; e as outras novelas na revista\u00a0<b>TV Guia\u00a0<\/b>desta semana, j\u00e1 nas bancas de Portugal, ou na vers\u00e3o digital,\u00a0<a href=\"https:\/\/assinaturas.xl.pt\/tv_guia\" rel=\"nofollow noopener\" target=\"_blank\">aqui<\/a>.<\/p>\n<p>            &#13;<br \/>\n                &#13;<br \/>\n&#13;<br \/>\n&#13;<br \/>\n    &#13;<br \/>\n&#13;<br \/>\n&#13;<\/p>\n","protected":false},"excerpt":{"rendered":"Sofia (Patr\u00edcia Tavares) vive dias dif\u00edceis. Agora que est\u00e1 com pulseira eletr\u00f3nica, n\u00e3o consegue provar a sua inoc\u00eancia&hellip;\n","protected":false},"author":2,"featured_media":36579,"comment_status":"","ping_status":"","sticky":false,"template":"","format":"standard","meta":{"footnotes":""},"categories":[142],"tags":[2795,7072,2800,211,6654,114,115,2801,2799,32,33,5941,218,5942,151],"class_list":{"0":"post-36578","1":"post","2":"type-post","3":"status-publish","4":"format-standard","5":"has-post-thumbnail","7":"category-tv","8":"tag-a-heranca","9":"tag-antonio-pedro-cerdeira","10":"tag-barbara-branco","11":"tag-celebridades","12":"tag-crime-lei-e-justica","13":"tag-entertainment","14":"tag-entretenimento","15":"tag-jose-mata","16":"tag-mariana-monteiro","17":"tag-portugal","18":"tag-pt","19":"tag-roubo","20":"tag-televisao","21":"tag-tomas-alves","22":"tag-tv"},"share_on_mastodon":{"url":"","error":""},"_links":{"self":[{"href":"https:\/\/www.europesays.com\/pt\/wp-json\/wp\/v2\/posts\/36578","targetHints":{"allow":["GET"]}}],"collection":[{"href":"https:\/\/www.europesays.com\/pt\/wp-json\/wp\/v2\/posts"}],"about":[{"href":"https:\/\/www.europesays.com\/pt\/wp-json\/wp\/v2\/types\/post"}],"author":[{"embeddable":true,"href":"https:\/\/www.europesays.com\/pt\/wp-json\/wp\/v2\/users\/2"}],"replies":[{"embeddable":true,"href":"https:\/\/www.europesays.com\/pt\/wp-json\/wp\/v2\/comments?post=36578"}],"version-history":[{"count":0,"href":"https:\/\/www.europesays.com\/pt\/wp-json\/wp\/v2\/posts\/36578\/revisions"}],"wp:featuredmedia":[{"embeddable":true,"href":"https:\/\/www.europesays.com\/pt\/wp-json\/wp\/v2\/media\/36579"}],"wp:attachment":[{"href":"https:\/\/www.europesays.com\/pt\/wp-json\/wp\/v2\/media?parent=36578"}],"wp:term":[{"taxonomy":"category","embeddable":true,"href":"https:\/\/www.europesays.com\/pt\/wp-json\/wp\/v2\/categories?post=36578"},{"taxonomy":"post_tag","embeddable":true,"href":"https:\/\/www.europesays.com\/pt\/wp-json\/wp\/v2\/tags?post=36578"}],"curies":[{"name":"wp","href":"https:\/\/api.w.org\/{rel}","templated":true}]}}