{"id":366064,"date":"2026-05-02T15:09:12","date_gmt":"2026-05-02T15:09:12","guid":{"rendered":"https:\/\/www.europesays.com\/pt\/366064\/"},"modified":"2026-05-02T15:09:12","modified_gmt":"2026-05-02T15:09:12","slug":"narges-mohammadi-nobel-da-paz-e-hospitalizada-no-irao-apos-crise-cardiaca-medio-oriente","status":"publish","type":"post","link":"https:\/\/www.europesays.com\/pt\/366064\/","title":{"rendered":"Narges Mohammadi, Nobel da Paz, \u00e9 hospitalizada no Ir\u00e3o ap\u00f3s crise card\u00edaca | M\u00e9dio Oriente"},"content":{"rendered":"<p>A vencedora do <a href=\"https:\/\/www.publico.pt\/2023\/10\/06\/mundo\/noticia\/iraniana-narges-mohammadi-recebe-nobel-paz-2065754\" target=\"_self\" rel=\"nofollow noopener\">Pr\u00e9mio Nobel da Paz em 2023, Narges Mohammadi<\/a>, foi internada num hospital iraniano ap\u00f3s uma &#8220;deteriora\u00e7\u00e3o catastr\u00f3fica da sua sa\u00fade&#8221;, incluindo uma &#8220;crise card\u00edaca&#8221;, afirmou uma funda\u00e7\u00e3o dirigida pela sua fam\u00edlia. O secret\u00e1rio do Comit\u00e9 Nobel Noruegu\u00eas expressou preocupa\u00e7\u00e3o na quinta-feira pelo facto de a sa\u00fade da activista iraniana dos direitos humanos estar a piorar, depois de esta ter sofrido um ataque card\u00edaco na pris\u00e3o.<\/p>\n<p>Mohammadi venceu o pr\u00e9mio enquanto estava detida pela sua campanha para promover os direitos das mulheres e abolir a pena de morte no Ir\u00e3o.<\/p>\n<p>A activista &#8220;foi transferida de urg\u00eancia para um hospital em Zanjan hoje, na sequ\u00eancia de uma deteriora\u00e7\u00e3o catastr\u00f3fica da sua sa\u00fade, incluindo dois epis\u00f3dios de perda total de consci\u00eancia e uma grave crise card\u00edaca&#8221;, afirmou a Funda\u00e7\u00e3o Narges Mohammadi num comunicado no seu s\u00edtio Web, na sexta-feira. &#8220;Esta transfer\u00eancia foi efectuada como uma necessidade inevit\u00e1vel, depois de os m\u00e9dicos da pris\u00e3o terem determinado que a sua condi\u00e7\u00e3o n\u00e3o podia ser gerida no local, apesar das recomenda\u00e7\u00f5es m\u00e9dicas existentes para que fosse tratada pela sua equipa especializada em Teer\u00e3o.&#8221;<\/p>\n<p>Mohammadi foi condenada a uma nova pena de pris\u00e3o de sete anos e meio, informou a funda\u00e7\u00e3o em Fevereiro, semanas antes de os EUA e Israel lan\u00e7arem a sua guerra contra o Ir\u00e3o. O comit\u00e9 Nobel apelou, na altura, a que Teer\u00e3o a libertasse imediatamente.<\/p>\n<p>A activista foi detida em Dezembro ap\u00f3s denunciar a morte do advogado Khosrow Alikordi. O procurador Hasan Hematifar disse ent\u00e3o aos jornalistas que Mohammadi fez observa\u00e7\u00f5es provocat\u00f3rias na cerim\u00f3nia f\u00fanebre de Alikordi, na cidade de Mashhad, no nordeste do pa\u00eds, e incentivou os presentes &#8220;a entoar slogans que quebram as normas&#8221; e a &#8220;perturbar a paz&#8221;.<\/p>\n<p>Na manh\u00e3 de sexta-feira, Mohammadi desmaiou ap\u00f3s dias de tens\u00e3o arterial alta e n\u00e1useas, informou a funda\u00e7\u00e3o. Ap\u00f3s v\u00e1rios epis\u00f3dios de v\u00f3mitos, perdeu os sentidos e foi transferida para a unidade m\u00e9dica da pris\u00e3o para receber fluidos intravenosos de emerg\u00eancia.<\/p>\n<p>A activista, que j\u00e1 foi submetida a tr\u00eas procedimentos de angioplastia, enfrenta uma amea\u00e7a &#8220;directa e imediata&#8221; ao seu direito \u00e0 vida, afirmou a sua fam\u00edlia. &#8220;Apelamos a que todas as acusa\u00e7\u00f5es sejam retiradas imediatamente e que todas as senten\u00e7as impostas pelo seu trabalho pac\u00edfico em prol dos direitos humanos sejam incondicionalmente anuladas.&#8221;<\/p>\n","protected":false},"excerpt":{"rendered":"A vencedora do Pr\u00e9mio Nobel da Paz em 2023, Narges Mohammadi, foi internada num hospital iraniano ap\u00f3s uma&hellip;\n","protected":false},"author":2,"featured_media":366065,"comment_status":"","ping_status":"","sticky":false,"template":"","format":"standard","meta":{"footnotes":"","_share_on_mastodon":"0"},"categories":[50],"tags":[27,28,15,16,14,5453,25,26,21,22,432,62,12,11311,13,19,20,23,24,17,18,29,30,31,63,64,65],"class_list":["post-366064","post","type-post","status-publish","format-standard","has-post-thumbnail","category-mundo","tag-breaking-news","tag-breakingnews","tag-featured-news","tag-featurednews","tag-headlines","tag-irao","tag-latest-news","tag-latestnews","tag-main-news","tag-mainnews","tag-medio-oriente","tag-mundo","tag-news","tag-nobel","tag-noticias","tag-noticias-principais","tag-noticiasprincipais","tag-principais-noticias","tag-principaisnoticias","tag-top-stories","tag-topstories","tag-ultimas","tag-ultimas-noticias","tag-ultimasnoticias","tag-world","tag-world-news","tag-worldnews"],"share_on_mastodon":{"url":"https:\/\/pubeurope.com\/@pt\/116505619207191037","error":""},"_links":{"self":[{"href":"https:\/\/www.europesays.com\/pt\/wp-json\/wp\/v2\/posts\/366064","targetHints":{"allow":["GET"]}}],"collection":[{"href":"https:\/\/www.europesays.com\/pt\/wp-json\/wp\/v2\/posts"}],"about":[{"href":"https:\/\/www.europesays.com\/pt\/wp-json\/wp\/v2\/types\/post"}],"author":[{"embeddable":true,"href":"https:\/\/www.europesays.com\/pt\/wp-json\/wp\/v2\/users\/2"}],"replies":[{"embeddable":true,"href":"https:\/\/www.europesays.com\/pt\/wp-json\/wp\/v2\/comments?post=366064"}],"version-history":[{"count":0,"href":"https:\/\/www.europesays.com\/pt\/wp-json\/wp\/v2\/posts\/366064\/revisions"}],"wp:featuredmedia":[{"embeddable":true,"href":"https:\/\/www.europesays.com\/pt\/wp-json\/wp\/v2\/media\/366065"}],"wp:attachment":[{"href":"https:\/\/www.europesays.com\/pt\/wp-json\/wp\/v2\/media?parent=366064"}],"wp:term":[{"taxonomy":"category","embeddable":true,"href":"https:\/\/www.europesays.com\/pt\/wp-json\/wp\/v2\/categories?post=366064"},{"taxonomy":"post_tag","embeddable":true,"href":"https:\/\/www.europesays.com\/pt\/wp-json\/wp\/v2\/tags?post=366064"}],"curies":[{"name":"wp","href":"https:\/\/api.w.org\/{rel}","templated":true}]}}