{"id":36619,"date":"2025-08-19T23:04:16","date_gmt":"2025-08-19T23:04:16","guid":{"rendered":"https:\/\/www.europesays.com\/pt\/36619\/"},"modified":"2025-08-19T23:04:16","modified_gmt":"2025-08-19T23:04:16","slug":"tesla-model-yl-chegou-suv-familiar-eletrico-com-6-lugares-751-km-de-autonomia-e-preco-competitivo","status":"publish","type":"post","link":"https:\/\/www.europesays.com\/pt\/36619\/","title":{"rendered":"Tesla Model YL chegou! SUV familiar el\u00e9trico com 6 lugares, 751 km de autonomia e pre\u00e7o competitivo"},"content":{"rendered":"<p class=\"leading\">\n                Tesla lan\u00e7a o SUV el\u00e9trico Model YL: espa\u00e7oso, r\u00e1pido e eficiente, com autonomia recorde e pre\u00e7o competitivo.            <\/p>\n<p>        <img decoding=\"async\" alt=\"Tesla Model YL\" height=\"900\" src=\"https:\/\/www.europesays.com\/pt\/wp-content\/uploads\/2025\/08\/tesla-model-yl-11.jpg\" width=\"1600\" fetchpriority=\"high\"\/><br \/>\nImagem: Divulga\u00e7\u00e3o \/ Tesla<\/p>\n<p>Ainda ontem a <a href=\"https:\/\/4gnews.pt\/tesla-model-yl-primeiro-video-oficial-mostra-o-suv-familiar-com-autonomia-recorde\/\" rel=\"nofollow noopener\" target=\"_blank\">Tesla divulgou o primeiro teaser do aguardado <\/a><strong><a href=\"https:\/\/4gnews.pt\/tesla-model-yl-primeiro-video-oficial-mostra-o-suv-familiar-com-autonomia-recorde\/\" rel=\"nofollow noopener\" target=\"_blank\">Tesla Model YL<\/a> de seis lugares<\/strong> na China. Agora, a marca lan\u00e7ou oficialmente o novo modelo, posicionado como um SUV el\u00e9trico familiar, apostando numa configura\u00e7\u00e3o 2-2-2 e em melhorias no design, no interior e no desempenho.<\/p>\n<p>As primeiras entregas est\u00e3o previstas para setembro e os pre\u00e7os come\u00e7am nos 339.000 yuans (cerca de 40.379 euros).<\/p>\n<p>Tesla Model YL: um espa\u00e7oso carro familiar<img decoding=\"async\" alt=\"Tesla Model YL\" height=\"1255\" width=\"2000\" class=\"lazyload\" src=\"https:\/\/www.europesays.com\/pt\/wp-content\/uploads\/2025\/08\/tesla-yl-8.jpg\" loading=\"lazy\"\/><br \/>\nImagem: Divulga\u00e7\u00e3o \/ Tesla<\/p>\n<p>O novo Tesla Model YL apresenta mudan\u00e7as subtis em rela\u00e7\u00e3o ao Model Y convencional. Em termos de dimens\u00f5es, o Model YL mede 4.976 mm de comprimento, 1.920 mm de largura e 1.668 mm de altura, com dist\u00e2ncia entre eixos de 3.040 mm.<\/p>\n<p>Comparando com o <a href=\"https:\/\/4gnews.pt\/tesla-model-3-e-model-y-vao-ser-os-unicos-eletricos-do-mundo-a-ter-este-atributo-indestrutivel\/\" rel=\"nofollow noopener\" target=\"_blank\">Model Y tradicional<\/a>, \u00e9 186 mm mais comprido e 24 mm mais alto, mantendo a mesma largura. O aumento do espa\u00e7o faz sentido com a proposta familiar do Tesla Model YL, o que se reflete tamb\u00e9m na configura\u00e7\u00e3o de seis lugares (2-2-2).<\/p>\n<p>A terceira fila de bancos \u00e9 rebat\u00edvel eletricamente e aquecida, embora sem ventila\u00e7\u00e3o ou apoios de bra\u00e7o, dispon\u00edveis apenas na segunda fila.<\/p>\n<p><img decoding=\"async\" alt=\"Tesla Model YL\" height=\"1132\" width=\"2000\" class=\"lazyload\" src=\"https:\/\/www.europesays.com\/pt\/wp-content\/uploads\/2025\/08\/tesla-yl-9.jpg\" loading=\"lazy\"\/><br \/>\nImagem: Divulga\u00e7\u00e3o \/ Tesla<\/p>\n<p>O volume m\u00e1ximo de carga atinge os <strong>2.539 litros<\/strong>, suficiente para transportar at\u00e9 quatro malas de 28 polegadas e duas de 20 polegadas, quando a terceira fila est\u00e1 rebatida. Mesmo com todos os bancos ocupados, h\u00e1 espa\u00e7o para duas malas de 24 polegadas e uma de 20.<\/p>\n<p>Tecnologia atualizada, seguran\u00e7a refor\u00e7ada e melhorias aerodin\u00e2micas<img decoding=\"async\" alt=\"Tesla Model YL\" height=\"732\" width=\"1600\" class=\"lazyload\" src=\"https:\/\/www.europesays.com\/pt\/wp-content\/uploads\/2025\/08\/tesla-yl-4.jpg\" loading=\"lazy\"\/><br \/>\nImagem: captura de ecr\u00e3 v\u00eddeo Tesla<\/p>\n<p>No habit\u00e1culo, o SUV el\u00e9trico conta ainda com um novo <strong>ecr\u00e3 central t\u00e1til de 16 polegadas<\/strong>, carregador sem fios atualizado (50 W e 30 W em simult\u00e2neo) e um sistema de som redesenhado, incluindo um altifalante na consola central e dois superiores adicionais.<\/p>\n<p>Todas as fileiras de assentos contam com portas de carregamento, o que refor\u00e7a a aposta da Tesla na conveni\u00eancia.<\/p>\n<p>O Model YL tamb\u00e9m recebeu melhorias na seguran\u00e7a. Est\u00e1 equipado com <strong>airbags de tr\u00eas fileiras<\/strong>, cobrindo mais de <strong>95% do espa\u00e7o longitudinal do ve\u00edculo<\/strong>, com uma \u00e1rea de prote\u00e7\u00e3o total de 3,9 metros.<\/p>\n<p>Por fora, a linha do tejadilho foi redesenhada e o spoiler traseiro recebeu um novo formato, contribuindo para um visual mais din\u00e2mico e um coeficiente de arrasto de apenas 0,216, um dos melhores da categoria.<\/p>\n<p>Desempenho e autonomia do Tesla Model YL<img decoding=\"async\" alt=\"Tesla Model YL\" height=\"410\" width=\"800\" class=\"lazyload\" src=\"https:\/\/www.europesays.com\/pt\/wp-content\/uploads\/2025\/08\/tesla-yl-13.jpg\" loading=\"lazy\"\/><br \/>\nSite oficial da Tesla China<\/p>\n<p>O SUV el\u00e9trico \u00e9 impulsionado por um sistema de tra\u00e7\u00e3o integral com <strong>dois motores<\/strong>:<\/p>\n<ul>\n<li><strong>O dianteiro<\/strong> entrega 142 kW (190 cv)<\/li>\n<li><strong>O traseiro<\/strong> 198 kW (266 cv)<\/li>\n<\/ul>\n<p>Juntos, permitem uma acelera\u00e7\u00e3o dos 0 aos 100 km\/h em 4,5 segundos, apenas 0,2 segundos mais lento do que o Model Y tradicional.<\/p>\n<p>A bateria \u00e9 uma unidade tern\u00e1ria de l\u00edtio de <strong>82 kWh<\/strong>, garantindo <strong>751 km de autonomia segundo o ciclo CLTC<\/strong>, praticamente igual ao Model Y convencional (750 km). O consumo energ\u00e9tico \u00e9 de 12,8 kWh\/100 km.<\/p>\n<p>Concorr\u00eancia acirrada na China<\/p>\n<p>O lan\u00e7amento do Tesla Model YL acontece num mercado altamente competitivo de SUVs el\u00e9tricos na China. Entre os principais rivais est\u00e3o o Li Auto i8, o Onvo L90 e o futuro Aito M8 EV, todos com propostas semelhantes em pre\u00e7o e posicionamento.<\/p>\n<p>Os pre\u00e7os come\u00e7am nos 339.000 yuans (cerca de 40.379 euros). A Tesla ainda n\u00e3o confirmou datas de lan\u00e7amento para mercados internacionais.<\/p>\n<p><strong>Promo\u00e7\u00e3o do dia!<\/strong><\/p>\n<p><a href=\"https:\/\/amzn.to\/4oC1xfj\" target=\"_blank\" rel=\"nofollow noreferrer noopener\"><img decoding=\"async\" alt=\"Samsung Galaxy S25 Ultra 512 GB Telefone m\u00f3vel com IA, Galaxy AI, 12 GB RAM\" height=\"685\" width=\"679\" class=\"lazyload\" src=\"https:\/\/www.europesays.com\/pt\/wp-content\/uploads\/2025\/08\/61tuhq7l5vl-ac-sx679.jpg\" loading=\"lazy\"\/><\/a><\/p>\n<p>1.006,36 \u20acAmazon ES<\/p>\n<p>1.235,04 \u20ac-19%<\/p>\n<p class=\"inline-related-title\">Editores 4gnews recomendam:<\/p>\n","protected":false},"excerpt":{"rendered":"Tesla lan\u00e7a o SUV el\u00e9trico Model YL: espa\u00e7oso, r\u00e1pido e eficiente, com autonomia recorde e pre\u00e7o competitivo. Imagem:&hellip;\n","protected":false},"author":2,"featured_media":36620,"comment_status":"","ping_status":"","sticky":false,"template":"","format":"standard","meta":{"footnotes":""},"categories":[83],"tags":[88,89,90,32,33],"class_list":{"0":"post-36619","1":"post","2":"type-post","3":"status-publish","4":"format-standard","5":"has-post-thumbnail","7":"category-empresas","8":"tag-business","9":"tag-economy","10":"tag-empresas","11":"tag-portugal","12":"tag-pt"},"share_on_mastodon":{"url":"","error":""},"_links":{"self":[{"href":"https:\/\/www.europesays.com\/pt\/wp-json\/wp\/v2\/posts\/36619","targetHints":{"allow":["GET"]}}],"collection":[{"href":"https:\/\/www.europesays.com\/pt\/wp-json\/wp\/v2\/posts"}],"about":[{"href":"https:\/\/www.europesays.com\/pt\/wp-json\/wp\/v2\/types\/post"}],"author":[{"embeddable":true,"href":"https:\/\/www.europesays.com\/pt\/wp-json\/wp\/v2\/users\/2"}],"replies":[{"embeddable":true,"href":"https:\/\/www.europesays.com\/pt\/wp-json\/wp\/v2\/comments?post=36619"}],"version-history":[{"count":0,"href":"https:\/\/www.europesays.com\/pt\/wp-json\/wp\/v2\/posts\/36619\/revisions"}],"wp:featuredmedia":[{"embeddable":true,"href":"https:\/\/www.europesays.com\/pt\/wp-json\/wp\/v2\/media\/36620"}],"wp:attachment":[{"href":"https:\/\/www.europesays.com\/pt\/wp-json\/wp\/v2\/media?parent=36619"}],"wp:term":[{"taxonomy":"category","embeddable":true,"href":"https:\/\/www.europesays.com\/pt\/wp-json\/wp\/v2\/categories?post=36619"},{"taxonomy":"post_tag","embeddable":true,"href":"https:\/\/www.europesays.com\/pt\/wp-json\/wp\/v2\/tags?post=36619"}],"curies":[{"name":"wp","href":"https:\/\/api.w.org\/{rel}","templated":true}]}}