{"id":36621,"date":"2025-08-19T23:05:14","date_gmt":"2025-08-19T23:05:14","guid":{"rendered":"https:\/\/www.europesays.com\/pt\/36621\/"},"modified":"2025-08-19T23:05:14","modified_gmt":"2025-08-19T23:05:14","slug":"trump-exclui-envio-de-soldados-dos-eua-para-a-ucrania-no-pos-guerra-russia","status":"publish","type":"post","link":"https:\/\/www.europesays.com\/pt\/36621\/","title":{"rendered":"Trump exclui envio de soldados dos EUA para a Ucr\u00e2nia no p\u00f3s-guerra | R\u00fassia"},"content":{"rendered":"<p>N\u00e3o ser\u00e3o enviados soldados norte-americanos para a Ucr\u00e2nia como parte das garantias de seguran\u00e7a dadas ao pa\u00eds europeu no contexto do p\u00f3s-guerra, reafirmou nesta ter\u00e7a-feira o Presidente dos EUA, Donald Trump, um dia depois de ter recebido em Washington o hom\u00f3logo ucraniano, Volodymyr Zelensky, e v\u00e1rios l\u00edderes europeus.<\/p>\n<p>Numa entrevista \u00e0 Fox News na qual fez um balan\u00e7o das <a href=\"https:\/\/www.publico.pt\/2025\/08\/19\/mundo\/perguntaserespostas\/guerra-ucrania-ficamos-saber-washington-2144325\" target=\"_blank\" rel=\"nofollow noopener\">negocia\u00e7\u00f5es da v\u00e9spera<\/a>, Trump disse que pa\u00edses como Fran\u00e7a, Alemanha e Reino Unido est\u00e3o dispon\u00edveis para enviar militares para a Ucr\u00e2nia e, por isso, n\u00e3o acredita que \u201chaver\u00e1 problemas\u201d na quest\u00e3o das <a href=\"https:\/\/www.publico.pt\/2025\/08\/19\/mundo\/noticia\/base-garantias-seguranca-sao-forcas-armadas-ucranianas-antonio-costa-2144356\" target=\"_blank\" rel=\"nofollow noopener\">garantias de seguran\u00e7a<\/a>. Mas em rela\u00e7\u00e3o a um envolvimento directo de for\u00e7as norte-americanas, Trump foi categ\u00f3rico na recusa.<\/p>\n<p>\u201cTem a minha garantia, e eu sou o Presidente\u201d, declarou. Esta era uma pol\u00edtica que tamb\u00e9m o seu antecessor, Joe Biden, defendia, considerando que cabe aos pa\u00edses europeus o papel principal na seguran\u00e7a do continente.<\/p>\n<p>        &#13;<\/p>\n<p>&#13;<br \/>\n                &#13;\n            <\/p>\n<p>&#13;<\/p>\n<p>\u201cTemos um oceano que nos separa\u201d, afirmou Trump, e, por isso, ser\u00e3o os pa\u00edses europeus a estar na linha da frente. \u201cNo que diz respeito \u00e0 seguran\u00e7a, eles est\u00e3o dispostos a p\u00f4r gente no terreno\u201d, acrescentou.<\/p>\n<p>Ainda assim, o Presidente norte-americano mostrou-se aberto a outras formas de coopera\u00e7\u00e3o tendo em vista a <a href=\"https:\/\/www.publico.pt\/2025\/08\/18\/mundo\/noticia\/trump-recebe-zelensky-casa-branca-sorrisos-respostas-2144287\" target=\"_blank\" rel=\"nofollow noopener\">defesa da Ucr\u00e2nia<\/a>, e sublinhou a possibilidade de haver apoio a\u00e9reo dos EUA. \u201cEstamos dispostos a ajud\u00e1-los com coisas, especialmente se estivermos a falar do ar, porque ningu\u00e9m tem o tipo de coisas que n\u00f3s temos\u201d, disse na entrevista desta ter\u00e7a-feira.<\/p>\n<p>N\u00e3o ficou claro, por\u00e9m, a que tipo de apoio a\u00e9reo se referia Trump, podendo tratar-se apenas de aux\u00edlio em opera\u00e7\u00f5es de reconhecimento e vigil\u00e2ncia ou, no limite, \u00e0 participa\u00e7\u00e3o em patrulhas do espa\u00e7o a\u00e9reo com avi\u00f5es de combate.<\/p>\n<p>A concess\u00e3o de garantias de seguran\u00e7a \u00e0 Ucr\u00e2nia \u00e9 um dos t\u00f3picos mais importantes das negocia\u00e7\u00f5es para o fim do conflito. Kiev quer evitar a todo o custo que um futuro acordo de paz venha a deixar as suas fronteiras novamente desprotegidas e seja apenas uma quest\u00e3o de tempo at\u00e9 a R\u00fassia voltar a avan\u00e7ar.<\/p>\n<p>O cen\u00e1rio ideal, do ponto de vista ucraniano, seria a ades\u00e3o \u00e0 NATO, mas Trump j\u00e1 deixou claro n\u00e3o apoiar essa iniciativa. A chamada \u201ccoliga\u00e7\u00e3o dos dispostos\u201d, que junta os pa\u00edses europeus mais empenhados na defesa da Ucr\u00e2nia, tem procurado solu\u00e7\u00f5es que permitam criar condi\u00e7\u00f5es para que as fronteiras ucranianas se mantenham protegidas num contexto p\u00f3s-guerra.<\/p>\n<p>Na mesma entrevista, Trump manifestou algumas d\u00favidas sobre o real interesse do Presidente russo, Vladimir Putin, com <a href=\"https:\/\/www.publico.pt\/2025\/08\/16\/mundo\/noticia\/putin-quer-acordo-abrangente-nao-cessarfogo-trump-zelensky-vai-washington-2144120\" target=\"_blank\" rel=\"nofollow noopener\">quem se reuniu na semana passada<\/a>, em p\u00f4r fim ao conflito. \u201cVamos saber do Presidente Putin nas pr\u00f3ximas semanas. \u00c9 poss\u00edvel que ele n\u00e3o queira fazer um acordo\u201d, afirmou Trump, dizendo que, nesse caso, estar\u00e1 numa \u201csitua\u00e7\u00e3o dif\u00edcil\u201d.<\/p>\n<p>A Administra\u00e7\u00e3o Trump tem amea\u00e7ado com a aplica\u00e7\u00e3o de novas san\u00e7\u00f5es contra pa\u00edses que compram petr\u00f3leo e outras mat\u00e9rias-primas \u00e0 R\u00fassia, caso Putin rejeite chegar a um acordo para acabar com a guerra, mas at\u00e9 agora nada foi feito nesse sentido.<\/p>\n<p>Trump tamb\u00e9m foi questionado sobre as negocia\u00e7\u00f5es relativamente ao territ\u00f3rio que a R\u00fassia reivindica e deixou a garantia de que a Ucr\u00e2nia \u201cvai ficar com muitas terras\u201d, sem esclarecer a que se referia. No entanto, voltou a sugerir que ter\u00e1 de haver concess\u00f5es por parte de Kiev nesta \u00e1rea. \u201cIsto \u00e9 uma guerra, a R\u00fassia \u00e9 uma na\u00e7\u00e3o militar poderosa, quer as pessoas queiram quer n\u00e3o\u201d, afirmou.<\/p>\n<p>Zelensky tem reiterado que n\u00e3o est\u00e1 disposto, nem sequer autorizado por lei, a ceder qualquer parte do territ\u00f3rio internacionalmente reconhecido da Ucr\u00e2nia.<\/p>\n<p>Das reuni\u00f5es de segunda-feira em Washington saiu fortalecida a hip\u00f3tese de vir a ser marcada uma <a href=\"https:\/\/www.publico.pt\/2025\/08\/18\/mundo\/noticia\/encontro-putin-zelensky-estar-breve-indica-trump-2144305\" target=\"_blank\" rel=\"nofollow noopener\">cimeira entre Zelensky e Putin<\/a>, seguida de um encontro trilateral ao qual se ir\u00e1 juntar Trump.<\/p>\n<p>O Kremlin confirmou a disponibilidade do Presidente russo para participar em conversa\u00e7\u00f5es diplom\u00e1ticas em qualquer tipo de formato, mas o ministro dos Neg\u00f3cios Estrangeiros, Serguei Lavrov, disse que a marca\u00e7\u00e3o de uma cimeira entre chefes de Estado deve ser preparada em \u201cgrande pormenor\u201d, indicando que o encontro poder\u00e1 n\u00e3o ser para uma data t\u00e3o breve como tem sido sugerido.<\/p>\n<p>O Presidente franc\u00eas, Emmanuel Macron, sugeriu, em entrevista ao canal LCI, que o encontro fosse marcado para Genebra, na Su\u00ed\u00e7a, pa\u00eds neutro para o qual Putin poder\u00e1 viajar sem receio de ser detido em virtude do mandado de captura internacional emitido pelo Tribunal Penal Internacional. O Governo su\u00ed\u00e7o confirmou esta ter\u00e7a-feira a disponibilidade para conceder imunidade ao chefe de Estado russo para que possa entrar no pa\u00eds para a eventual cimeira.<\/p>\n<p>Na mesma entrevista, Macron deixou patente a enorme desconfian\u00e7a que grassa entre os pa\u00edses europeus em rela\u00e7\u00e3o \u00e0 R\u00fassia, contrastando com a aparente bonomia entre Trump e Putin. Acusando o Presidente russo de \u201craramente honrar os seus compromissos\u201d, Macron descreveu-o como \u201cum predador que, para a sua pr\u00f3pria sobreviv\u00eancia, precisa de continuar a comer\u201d.<\/p>\n","protected":false},"excerpt":{"rendered":"N\u00e3o ser\u00e3o enviados soldados norte-americanos para a Ucr\u00e2nia como parte das garantias de seguran\u00e7a dadas ao pa\u00eds europeu&hellip;\n","protected":false},"author":2,"featured_media":36622,"comment_status":"","ping_status":"","sticky":false,"template":"","format":"standard","meta":{"footnotes":""},"categories":[50],"tags":[27,28,92,413,445,15,16,889,14,25,26,21,22,62,3400,12,13,19,20,23,24,839,17,18,840,29,30,31,63,64,65],"class_list":{"0":"post-36621","1":"post","2":"type-post","3":"status-publish","4":"format-standard","5":"has-post-thumbnail","7":"category-mundo","8":"tag-breaking-news","9":"tag-breakingnews","10":"tag-donald-trump","11":"tag-eua","12":"tag-europa","13":"tag-featured-news","14":"tag-featurednews","15":"tag-guerra-na-ucrania","16":"tag-headlines","17":"tag-latest-news","18":"tag-latestnews","19":"tag-main-news","20":"tag-mainnews","21":"tag-mundo","22":"tag-nato","23":"tag-news","24":"tag-noticias","25":"tag-noticias-principais","26":"tag-noticiasprincipais","27":"tag-principais-noticias","28":"tag-principaisnoticias","29":"tag-russia","30":"tag-top-stories","31":"tag-topstories","32":"tag-ucrania","33":"tag-ultimas","34":"tag-ultimas-noticias","35":"tag-ultimasnoticias","36":"tag-world","37":"tag-world-news","38":"tag-worldnews"},"share_on_mastodon":{"url":"","error":""},"_links":{"self":[{"href":"https:\/\/www.europesays.com\/pt\/wp-json\/wp\/v2\/posts\/36621","targetHints":{"allow":["GET"]}}],"collection":[{"href":"https:\/\/www.europesays.com\/pt\/wp-json\/wp\/v2\/posts"}],"about":[{"href":"https:\/\/www.europesays.com\/pt\/wp-json\/wp\/v2\/types\/post"}],"author":[{"embeddable":true,"href":"https:\/\/www.europesays.com\/pt\/wp-json\/wp\/v2\/users\/2"}],"replies":[{"embeddable":true,"href":"https:\/\/www.europesays.com\/pt\/wp-json\/wp\/v2\/comments?post=36621"}],"version-history":[{"count":0,"href":"https:\/\/www.europesays.com\/pt\/wp-json\/wp\/v2\/posts\/36621\/revisions"}],"wp:featuredmedia":[{"embeddable":true,"href":"https:\/\/www.europesays.com\/pt\/wp-json\/wp\/v2\/media\/36622"}],"wp:attachment":[{"href":"https:\/\/www.europesays.com\/pt\/wp-json\/wp\/v2\/media?parent=36621"}],"wp:term":[{"taxonomy":"category","embeddable":true,"href":"https:\/\/www.europesays.com\/pt\/wp-json\/wp\/v2\/categories?post=36621"},{"taxonomy":"post_tag","embeddable":true,"href":"https:\/\/www.europesays.com\/pt\/wp-json\/wp\/v2\/tags?post=36621"}],"curies":[{"name":"wp","href":"https:\/\/api.w.org\/{rel}","templated":true}]}}