{"id":366282,"date":"2026-05-02T18:51:27","date_gmt":"2026-05-02T18:51:27","guid":{"rendered":"https:\/\/www.europesays.com\/pt\/366282\/"},"modified":"2026-05-02T18:51:27","modified_gmt":"2026-05-02T18:51:27","slug":"cancelada-eleicao-em-espinho-vencedor-atribui-culpa-a-luis-montenegro","status":"publish","type":"post","link":"https:\/\/www.europesays.com\/pt\/366282\/","title":{"rendered":"cancelada elei\u00e7\u00e3o em Espinho. Vencedor atribui culpa a Lu\u00eds Montenegro"},"content":{"rendered":"<p class=\"wp-caption-text top\">dr<\/p>\n<p><img decoding=\"async\" loading=\"lazy\" class=\"wp-image-740619 size-kopa-image-size-3\" src=\"https:\/\/www.europesays.com\/pt\/wp-content\/uploads\/2026\/05\/22c276a05aa7c90566ae2175bcc2a9b0-1-783x450.jpg\" alt=\"\" width=\"700\" height=\"402\"  \/><\/p>\n<p class=\"wp-caption-text bot\">Ricardo Sousa, presidente do PSD \/ Espinho<\/p>\n<p><strong>\u201cFoi porque a lista que assumiu a derrota tinha o apoio do presidente do partido e n\u00e3o foi o resultado que ele pretendia\u201d?<\/strong><\/p>\n<p>As elei\u00e7\u00f5es para a presid\u00eancia do <strong>PSD \/ Espinho<\/strong> foram realizadas no dia 28 de fevereiro. <strong>Ricardo Sousa venceu<\/strong>, derrotando a deputada Carolina Marques por apenas <strong>dois votos.<\/strong><\/p>\n<p>Mas esse resultado foi <strong>anulado.<\/strong> As elei\u00e7\u00f5es para a presid\u00eancia do PSD de Espinho ser\u00e3o <strong>repetidas.<\/strong><\/p>\n<p>A decis\u00e3o do Conselho de Jurisdi\u00e7\u00e3o Distrital baseia-se na <strong>discrep\u00e2ncia entre o n\u00famero de eleitores e de votos<\/strong> em algumas das vota\u00e7\u00f5es realizadas nesse dia.<\/p>\n<p>Ricardo Sousa apresentou um <strong>recurso.<\/strong> O antigo deputado do PSD v\u00ea esta decis\u00e3o como uma tentativa de <strong>Lu\u00eds Montenegro \u201cganhar na secretaria\u201d<\/strong> \u2013 Carolina Marques, derrotada, tinha o apoio de Carla Montenegro, mulher do primeiro-ministro.<\/p>\n<p>\u201cCom enorme <strong>estupefa\u00e7\u00e3o,<\/strong> verificamos que a desconformidade numa elei\u00e7\u00e3o para os \u00f3rg\u00e3os distritais [de Aveiro] est\u00e1 a ser aproveitada para fazer repetir a elei\u00e7\u00e3o para os \u00f3rg\u00e3os da sec\u00e7\u00e3o de Espinho, que decorreu sem qualquer anomalia\u201d, escreveu o l\u00edder da concelhia, em carta aberta aos seus apoiantes.<\/p>\n<p>\u201cN\u00e3o podemos deixar de nos questionar se foi apenas porque<strong> a lista que assumiu a derrota tinha o apoio do presidente do partido e n\u00e3o foi o resultado que ele pretendia<\/strong>\u201d, acrescenta o jurista.<\/p>\n<p>N\u00e3o \u00e9 in\u00e9dito<\/p>\n<p>Este \u00e9 um novo epis\u00f3dio na sucess\u00e3o de casos contra Ricardo Sousa, que os tem atribu\u00eddo a um<strong> \u201cajuste de contas pessoal\u201d<\/strong> por parte de Lu\u00eds Montenegro.<\/p>\n<p>O primeiro deu-se na pr\u00e9-campanha para as <strong>aut\u00e1rquicas<\/strong> de <strong>2025,<\/strong> j\u00e1 que o jurista foi a escolha un\u00e2nime dos militantes locais para cabe\u00e7a-de-lista \u00e0 C\u00e2mara Municipal de Espinho, mas viu depois o processo avocado pelo PSD nacional.<\/p>\n<p>Seguiu-se a indica\u00e7\u00e3o de <strong>Jorge Ratola<\/strong> como candidato alternativo, quando esse era ainda adjunto de Montenegro, o que foi anunciado pela distrital de Aveiro, j\u00e1 ent\u00e3o dirigida por Em\u00eddio Sousa, na altura secret\u00e1rio de Estado do Ambiente e agora das Comunidades.<\/p>\n<p>Ricardo Sousa contestou a mudan\u00e7a primeiro no conselho de jurisdi\u00e7\u00e3o nacional do partido, sem sucesso, e depois junto do Tribunal Constitucional. Isso n\u00e3o impediu a candidatura de Ratola, que em outubro acabou eleito para a C\u00e2mara, mas fonte ligada ao caso disse que o Tribunal optou pelo <strong>indeferimento<\/strong> porque, \u201capesar de ter reconhecido que o processo n\u00e3o foi o mais correto, j\u00e1 n\u00e3o ia a tempo de o retificar\u201d antes das elei\u00e7\u00f5es.<\/p>\n<p>O que n\u00e3o bate certo<\/p>\n<p>Chegado ent\u00e3o o momento de escolher o presidente da concelhia. Ricardo Sousa concorreu a um novo mandato contra Carolina Marques, que, aos 28 anos e com assento na Assembleia da Rep\u00fablica desde 2024, era a <strong>favorita de Montenegro.<\/strong><\/p>\n<p>Sousa venceu por dois votos, tendo a Lusa noticiado na altura que \u00e0s urnas da concelhia compareceram 269 dos 304 militantes inscritos nos cadernos eleitorais dessa estrutura.<\/p>\n<p>Agora que tamb\u00e9m esse resultado \u00e9 impugnado pela hierarquia do partido, Ricardo Sousa salienta que elei\u00e7\u00f5es concelhias e distritais tiveram <strong>\u201curnas diferentes\u201d<\/strong> e <strong>\u201cvota\u00e7\u00e3o aut\u00f3noma\u201d,<\/strong> e afirma: \u201cA desconformidade n\u00e3o se verificou para os \u00f3rg\u00e3os de sec\u00e7\u00e3o [de Espinho], onde o total dos 269 votantes est\u00e3o expressos nos votos depositados em urna, tendo inclusivamente a ata da elei\u00e7\u00e3o sido assinada pelos representantes da lista derrotada\u201d.<\/p>\n<p>A recontagem da distrital \u00e9 que, entretanto, <strong>deixou de bater certo<\/strong>: face aos 269 eleitores chamados a escolher a Mesa da Assembleia Distrital, a Comiss\u00e3o Pol\u00edtica Permanente, a Comiss\u00e3o de Auditoria Financeira e os Delegados de Sec\u00e7\u00e3o, diz agora o conselho de jurisdi\u00e7\u00e3o distrital que faltam tr\u00eas boletins para dois desses \u00f3rg\u00e3os e dois impressos para outro.<\/p>\n<p>Criticando uma impugna\u00e7\u00e3o <strong>\u201curdida<\/strong> no mais absoluto sil\u00eancio, sem notificar ou ouvir a outra parte, sem possibilidade de defesa ou qualquer esclarecimento\u201d, Ricardo Sousa j\u00e1 <strong>recorreu<\/strong> para o Conselho de Jurisdi\u00e7\u00e3o Nacional.<\/p>\n<p>Mesmo \u201csabendo bem que o partido vive sob um <strong>simulacro de democracia<\/strong>\u201d, nesse recurso declara que a elei\u00e7\u00e3o concelhia est\u00e1 a ser \u201cv\u00edtima de contamina\u00e7\u00e3o injustificada e indevida\u201d por causa de erros que s\u00f3 afetam a distrital \u2013 que n\u00e3o respondeu ao pedido de esclarecimento da Lusa \u2013 e classifica de <strong>\u201chabilidade saloia\u201d<\/strong> a tentativa de confundir dois atos como um \u00fanico e de invocar \u201cirregularidades graves que n\u00e3o concretiza\u201d.<\/p>\n<p>Para rematar a sua carta aberta, Ricardo Sousa evoca uma situa\u00e7\u00e3o antiga: \u201c\u00c9 imposs\u00edvel n\u00e3o recordar aqui um facto ocorrido h\u00e1 20 anos, numa elei\u00e7\u00e3o para a sec\u00e7\u00e3o de Espinho, em que o ent\u00e3o presidente da Mesa, <strong>Lu\u00eds Montenegro, admitiu \u00e0 vota\u00e7\u00e3o seis militantes que n\u00e3o constavam do caderno eleitoral<\/strong> emitido pelos servi\u00e7os competentes do partido \u2013 e a lista que apoiava venceu as elei\u00e7\u00f5es por quatro votos\u201d.<\/p>\n<p>Para o jurista, \u201co<strong> padr\u00e3o comportamental \u00e9 o mesmo<\/strong>\u201d e n\u00e3o deve preocupar apenas os militantes do seu concelho: \u201cQuem vive nesta obsess\u00e3o permanente com o PSD de Espinho e com quem legitimamente o dirige n\u00e3o pode estar concentrado como deveria nos dif\u00edceis problemas que o pa\u00eds enfrenta\u201d.<\/p>\n<p>    <a href=\"https:\/\/zap.aeiou.pt\/subscrever-newsletter\" data-wpel-link=\"internal\" rel=\"nofollow noopener\" target=\"_blank\">&#13;<br \/>\n        <img loading=\"lazy\" decoding=\"async\" class=\"aligncenter size-full wp-image-575475\" src=\"https:\/\/www.europesays.com\/pt\/wp-content\/uploads\/2026\/04\/1777520425_465_2d51fe4a0ba54894421ead1809309ed9-1-450x140.jpg\" alt=\"Subscreva a Newsletter ZAP\" width=\"450\" height=\"140\"\/>&#13;<br \/>\n    <\/a><\/p>\n<p>                <a href=\"https:\/\/whatsapp.com\/channel\/0029VaIC4EE2f3EJZPPSbR34\" data-wpel-link=\"external\" rel=\"noopener nofollow\" class=\"ext-link\" target=\"_blank\">&#13;<br \/>\n                    <img loading=\"lazy\" decoding=\"async\" class=\"aligncenter size-full wp-image-575475\" src=\"https:\/\/www.europesays.com\/pt\/wp-content\/uploads\/2026\/04\/1777520426_264_c68c559d956d4ca20f435ed74a6e71e6.png\" alt=\"Siga-nos no WhatsApp\" width=\"175\" height=\"64\"\/>&#13;<br \/>\n                <\/a><\/p>\n<p>                <a href=\"https:\/\/news.google.com\/publications\/CAAiEHRwZondIV71PDjWNoqMduEqFAgKIhB0cGaJ3SFe9Tw41jaKjHbh?hl=en-US&amp;gl=US&amp;ceid=US%3Aen\" data-wpel-link=\"external\" rel=\"noopener nofollow\" class=\"ext-link\" target=\"_blank\">&#13;<br \/>\n                    <img loading=\"lazy\" decoding=\"async\" class=\"aligncenter size-full wp-image-575475\" src=\"https:\/\/www.europesays.com\/pt\/wp-content\/uploads\/2026\/04\/1777520426_779_5123dd8b087b644fdb8f8603acd1bad4.png\" alt=\"Siga-nos no Google News\" width=\"176\" height=\"64\"\/>&#13;<br \/>\n                <\/a><\/p>\n","protected":false},"excerpt":{"rendered":"dr Ricardo Sousa, presidente do PSD \/ Espinho \u201cFoi porque a lista que assumiu a derrota tinha o&hellip;\n","protected":false},"author":2,"featured_media":366283,"comment_status":"","ping_status":"","sticky":false,"template":"","format":"standard","meta":{"footnotes":"","_share_on_mastodon":"0"},"categories":[10],"tags":[27,28,269,2258,7854,15,16,14,25,26,1447,21,22,12,13,19,20,52,32,23,24,4579,33,17,18,29,30,31],"class_list":["post-366282","post","type-post","status-publish","format-standard","has-post-thumbnail","category-portugal","tag-breaking-news","tag-breakingnews","tag-capa","tag-eleicoes","tag-espinho","tag-featured-news","tag-featurednews","tag-headlines","tag-latest-news","tag-latestnews","tag-luis-montenegro","tag-main-news","tag-mainnews","tag-news","tag-noticias","tag-noticias-principais","tag-noticiasprincipais","tag-politica","tag-portugal","tag-principais-noticias","tag-principaisnoticias","tag-psd","tag-pt","tag-top-stories","tag-topstories","tag-ultimas","tag-ultimas-noticias","tag-ultimasnoticias"],"share_on_mastodon":{"url":"https:\/\/pubeurope.com\/@pt\/116506492458152720","error":""},"_links":{"self":[{"href":"https:\/\/www.europesays.com\/pt\/wp-json\/wp\/v2\/posts\/366282","targetHints":{"allow":["GET"]}}],"collection":[{"href":"https:\/\/www.europesays.com\/pt\/wp-json\/wp\/v2\/posts"}],"about":[{"href":"https:\/\/www.europesays.com\/pt\/wp-json\/wp\/v2\/types\/post"}],"author":[{"embeddable":true,"href":"https:\/\/www.europesays.com\/pt\/wp-json\/wp\/v2\/users\/2"}],"replies":[{"embeddable":true,"href":"https:\/\/www.europesays.com\/pt\/wp-json\/wp\/v2\/comments?post=366282"}],"version-history":[{"count":0,"href":"https:\/\/www.europesays.com\/pt\/wp-json\/wp\/v2\/posts\/366282\/revisions"}],"wp:featuredmedia":[{"embeddable":true,"href":"https:\/\/www.europesays.com\/pt\/wp-json\/wp\/v2\/media\/366283"}],"wp:attachment":[{"href":"https:\/\/www.europesays.com\/pt\/wp-json\/wp\/v2\/media?parent=366282"}],"wp:term":[{"taxonomy":"category","embeddable":true,"href":"https:\/\/www.europesays.com\/pt\/wp-json\/wp\/v2\/categories?post=366282"},{"taxonomy":"post_tag","embeddable":true,"href":"https:\/\/www.europesays.com\/pt\/wp-json\/wp\/v2\/tags?post=366282"}],"curies":[{"name":"wp","href":"https:\/\/api.w.org\/{rel}","templated":true}]}}