{"id":36639,"date":"2025-08-19T23:19:27","date_gmt":"2025-08-19T23:19:27","guid":{"rendered":"https:\/\/www.europesays.com\/pt\/36639\/"},"modified":"2025-08-19T23:19:27","modified_gmt":"2025-08-19T23:19:27","slug":"nao-fomos-os-primeiros-a-usar-ferramentas-foram-os-nossos-irmaos-paranthropus-sugere-estudo","status":"publish","type":"post","link":"https:\/\/www.europesays.com\/pt\/36639\/","title":{"rendered":"N\u00e3o fomos os primeiros a usar ferramentas: foram os nossos &#8220;irm\u00e3os&#8221;, Paranthropus, sugere estudo"},"content":{"rendered":"<p class=\"wp-caption-text top\">Wikimedia Commons<\/p>\n<p><img decoding=\"async\" loading=\"lazy\" class=\"wp-image-695378 size-kopa-image-size-3\" src=\"https:\/\/www.europesays.com\/pt\/wp-content\/uploads\/2025\/08\/2ef00cb87f84aa671246634f94ed5fcc-783x450.jpg\" alt=\"\" width=\"700\" height=\"402\"  \/><\/p>\n<p class=\"wp-caption-text bot\">Reconstru\u00e7\u00e3o 3D do Paranthropus boisei, feita por Moacir Elias Santos e ilustrada por C\u00edcero Moraes.<\/p>\n<p><strong>H\u00e1 3 milh\u00f5es de anos, antes de o g\u00e9nero Homo aparecer, descendentes do Australopithecus transportaram pedras a 13 km de dist\u00e2ncia para fabricar ferramentas.<br \/><\/strong><\/p>\n<p>Os primeiros a fabricar e utilizar ferramentas de pedra ter\u00e3o planeado previamente a constru\u00e7\u00e3o, muito mais cedo do que se pensava at\u00e9 agora, ao recolher mat\u00e9rias primas em locais a quil\u00f3metros de dist\u00e2ncia.<\/p>\n<p>Um novo estudo <a href=\"https:\/\/www.science.org\/doi\/10.1126\/sciadv.adu5838\" data-wpel-link=\"external\" target=\"_blank\" rel=\"nofollow external noopener noreferrer\" class=\"ext-link\">publicado<\/a> a 15 de agosto na Science Advances <strong>antecipa em cerca de 600 mil anos<\/strong> a capacidade de mapear mentalmente o territ\u00f3rio e gerir recursos de forma estrat\u00e9gica, segundo o <a href=\"https:\/\/www.iflscience.com\/very-first-humans-to-make-and-use-tools-imported-their-stones-3-million-years-ago-80445\" data-wpel-link=\"external\" target=\"_blank\" rel=\"nofollow external noopener noreferrer\" class=\"ext-link\">IFL Science<\/a>.<\/p>\n<p>A investiga\u00e7\u00e3o decorreu no s\u00edtio arqueol\u00f3gico de Nyayanga, no Qu\u00e9nia, onde foram analisados geoquimicamente 401 artefactos l\u00edticos pertencentes ao chamado <strong>\u201cconjunto Oldowan\u201d<\/strong>, a tradi\u00e7\u00e3o mais antiga de fabrico de utens\u00edlios humanos.<\/p>\n<p>Os resultados revelaram que as pedras usadas provinham de locais situados at\u00e9 13 quil\u00f3metros de dist\u00e2ncia, significativamente superiores \u00e0 qualidade das rochas dispon\u00edveis no pr\u00f3prio local.<\/p>\n<p>\u201cN\u00e3o ligamos os artefactos a fontes definitivas e espec\u00edficas, por isso n\u00e3o temos uma dist\u00e2ncia exata calculada\u201d, explicou a autora do estudo, <strong>Emma Finestone<\/strong>, \u201cmas mais de 10 quil\u00f3metros \u00e9 a forma conservadora de o dizer, e 13 quil\u00f3metros \u00e9 mais realista, tendo em conta o que mostra a nossa disponibilidade de mat\u00e9ria-prima\u201d.<\/p>\n<p>A equipa estima que os artefactos tenham <strong>entre 2,6 milh\u00f5es e 3 milh\u00f5es de anos<\/strong>, uma cronologia especialmente relevante, uma vez que poder\u00e1 anteceder o aparecimento do g\u00e9nero <strong>Homo<\/strong>, at\u00e9 agora associado ao desenvolvimento destas capacidades cognitivas.<\/p>\n<p>Em trabalhos anteriores, os mesmos investigadores j\u00e1 tinham apontado para uma idade mais pr\u00f3xima dos 3 milh\u00f5es de anos, o que refor\u00e7a a hip\u00f3tese de que a utiliza\u00e7\u00e3o planeada de ferramentas n\u00e3o era exclusiva dos primeiros representantes do nosso pr\u00f3prio g\u00e9nero.<\/p>\n<p>Os autores especulam ainda que a presen\u00e7a de f\u00f3sseis do g\u00e9nero <strong>Paranthropus<\/strong> em Nyayanga, linhagem anterior ao Homo que tamb\u00e9m evoluiu do Australopithecus, pode ter sido respons\u00e1vel pela cria\u00e7\u00e3o e utiliza\u00e7\u00e3o das ferramentas encontradas.<\/p>\n<p>\u201cO facto de termos Paranthropus e n\u00e3o o g\u00e9nero Homo em Nyayanga sugere a possibilidade de que Paranthropus possa ter sido o fabricante de ferramentas do conjunto Nyayanga\u201d, admite a autora.<\/p>\n<p>\u201cN\u00e3o me surpreenderia se o Paranthropus fosse capaz de o fazer, mas, at\u00e9 \u00e0 data, n\u00e3o h\u00e1 forma de saber definitivamente que esp\u00e9cie de homin\u00eddeo estava a fabricar as ferramentas de Nyayanga e a trazer as pedras de 10 a 13 quil\u00f3metros de dist\u00e2ncia\u201d, sublinha.<\/p>\n<p>    <a href=\"https:\/\/zap.aeiou.pt\/subscrever-newsletter\" data-wpel-link=\"internal\" rel=\"nofollow noopener\" target=\"_blank\">&#13;<br \/>\n        <img loading=\"lazy\" decoding=\"async\" class=\"aligncenter size-full wp-image-575475\" src=\"https:\/\/www.europesays.com\/pt\/wp-content\/uploads\/2025\/08\/1755434168_358_2d51fe4a0ba54894421ead1809309ed9-1-450x140.jpg\" alt=\"Subscreva a Newsletter ZAP\" width=\"450\" height=\"140\"\/>&#13;<br \/>\n    <\/a><\/p>\n<p>                <a href=\"https:\/\/whatsapp.com\/channel\/0029VaIC4EE2f3EJZPPSbR34\" data-wpel-link=\"external\" target=\"_blank\" rel=\"nofollow external noopener noreferrer\" class=\"ext-link\">&#13;<br \/>\n                    <img loading=\"lazy\" decoding=\"async\" class=\"aligncenter size-full wp-image-575475\" src=\"https:\/\/www.europesays.com\/pt\/wp-content\/uploads\/2025\/08\/1755434169_968_c68c559d956d4ca20f435ed74a6e71e6.png\" alt=\"Siga-nos no WhatsApp\" width=\"175\" height=\"64\"\/>&#13;<br \/>\n                <\/a><\/p>\n<p>                <a href=\"https:\/\/news.google.com\/publications\/CAAiEHRwZondIV71PDjWNoqMduEqFAgKIhB0cGaJ3SFe9Tw41jaKjHbh?hl=en-US&amp;gl=US&amp;ceid=US%3Aen\" data-wpel-link=\"external\" target=\"_blank\" rel=\"nofollow external noopener noreferrer\" class=\"ext-link\">&#13;<br \/>\n                    <img loading=\"lazy\" decoding=\"async\" class=\"aligncenter size-full wp-image-575475\" src=\"https:\/\/www.europesays.com\/pt\/wp-content\/uploads\/2025\/08\/1755434170_730_5123dd8b087b644fdb8f8603acd1bad4.png\" alt=\"Siga-nos no Google News\" width=\"176\" height=\"64\"\/>&#13;<br \/>\n                <\/a><\/p>\n","protected":false},"excerpt":{"rendered":"Wikimedia Commons Reconstru\u00e7\u00e3o 3D do Paranthropus boisei, feita por Moacir Elias Santos e ilustrada por C\u00edcero Moraes. H\u00e1&hellip;\n","protected":false},"author":2,"featured_media":36640,"comment_status":"","ping_status":"","sticky":false,"template":"","format":"standard","meta":{"footnotes":""},"categories":[50],"tags":[3504,27,28,15,16,14,25,26,21,22,62,12,13,19,20,23,24,17,18,29,30,31,63,64,65],"class_list":{"0":"post-36639","1":"post","2":"type-post","3":"status-publish","4":"format-standard","5":"has-post-thumbnail","7":"category-mundo","8":"tag-arqueologia","9":"tag-breaking-news","10":"tag-breakingnews","11":"tag-featured-news","12":"tag-featurednews","13":"tag-headlines","14":"tag-latest-news","15":"tag-latestnews","16":"tag-main-news","17":"tag-mainnews","18":"tag-mundo","19":"tag-news","20":"tag-noticias","21":"tag-noticias-principais","22":"tag-noticiasprincipais","23":"tag-principais-noticias","24":"tag-principaisnoticias","25":"tag-top-stories","26":"tag-topstories","27":"tag-ultimas","28":"tag-ultimas-noticias","29":"tag-ultimasnoticias","30":"tag-world","31":"tag-world-news","32":"tag-worldnews"},"share_on_mastodon":{"url":"","error":""},"_links":{"self":[{"href":"https:\/\/www.europesays.com\/pt\/wp-json\/wp\/v2\/posts\/36639","targetHints":{"allow":["GET"]}}],"collection":[{"href":"https:\/\/www.europesays.com\/pt\/wp-json\/wp\/v2\/posts"}],"about":[{"href":"https:\/\/www.europesays.com\/pt\/wp-json\/wp\/v2\/types\/post"}],"author":[{"embeddable":true,"href":"https:\/\/www.europesays.com\/pt\/wp-json\/wp\/v2\/users\/2"}],"replies":[{"embeddable":true,"href":"https:\/\/www.europesays.com\/pt\/wp-json\/wp\/v2\/comments?post=36639"}],"version-history":[{"count":0,"href":"https:\/\/www.europesays.com\/pt\/wp-json\/wp\/v2\/posts\/36639\/revisions"}],"wp:featuredmedia":[{"embeddable":true,"href":"https:\/\/www.europesays.com\/pt\/wp-json\/wp\/v2\/media\/36640"}],"wp:attachment":[{"href":"https:\/\/www.europesays.com\/pt\/wp-json\/wp\/v2\/media?parent=36639"}],"wp:term":[{"taxonomy":"category","embeddable":true,"href":"https:\/\/www.europesays.com\/pt\/wp-json\/wp\/v2\/categories?post=36639"},{"taxonomy":"post_tag","embeddable":true,"href":"https:\/\/www.europesays.com\/pt\/wp-json\/wp\/v2\/tags?post=36639"}],"curies":[{"name":"wp","href":"https:\/\/api.w.org\/{rel}","templated":true}]}}