{"id":366457,"date":"2026-05-02T21:31:14","date_gmt":"2026-05-02T21:31:14","guid":{"rendered":"https:\/\/www.europesays.com\/pt\/366457\/"},"modified":"2026-05-02T21:31:14","modified_gmt":"2026-05-02T21:31:14","slug":"prometo-voltar-a-sorrir-a-mensagem-de-esperanca-de-gustavo-carona-que-sofre-com-doenca-incapacitante-nacional","status":"publish","type":"post","link":"https:\/\/www.europesays.com\/pt\/366457\/","title":{"rendered":"&#8220;Prometo voltar a sorrir&#8221;: A mensagem de esperan\u00e7a de Gustavo Carona, que sofre com doen\u00e7a incapacitante &#8211; Nacional"},"content":{"rendered":"<p class=\"\">&#13;<br \/>\n        Gustavo Carona tornou-se num dos her\u00f3is da pandemia, sendo um dos m\u00e9dicos na linha da frente do combate \u00e0 Covid-19, mas depois da dedica\u00e7\u00e3o extrema o seu corpo come\u00e7ou a dar sinais de que algo n\u00e3o estava bem, ainda que na altura estivesse longe de imaginar que a vida como a conhecia estava a um ponto de mudar.&#13;\n    <\/p>\n<p class=\"\">&#13;<br \/>\n        <b>&#8220;Eu tenho uma doen\u00e7a, relativamente mal explicada, mas basicamente consiste em dor cr\u00f3nica que tem vindo a agravar nos \u00faltimos anos, que agrava quando estou sentado ou de p\u00e9, o que faz com que eu esteja muito tempo confinado \u00e0 posi\u00e7\u00e3o de deitado, ou seja na cama&#8221;, j\u00e1 explicou o m\u00e9dico, que teve de deixar de exercer e hoje tem bastantes limita\u00e7\u00f5es.<\/b>&#13;\n    <\/p>\n<p class=\"\">&#13;<br \/>\n        <b>&#8220;Por exemplo, ir do Porto at\u00e9 Lisboa hoje para mim \u00e9 um sonho. \u00c9 imposs\u00edvel quase (&#8230;) a minha vida resume-se muito em estar em frente ao computador&#8221;<\/b>, continuou.\u00a0&#13;\n    <\/p>\n<p class=\"\">&#13;<br \/>\n        Quando questionado sobre o nome da doen\u00e7a, Gustavo, de 44 anos, confessou que ainda n\u00e3o h\u00e1 certezas: <b>&#8220;N\u00e3o temos certezas temos interpreta\u00e7\u00f5es, parece ser a doen\u00e7a de Lyme p\u00f3s-tratamento, que \u00e9 uma bact\u00e9ria, que j\u00e1 foi tratada e que depois deixa sintomas a longo prazo. Parecido ao que conhecemos da Covid-19 longa, s\u00edndromes p\u00f3s-infecciosas, que n\u00e3o t\u00eam marcadores inequ\u00edvocos, e os sintomas s\u00e3o tamb\u00e9m inespec\u00edficos, \u00e9 a melhor interpreta\u00e7\u00e3o que eu tenho, at\u00e9 ao momento.&#8221;<\/b>&#13;\n    <\/p>\n<p class=\"\">&#13;<br \/>\n        Apesar da incerteza quanto ao diagn\u00f3stico, a verdade \u00e9 que a doen\u00e7a condiciona, e muito, a vida de Gustavo Carona, que teve de deixar de exercer medicina e de estar t\u00e3o presente no terreno em miss\u00f5es humanit\u00e1rias, como aconteceu no passado, tendo sido j\u00e1 operado pelo menos nove vezes.\u00a0&#13;\n    <\/p>\n<p class=\"\">&#13;<br \/>\n        Apesar do duro diagn\u00f3stico e das incertezas em rela\u00e7\u00e3o ao futuro, nos \u00faltimos dias Gustavo deixou, nas redes sociais, uma onda de esperan\u00e7a, tendo recebido uma avalanche de apoio dos seguidores. &#8220;Prometo voltar a sorrir. Em breve, num planeta perto de si. Se voltar a ter metade da for\u00e7a, vou lutar com o dobro da paix\u00e3o e o triplo do amor&#8221;, escreveu.&#13;\n    <\/p>\n<p>    &#13;<br \/>\n        &#13;<br \/>\n        &#13;<br \/>\n&#13;<\/p>\n","protected":false},"excerpt":{"rendered":"&#13; Gustavo Carona tornou-se num dos her\u00f3is da pandemia, sendo um dos m\u00e9dicos na linha da frente do&hellip;\n","protected":false},"author":2,"featured_media":366458,"comment_status":"","ping_status":"","sticky":false,"template":"","format":"standard","meta":{"footnotes":"","_share_on_mastodon":"0"},"categories":[145],"tags":[211,210,4357,5842,529,4345,114,115,797,462,32,33],"class_list":["post-366457","post","type-post","status-publish","format-standard","has-post-thumbnail","category-celebridades","tag-celebridades","tag-celebrities","tag-doenca","tag-doenca-cronica","tag-doencas","tag-doencas-e-condicoes","tag-entertainment","tag-entretenimento","tag-lisboa","tag-porto","tag-portugal","tag-pt"],"share_on_mastodon":{"url":"https:\/\/pubeurope.com\/@pt\/116507121116518667","error":""},"_links":{"self":[{"href":"https:\/\/www.europesays.com\/pt\/wp-json\/wp\/v2\/posts\/366457","targetHints":{"allow":["GET"]}}],"collection":[{"href":"https:\/\/www.europesays.com\/pt\/wp-json\/wp\/v2\/posts"}],"about":[{"href":"https:\/\/www.europesays.com\/pt\/wp-json\/wp\/v2\/types\/post"}],"author":[{"embeddable":true,"href":"https:\/\/www.europesays.com\/pt\/wp-json\/wp\/v2\/users\/2"}],"replies":[{"embeddable":true,"href":"https:\/\/www.europesays.com\/pt\/wp-json\/wp\/v2\/comments?post=366457"}],"version-history":[{"count":0,"href":"https:\/\/www.europesays.com\/pt\/wp-json\/wp\/v2\/posts\/366457\/revisions"}],"wp:featuredmedia":[{"embeddable":true,"href":"https:\/\/www.europesays.com\/pt\/wp-json\/wp\/v2\/media\/366458"}],"wp:attachment":[{"href":"https:\/\/www.europesays.com\/pt\/wp-json\/wp\/v2\/media?parent=366457"}],"wp:term":[{"taxonomy":"category","embeddable":true,"href":"https:\/\/www.europesays.com\/pt\/wp-json\/wp\/v2\/categories?post=366457"},{"taxonomy":"post_tag","embeddable":true,"href":"https:\/\/www.europesays.com\/pt\/wp-json\/wp\/v2\/tags?post=366457"}],"curies":[{"name":"wp","href":"https:\/\/api.w.org\/{rel}","templated":true}]}}