{"id":366556,"date":"2026-05-02T23:09:32","date_gmt":"2026-05-02T23:09:32","guid":{"rendered":"https:\/\/www.europesays.com\/pt\/366556\/"},"modified":"2026-05-02T23:09:32","modified_gmt":"2026-05-02T23:09:32","slug":"as-fotografias-da-manifestacao-do-1-o-de-maio-em-lisboa-observador","status":"publish","type":"post","link":"https:\/\/www.europesays.com\/pt\/366556\/","title":{"rendered":"As fotografias da manifesta\u00e7\u00e3o do 1.\u00ba de Maio em Lisboa \u2013 Observador"},"content":{"rendered":"<p>Milhares de pessoas assinalaram hoje o Dia de Trabalhador nas ruas de Lisboa, onde se manifestaram contra o pacote laboral e com a greve geral marcada para 3 de junho.<\/p>\n<p>As milhares de pessoas que participam nas comemora\u00e7\u00f5es do 1.\u00ba Maio da CGTP desfilaram durante a tarde entre o Martim Moniz e a Alameda D. Afonso Henriques, onde foi promovido um com\u00edcio sindical, que teve como orador principal o secret\u00e1rio-geral da CGTP, Tiago Oliveira.<\/p>\n<p>Em passo lento, sindicalistas, trabalhadores, jovens e reformados empunhando tarjas, bandeiras e cartazes, gritaram a uma s\u00f3 voz palavras de ordem como: \u201cN\u00e3o vamos desistir, o pacote \u00e9 para cair\u201d, \u201cS\u00f3 interessa ao capital, o pacote laboral\u201d, \u201cO pacote laboral \u00e9 retrocesso social\u201d e \u201cO povo est\u00e1 na rua, a luta continua\u201d.<\/p>\n<p>Em declara\u00e7\u00f5es \u00e0 Lusa, Tiago Oliveira afirmou que a principal reivindica\u00e7\u00e3o \u00e9 a rejei\u00e7\u00e3o total dos trabalhadores ao pacote laboral\u201d, sustentando que passados noves meses o conte\u00fado da legisla\u00e7\u00e3o de altera\u00e7\u00e3o \u00e0 lei do trabalho continua igual.<\/p>\n<p>\u201cSabemos que esta luta \u00e9 prolongada, porque \u00e9 um Governo que n\u00e3o vive as dificuldades de quem trabalha, n\u00e3o sabe qual a realidade da maioria dos trabalhadores e est\u00e1 de m\u00e3os dadas com a maioria dos patr\u00f5es. Tudo quer fazer para levar a cabo uma reforma laboral que \u00e9 extremamente penalizadora para os trabalhadores\u201d, disse, avan\u00e7ando que por isso a CGTP anunciou uma greve geral para 3 de junho para \u201cdar continuidade a esta luta\u201d.<\/p>\n","protected":false},"excerpt":{"rendered":"Milhares de pessoas assinalaram hoje o Dia de Trabalhador nas ruas de Lisboa, onde se manifestaram contra o&hellip;\n","protected":false},"author":2,"featured_media":366557,"comment_status":"","ping_status":"","sticky":false,"template":"","format":"standard","meta":{"footnotes":"","_share_on_mastodon":"0"},"categories":[8],"tags":[61983,27,28,476,15,16,14,25,26,21,22,14385,12,13,19,20,57,32,23,24,4256,33,58,17,18,849,29,30,31],"class_list":["post-366556","post","type-post","status-publish","format-standard","has-post-thumbnail","category-principais-noticias","tag-1-de-maio","tag-breaking-news","tag-breakingnews","tag-economia","tag-featured-news","tag-featurednews","tag-headlines","tag-latest-news","tag-latestnews","tag-main-news","tag-mainnews","tag-manifestau00e7u00f5es","tag-news","tag-noticias","tag-noticias-principais","tag-noticiasprincipais","tag-pau00eds","tag-portugal","tag-principais-noticias","tag-principaisnoticias","tag-protestos","tag-pt","tag-sociedade","tag-top-stories","tag-topstories","tag-trabalho","tag-ultimas","tag-ultimas-noticias","tag-ultimasnoticias"],"share_on_mastodon":{"url":"https:\/\/pubeurope.com\/@pt\/116507506723475716","error":""},"_links":{"self":[{"href":"https:\/\/www.europesays.com\/pt\/wp-json\/wp\/v2\/posts\/366556","targetHints":{"allow":["GET"]}}],"collection":[{"href":"https:\/\/www.europesays.com\/pt\/wp-json\/wp\/v2\/posts"}],"about":[{"href":"https:\/\/www.europesays.com\/pt\/wp-json\/wp\/v2\/types\/post"}],"author":[{"embeddable":true,"href":"https:\/\/www.europesays.com\/pt\/wp-json\/wp\/v2\/users\/2"}],"replies":[{"embeddable":true,"href":"https:\/\/www.europesays.com\/pt\/wp-json\/wp\/v2\/comments?post=366556"}],"version-history":[{"count":0,"href":"https:\/\/www.europesays.com\/pt\/wp-json\/wp\/v2\/posts\/366556\/revisions"}],"wp:featuredmedia":[{"embeddable":true,"href":"https:\/\/www.europesays.com\/pt\/wp-json\/wp\/v2\/media\/366557"}],"wp:attachment":[{"href":"https:\/\/www.europesays.com\/pt\/wp-json\/wp\/v2\/media?parent=366556"}],"wp:term":[{"taxonomy":"category","embeddable":true,"href":"https:\/\/www.europesays.com\/pt\/wp-json\/wp\/v2\/categories?post=366556"},{"taxonomy":"post_tag","embeddable":true,"href":"https:\/\/www.europesays.com\/pt\/wp-json\/wp\/v2\/tags?post=366556"}],"curies":[{"name":"wp","href":"https:\/\/api.w.org\/{rel}","templated":true}]}}