{"id":366676,"date":"2026-05-03T02:19:14","date_gmt":"2026-05-03T02:19:14","guid":{"rendered":"https:\/\/www.europesays.com\/pt\/366676\/"},"modified":"2026-05-03T02:19:14","modified_gmt":"2026-05-03T02:19:14","slug":"mulher-de-faustao-comemora-retomada-da-vida-com-plenitude-em-aniversario-do-apresentador-r7-entretenimento","status":"publish","type":"post","link":"https:\/\/www.europesays.com\/pt\/366676\/","title":{"rendered":"Mulher de Faust\u00e3o comemora \u2018retomada da vida com plenitude\u2019 em anivers\u00e1rio do apresentador \u2013 R7 Entretenimento"},"content":{"rendered":"<p><img decoding=\"async\" data-chromatic=\"ignore\" alt=\"Foto em post homenageia anivers&#xE1;rio do Faust&#xE3;o\" class=\"c-image\" loading=\"lazy\" src=\"https:\/\/www.europesays.com\/pt\/wp-content\/uploads\/2026\/05\/BJPOHJZNUFFXTEMKVFLHL5MFWQ.png\"  width=\"405\" height=\"402\"\/>Foto em post homenageia anivers\u00e1rio do Faust\u00e3o Reprodu\u00e7\u00e3o\/Instagram @lucard <\/p>\n<p class=\"jarvics:base-text-neutral-high-400 xovem:base-text-dark-high-400 base-text-[calc(theme(fontSize.xs)_*_var(--font-size,_1))] base-font-normal base-font-primary base-text-neutral-low-500 base-text-left\">Luciana Cardoso, mulher do apresentador Faust\u00e3o, usou seu perfil no Instagram para publicar uma homenagem ao anivers\u00e1rio do marido, que comemora 76 anos de idade neste s\u00e1bado (2). Nas fotos da postagem, ele aparece tamb\u00e9m ao lado dos filhos, Jo\u00e3o, Lara e Rodrigo.<\/p>\n<p class=\"jarvics:base-text-neutral-high-400 xovem:base-text-dark-high-400 base-text-[calc(theme(fontSize.xs)_*_var(--font-size,_1))] base-font-normal base-font-primary base-text-neutral-low-500 base-text-left\">\u201cHoje \u00e9 o dia dele! A pessoa mais forte e resiliente que eu conhe\u00e7o! Mais um anivers\u00e1rio que \u00e9 um presente para nossa fam\u00edlia. Os \u00faltimos anos foram desafiadores, mas agora posso dizer que estamos chegando na linha de chegada da retomada da vida com a plenitude que voc\u00ea merece\u201d, escreveu.<\/p>\n<p class=\"jarvics:base-text-neutral-high-400 xovem:base-text-dark-high-400 base-text-[calc(theme(fontSize.xs)_*_var(--font-size,_1))] base-font-normal base-font-primary base-text-neutral-low-500 base-text-left\">Luciana prosseguiu celebrando o marido por \u201cse manter firme no prop\u00f3sito de continuar em nossas vidas por mais tempo\u201d e tamb\u00e9m agradeceu \u00e0s \u201cfam\u00edlias que disseram sim \u00e0 doa\u00e7\u00e3o e permitiram que a vida continuasse\u201d.<\/p>\n<p>Artistas parabenizam Faust\u00e3o em anivers\u00e1rio<\/p>\n<p class=\"jarvics:base-text-neutral-high-400 xovem:base-text-dark-high-400 base-text-[calc(theme(fontSize.xs)_*_var(--font-size,_1))] base-font-normal base-font-primary base-text-neutral-low-500 base-text-left\">Diversos artistas usaram os coment\u00e1rios da publica\u00e7\u00e3o para desejar parab\u00e9ns no anivers\u00e1rio de Faust\u00e3o, como Tat\u00e1 Werneck e Ang\u00e9lica. O humorista Tom Cavalcante foi outro a postar uma homenagem, mas em seu perfil pr\u00f3prio.<\/p>\n<p class=\"jarvics:base-text-neutral-high-400 xovem:base-text-dark-high-400 base-text-[calc(theme(fontSize.xs)_*_var(--font-size,_1))] base-font-normal base-font-primary base-text-neutral-low-500 base-text-left\">Em v\u00eddeo, ele mostra uma breve conversa com o apresentador: \u201cAgradecendo a Deus pela sa\u00fade desse cara e uma amizade imensa. Te amo. Que sua recupera\u00e7\u00e3o continue assim, acelerada, para que a gente tenha voc\u00ea mais e mais perto da gente.\u201d<\/p>\n<p class=\"jarvics:base-text-neutral-high-400 xovem:base-text-dark-high-400 base-text-[calc(theme(fontSize.xs)_*_var(--font-size,_1))] base-font-normal base-font-primary base-text-neutral-low-500 base-text-left\">Faust\u00e3o, em bom humor, responde sorridente: \u201cSuper Ant\u00f4nio! Vou pegar a tua vitalidade! Trabalhar em show, televis\u00e3o e cinema! \u2018\u00d4 loco\u2019!\u201d.<\/p>\n","protected":false},"excerpt":{"rendered":"Foto em post homenageia anivers\u00e1rio do Faust\u00e3o Reprodu\u00e7\u00e3o\/Instagram @lucard Luciana Cardoso, mulher do apresentador Faust\u00e3o, usou seu perfil&hellip;\n","protected":false},"author":2,"featured_media":366677,"comment_status":"","ping_status":"","sticky":false,"template":"","format":"standard","meta":{"footnotes":"","_share_on_mastodon":"0"},"categories":[145],"tags":[211,210,114,115,6456,32,33],"class_list":["post-366676","post","type-post","status-publish","format-standard","has-post-thumbnail","category-celebridades","tag-celebridades","tag-celebrities","tag-entertainment","tag-entretenimento","tag-faustao","tag-portugal","tag-pt"],"share_on_mastodon":{"url":"https:\/\/pubeurope.com\/@pt\/116508253805732903","error":""},"_links":{"self":[{"href":"https:\/\/www.europesays.com\/pt\/wp-json\/wp\/v2\/posts\/366676","targetHints":{"allow":["GET"]}}],"collection":[{"href":"https:\/\/www.europesays.com\/pt\/wp-json\/wp\/v2\/posts"}],"about":[{"href":"https:\/\/www.europesays.com\/pt\/wp-json\/wp\/v2\/types\/post"}],"author":[{"embeddable":true,"href":"https:\/\/www.europesays.com\/pt\/wp-json\/wp\/v2\/users\/2"}],"replies":[{"embeddable":true,"href":"https:\/\/www.europesays.com\/pt\/wp-json\/wp\/v2\/comments?post=366676"}],"version-history":[{"count":0,"href":"https:\/\/www.europesays.com\/pt\/wp-json\/wp\/v2\/posts\/366676\/revisions"}],"wp:featuredmedia":[{"embeddable":true,"href":"https:\/\/www.europesays.com\/pt\/wp-json\/wp\/v2\/media\/366677"}],"wp:attachment":[{"href":"https:\/\/www.europesays.com\/pt\/wp-json\/wp\/v2\/media?parent=366676"}],"wp:term":[{"taxonomy":"category","embeddable":true,"href":"https:\/\/www.europesays.com\/pt\/wp-json\/wp\/v2\/categories?post=366676"},{"taxonomy":"post_tag","embeddable":true,"href":"https:\/\/www.europesays.com\/pt\/wp-json\/wp\/v2\/tags?post=366676"}],"curies":[{"name":"wp","href":"https:\/\/api.w.org\/{rel}","templated":true}]}}