{"id":366749,"date":"2026-05-03T04:28:15","date_gmt":"2026-05-03T04:28:15","guid":{"rendered":"https:\/\/www.europesays.com\/pt\/366749\/"},"modified":"2026-05-03T04:28:15","modified_gmt":"2026-05-03T04:28:15","slug":"o-amor-venceu-vito-apoia-sonia-jesus-em-dia-especial-secret-story","status":"publish","type":"post","link":"https:\/\/www.europesays.com\/pt\/366749\/","title":{"rendered":"O amor venceu? Vit\u00f3 apoia S\u00f3nia Jesus em dia especial &#8211; Secret Story"},"content":{"rendered":"<p style=\"margin-bottom:11px\">S\u00f3nia Jesus inaugurou uma nova loja e entre os convidados o que mais chamou \u00e0 aten\u00e7\u00e3o foi Vitor Soares, o seu ex-noivo e pai dos filhos da empres\u00e1ria. A presen\u00e7a de Vit\u00f3, como \u00e9 conhecido, foi a que chamou mais \u00e0 aten\u00e7\u00e3o, uma vez que h\u00e1 v\u00e1rias not\u00edcias que falam numa suposta reconcilia\u00e7\u00e3o.<\/p>\n<p>No meio do evento, Vit\u00f3 declarou publicamente o seu apoio \u00e0 ex-companheira, mostrando que est\u00e1 ao lado de S\u00f3nia Jesus em tudo. \u00ab\u00c9 um orgulho, \u00e9 uma mulher incr\u00edvel. Estou sempre aqui na linha da frente para apoi\u00e1-la em tudo\u00bb, declarou. \u00a0<\/p>\n<p>S\u00f3nia Jesus quebra o sil\u00eancio e revela como terminou a rela\u00e7\u00e3o com Vit\u00f3 <\/p>\n<p>Foi uma das revela\u00e7\u00f5es mais inesperadas da emiss\u00e3o desta manh\u00e3 do <a href=\"https:\/\/tvi.iol.pt\/doisas10\/\" target=\"_blank\" rel=\"nofollow noopener\"><strong>Dois \u00e0s 10<\/strong><\/a>. <strong>S\u00f3nia Jesus<\/strong> esteve \u00e0 conversa com <strong>Cristina Ferreira<\/strong> e <strong>Cl\u00e1udio Ramos<\/strong> e falou pela primeira vez sobre o fim da rela\u00e7\u00e3o com <strong>V\u00edtor Soares<\/strong>.<\/p>\n<p>A ex-concorrente do <a href=\"https:\/\/tvi.iol.pt\/bigbrother\/\" target=\"_blank\" rel=\"nofollow noopener\"><strong>Big Brother 2020<\/strong><\/a> revelou que os \u00faltimos meses foram especialmente dif\u00edceis e admitiu que j\u00e1 n\u00e3o conseguiu esconder o que estava a sentir nas redes sociais. Segundo explicou, a separa\u00e7\u00e3o n\u00e3o aconteceu de forma repentina, mas sim depois de muita reflex\u00e3o por parte dos dois.<\/p>\n<p>Durante a conversa em direto, S\u00f3nia acabou por surpreender ao revelar que o casal tinha planos concretos para o futuro. <strong>\u00abT\u00ednhamos o casamento planeado\u00bb<\/strong>, admitiu, deixando claro que a decis\u00e3o de terminar a rela\u00e7\u00e3o foi tomada em conjunto e com muita maturidade.<\/p>\n<p>Confrontada com o momento mais dif\u00edcil que viveu, a separa\u00e7\u00e3o recente ou o per\u00edodo em que o ex-companheiro esteve detido, a ex-concorrente explicou que as duas situa\u00e7\u00f5es foram completamente diferentes. Na altura da deten\u00e7\u00e3o, acreditava que seria apenas um per\u00edodo complicado e que a rela\u00e7\u00e3o iria continuar.<\/p>\n<p>Apesar do fim da rela\u00e7\u00e3o, S\u00f3nia fez quest\u00e3o de garantir que n\u00e3o existe qualquer conflito entre os dois. A liga\u00e7\u00e3o continua marcada pelo respeito e pela proximidade, sobretudo por causa dos tr\u00eas filhos em comum.<\/p>\n<p>Emocionada, a ex-concorrente deixou ainda uma frase que acabou por marcar a entrevista: o amor nunca vai acabar, porque foram 15 anos juntos. Sem pol\u00e9micas nem acusa\u00e7\u00f5es p\u00fablicas, S\u00f3nia garantiu que ambos querem seguir em frente com respeito e colocando o bem-estar da fam\u00edlia em primeiro lugar.<\/p>\n<p>Veja o momento aqui: <\/p>\n<p>\u00a0<\/p>\n","protected":false},"excerpt":{"rendered":"S\u00f3nia Jesus inaugurou uma nova loja e entre os convidados o que mais chamou \u00e0 aten\u00e7\u00e3o foi Vitor&hellip;\n","protected":false},"author":2,"featured_media":170010,"comment_status":"","ping_status":"","sticky":false,"template":"","format":"standard","meta":{"footnotes":"","_share_on_mastodon":"0"},"categories":[142],"tags":[18706,114,115,18705,32,33,20528,151,18704,23668],"class_list":["post-366749","post","type-post","status-publish","format-standard","has-post-thumbnail","category-tv","tag-bastidores-secret-story","tag-entertainment","tag-entretenimento","tag-entrevistas-concorrentes-tvi","tag-portugal","tag-pt","tag-sonia-jesus","tag-tv","tag-vida-fora-da-casa","tag-vito"],"share_on_mastodon":{"url":"https:\/\/pubeurope.com\/@pt\/116508760825576826","error":""},"_links":{"self":[{"href":"https:\/\/www.europesays.com\/pt\/wp-json\/wp\/v2\/posts\/366749","targetHints":{"allow":["GET"]}}],"collection":[{"href":"https:\/\/www.europesays.com\/pt\/wp-json\/wp\/v2\/posts"}],"about":[{"href":"https:\/\/www.europesays.com\/pt\/wp-json\/wp\/v2\/types\/post"}],"author":[{"embeddable":true,"href":"https:\/\/www.europesays.com\/pt\/wp-json\/wp\/v2\/users\/2"}],"replies":[{"embeddable":true,"href":"https:\/\/www.europesays.com\/pt\/wp-json\/wp\/v2\/comments?post=366749"}],"version-history":[{"count":0,"href":"https:\/\/www.europesays.com\/pt\/wp-json\/wp\/v2\/posts\/366749\/revisions"}],"wp:featuredmedia":[{"embeddable":true,"href":"https:\/\/www.europesays.com\/pt\/wp-json\/wp\/v2\/media\/170010"}],"wp:attachment":[{"href":"https:\/\/www.europesays.com\/pt\/wp-json\/wp\/v2\/media?parent=366749"}],"wp:term":[{"taxonomy":"category","embeddable":true,"href":"https:\/\/www.europesays.com\/pt\/wp-json\/wp\/v2\/categories?post=366749"},{"taxonomy":"post_tag","embeddable":true,"href":"https:\/\/www.europesays.com\/pt\/wp-json\/wp\/v2\/tags?post=366749"}],"curies":[{"name":"wp","href":"https:\/\/api.w.org\/{rel}","templated":true}]}}