{"id":36675,"date":"2025-08-19T23:56:07","date_gmt":"2025-08-19T23:56:07","guid":{"rendered":"https:\/\/www.europesays.com\/pt\/36675\/"},"modified":"2025-08-19T23:56:07","modified_gmt":"2025-08-19T23:56:07","slug":"uma-ex-sporting-um-dragao-e-salah-eis-os-melhores-do-ano-da-premier-league-zerozero-pt","status":"publish","type":"post","link":"https:\/\/www.europesays.com\/pt\/36675\/","title":{"rendered":"Uma ex-Sporting, um Drag\u00e3o e Salah: eis os melhores do ano da Premier League &#8211; zerozero.pt"},"content":{"rendered":"<ol>\n<li><a href=\"https:\/\/news.google.com\/rss\/articles\/CBMitAFBVV95cUxNdHVmQkVHMnBwWEhaT1p3aDhxOXB4cTVkY1ZQWENJTjV4UFliRndadmhEZlRWZEVEZnpqWmFMaVJybVh2bnlkR0J6UFUzRHgyamFmSURQYTQ5NlBYeGdYbGllMjZSNnZmRHI0V2RwamF5aXN2bndodnp5Vlc5VmJDZG5IZ2ZNeXlSSi1NRE9ZWFM0LTlsVHRVSXlPN2JCcEpIZFBWSlB5VkNQUWNmSVZiSmpnN0E?oc=5\" target=\"_blank\" rel=\"nofollow noopener\">Uma ex-Sporting, um Drag\u00e3o e Salah: eis os melhores do ano da Premier League<\/a>&nbsp;&nbsp;zerozero.pt<\/li>\n<li><a href=\"https:\/\/news.google.com\/rss\/articles\/CBMijgJBVV95cUxQNXo5dlpwZ0xBOXczMVc2dmdjMm8xUkhsNkdLdE1iQUVLdkRZS0l5b1RkVzEyS183NDRDS0praUJIcFAyMm5tMmZyTXZGdzN5SVItZGpBYnZNeUNiMEhVM3pXTnhUSUttZUE5U2ttR3BMMFNBNHZxZHBuU0FUWGphLVZZaWFmOGtfR2IzTkFHb0U2UGtOLVNkd1ZkSlN0MklQVUVGUGM2Z0QyWjlsTnkweEl4S3E1VGxvY29iUmNKcndZMkNmTEtBSWRlbDNlcXRteHU1TEtOTHRLdlVNLUpLYjlWT3RIOEw0bzdKdklJWUtXOFlUNjRDMGo3VmZPWUhVcC0tVXBpUWZNY2NkTGfSAZwCQVVfeXFMUGllejlVblZna1NvTHk5akJOTTlCRnJQUmp5bHZRdnI5OVdoTW8wREROQU5GOW5yM2pVMWRPaGw0WDZ0VkxGZkxUaVNkbkYzWk1meFNSRmt2Rm0yRjFoY0NIMWMxRTVuVTZGcENEOHo5eWdfVEptU2d0S0hnY011b19YZ3g4cFZfQUpjZ1lsRy01bjBMWkNfT3pMWi1NSWVPS0RZcVgwd0dJakdZdGotVDM1ZVg1MWtPY2JCUHMtTzZoaGV0VXFqYm9CenpkbFVvcXFMeERrZUVpRDdaUmNKSFZtOE16ZDhpWE9va204eDZjWDVscHY4MlIySGdDS3lrZXJHdlE4QXRTNjVJYUs4NkhfSzdUcE43NDNRSEc?oc=5\" target=\"_blank\" rel=\"nofollow noopener\">Gabriel Magalh\u00e3es \u00e9 \u00fanico brasileiro eleito pelos jogadores para sele\u00e7\u00e3o da Premier League<\/a>&nbsp;&nbsp;ge<\/li>\n<li><a href=\"https:\/\/news.google.com\/rss\/articles\/CBMizAFBVV95cUxONjlVdnJhOXkyNzZ5SXN1RUlaSEozS0cwSi02SmJIZEJ2V1c2VEdSYXFIcl9PSm9xU1NVNmgzY0c1NHRqcHBVTVVTM1M3RWZDVUJpTVR5NWUxVkVHT2R2VmRjZk1DRzdpWHhnU3lEaGxLaDdYOEZFTjNUanlmYUdmQ05uTFNLUHdPXzRDZldadEdxdGR6YzVJTDdCR2tBY2FKWE1PUm5MMG9DVGZLODVXbkdtaTVBZFdlWml3TkExc1ZGbGRfcTIzTHBNRXI?oc=5\" target=\"_blank\" rel=\"nofollow noopener\">Salah e Mariona Caldentey s\u00e3o eleitos Jogadores do Ano na Inglaterra<\/a>&nbsp;&nbsp;UOL Not\u00edcias<\/li>\n<li><a href=\"https:\/\/news.google.com\/rss\/articles\/CBMi7AFBVV95cUxNWVlEc0duUUlGWktBRm9oczl6X3p6RzBHb2ozaWRYUjFiMlpyQnJlUlAtbzhDRFhGekxmd192T2RmMXVva3dhLXNWYTNjSF9QeHhpV3pYbVA3MmRUVjJqb0Npc2ZEdmJWcER2T3B6NDlxaG56c0dONWxFMUdwWEprZU1oVUV4TUQ3RzllNEQ4N0xQek1QN1lzaXowaWYwUGY2cVJBZGFzS0YtT1JMU2VkcUQydGNLNDVIX3FJSUZ4SUhPQzJIWlJYa2QtQUVQRF9VdjJXN3FuM0JBZE9LYnFoMWdPU3NqaElfNUoxNQ?oc=5\" target=\"_blank\" rel=\"nofollow noopener\">Salah ganha pr\u00eamio de Jogador do Ano na Inglaterra pela in\u00e9dita terceira vez<\/a>&nbsp;&nbsp;Terra<\/li>\n<li><a href=\"https:\/\/news.google.com\/rss\/articles\/CBMivAFBVV95cUxPWFZjLUREbDNwbHl4RjNXdWo0bmtLWXFpeElNdXB1RnJNb0pmR0J1dUN1T18wU3RQQWZiMUVIRWwwQVY2R0VJc1REYWFkZ0NoY0tabU00VFZZVTdQSkMyZGIxc1lobEt5ZEI5bXZqUlhoZDZINVRNRmJJOGVyc1VaNE1TalVjTzJLN25zU3hCa0lfcTdrWVh0cTBLLWJfd2FGM0ZKUGVJcnp0bTlmREhFMk15UzlKdVZ5TnNtatIBwgFBVV95cUxPemZubnhpdk9NY0lBckVFMHdudnAyUTRtNnBwNTJBU25GMHM0S1lxdmhGNDFRcXA4dHc2WUFkQlNHQ2xFWmphbWphZldDdHpvVXlNSGtqSUllYTBicGdsSWxBRzJfZ2NKQjFZbHN6N3RQWm14VXdMcVpNaDBpMjd1dHAwOGlTOGRPZjVVd2NzWlJ0RnlaT3pmTVVKU01QSGZyNi1GcnhfbFFBXzF5LUtMb1RpS0pJQmhBRGRHLUJJdUJWZw?oc=5\" target=\"_blank\" rel=\"nofollow noopener\">Salah quebra recorde e vence pr\u00eamio de Jogador do Ano da PFA; confira<\/a>&nbsp;&nbsp;LANCE!<\/li>\n<\/ol>\n","protected":false},"excerpt":{"rendered":"Uma ex-Sporting, um Drag\u00e3o e Salah: eis os melhores do ano da Premier League&nbsp;&nbsp;zerozero.pt Gabriel Magalh\u00e3es \u00e9 \u00fanico&hellip;\n","protected":false},"author":2,"featured_media":36676,"comment_status":"","ping_status":"","sticky":false,"template":"","format":"standard","meta":{"footnotes":""},"categories":[87],"tags":[135,526,524,13,32,33,527,525,134,523],"class_list":{"0":"post-36675","1":"post","2":"type-post","3":"status-publish","4":"format-standard","5":"has-post-thumbnail","7":"category-desporto","8":"tag-desporto","9":"tag-football","10":"tag-futebol","11":"tag-noticias","12":"tag-portugal","13":"tag-pt","14":"tag-resultados","15":"tag-soccer","16":"tag-sports","17":"tag-zerozero"},"share_on_mastodon":{"url":"","error":""},"_links":{"self":[{"href":"https:\/\/www.europesays.com\/pt\/wp-json\/wp\/v2\/posts\/36675","targetHints":{"allow":["GET"]}}],"collection":[{"href":"https:\/\/www.europesays.com\/pt\/wp-json\/wp\/v2\/posts"}],"about":[{"href":"https:\/\/www.europesays.com\/pt\/wp-json\/wp\/v2\/types\/post"}],"author":[{"embeddable":true,"href":"https:\/\/www.europesays.com\/pt\/wp-json\/wp\/v2\/users\/2"}],"replies":[{"embeddable":true,"href":"https:\/\/www.europesays.com\/pt\/wp-json\/wp\/v2\/comments?post=36675"}],"version-history":[{"count":0,"href":"https:\/\/www.europesays.com\/pt\/wp-json\/wp\/v2\/posts\/36675\/revisions"}],"wp:featuredmedia":[{"embeddable":true,"href":"https:\/\/www.europesays.com\/pt\/wp-json\/wp\/v2\/media\/36676"}],"wp:attachment":[{"href":"https:\/\/www.europesays.com\/pt\/wp-json\/wp\/v2\/media?parent=36675"}],"wp:term":[{"taxonomy":"category","embeddable":true,"href":"https:\/\/www.europesays.com\/pt\/wp-json\/wp\/v2\/categories?post=36675"},{"taxonomy":"post_tag","embeddable":true,"href":"https:\/\/www.europesays.com\/pt\/wp-json\/wp\/v2\/tags?post=36675"}],"curies":[{"name":"wp","href":"https:\/\/api.w.org\/{rel}","templated":true}]}}