{"id":366947,"date":"2026-05-03T10:21:12","date_gmt":"2026-05-03T10:21:12","guid":{"rendered":"https:\/\/www.europesays.com\/pt\/366947\/"},"modified":"2026-05-03T10:21:12","modified_gmt":"2026-05-03T10:21:12","slug":"bernardina-brito-publica-video-ao-colo-de-outro-homem-arrepende-se-e-apaga-video","status":"publish","type":"post","link":"https:\/\/www.europesays.com\/pt\/366947\/","title":{"rendered":"Bernardina Brito &#8211; Publica v\u00eddeo ao colo de outro homem, arrepende-se e apaga [V\u00eddeo]"},"content":{"rendered":"<p><strong>Bernardina Brito<\/strong>, que recentemente assumiu uma rela\u00e7\u00e3o com o cantor <strong>Badoxa<\/strong>, tendo inclusive j\u00e1 partilhado um <a href=\"https:\/\/www.novagente.pt\/bernardina-brito-beija-badoxa-filhos-reagem-eis-video-que-esta-dar-que-falar\" target=\"_blank\" rel=\"nofollow noopener\">v\u00eddeo ao lado dos filhos<\/a> na companhia do namorado, cometeu um aparente descuido.<\/p>\n<p>Ora, h\u00e1 instantes, a ex-Casa dos Segredos partilhou um v\u00eddeo nas suas redes sociais em que se mostra no sof\u00e1 ao colo de outro homem numa troca de car\u00edcias, com direito a beijinhos no rosto e abra\u00e7os.<\/p>\n<p>O v\u00eddeo apagado<\/p>\n<p>\u00a0<\/p>\n<p>\u00a0<\/p>\n<p>O v\u00eddeo s\u00f3 esteve online poucos instantes, n\u00e3o havendo d\u00favida de que ter\u00e1 sido partilhado por engano. Al\u00e9m disso, \u00e9 poss\u00edvel constatar que se trata de um v\u00eddeo feito hoje j\u00e1 que se ouve o relato do jogo do Benfica e \u00e9 tamb\u00e9m poss\u00edvel confirmar que a ex de Tiago Ginga est\u00e1 com a mesma camisola com que, minutos antes, partilhou uma story.<\/p>\n<p>Ouve-se algu\u00e9m a sussurrar &#8220;posta, posta&#8221;, enquanto que Bernardina diz: &#8220;\u00d3 [nome impercet\u00edvel], vai dar banho ao c\u00e3o&#8221;.<\/p>\n<p>Texto: Tom\u00e1s Casc\u00e3o; Fotos: Redes sociais<\/p>\n<p>\u00a0<\/p>\n<p class=\"intagram-text\">Siga a Nova Gente no Instagram<\/p>\n<p>                        <a href=\"https:\/\/www.instagram.com\/revistanovagente\/\" target=\"_blank\" aria-label=\"instagram\" rel=\"noopener nofollow\"><img decoding=\"async\" style=\"display: block; margin-left: auto; margin-right: auto; width: 250px; height: 83px;\" src=\"https:\/\/www.europesays.com\/pt\/wp-content\/uploads\/2026\/04\/Instagram_NG.png\" alt=\"instagram\"\/><\/a><br \/>\n                    <script async src=\"\/\/www.instagram.com\/embed.js\"><\/script><\/p>\n","protected":false},"excerpt":{"rendered":"Bernardina Brito, que recentemente assumiu uma rela\u00e7\u00e3o com o cantor Badoxa, tendo inclusive j\u00e1 partilhado um v\u00eddeo ao&hellip;\n","protected":false},"author":2,"featured_media":366948,"comment_status":"","ping_status":"","sticky":false,"template":"","format":"standard","meta":{"footnotes":"","_share_on_mastodon":"0"},"categories":[85],"tags":[13486,5303,114,115,32,33],"class_list":["post-366947","post","type-post","status-publish","format-standard","has-post-thumbnail","category-entretenimento","tag-badoxa","tag-bernardina-brito","tag-entertainment","tag-entretenimento","tag-portugal","tag-pt"],"share_on_mastodon":{"url":"https:\/\/pubeurope.com\/@pt\/116510149509566001","error":""},"_links":{"self":[{"href":"https:\/\/www.europesays.com\/pt\/wp-json\/wp\/v2\/posts\/366947","targetHints":{"allow":["GET"]}}],"collection":[{"href":"https:\/\/www.europesays.com\/pt\/wp-json\/wp\/v2\/posts"}],"about":[{"href":"https:\/\/www.europesays.com\/pt\/wp-json\/wp\/v2\/types\/post"}],"author":[{"embeddable":true,"href":"https:\/\/www.europesays.com\/pt\/wp-json\/wp\/v2\/users\/2"}],"replies":[{"embeddable":true,"href":"https:\/\/www.europesays.com\/pt\/wp-json\/wp\/v2\/comments?post=366947"}],"version-history":[{"count":0,"href":"https:\/\/www.europesays.com\/pt\/wp-json\/wp\/v2\/posts\/366947\/revisions"}],"wp:featuredmedia":[{"embeddable":true,"href":"https:\/\/www.europesays.com\/pt\/wp-json\/wp\/v2\/media\/366948"}],"wp:attachment":[{"href":"https:\/\/www.europesays.com\/pt\/wp-json\/wp\/v2\/media?parent=366947"}],"wp:term":[{"taxonomy":"category","embeddable":true,"href":"https:\/\/www.europesays.com\/pt\/wp-json\/wp\/v2\/categories?post=366947"},{"taxonomy":"post_tag","embeddable":true,"href":"https:\/\/www.europesays.com\/pt\/wp-json\/wp\/v2\/tags?post=366947"}],"curies":[{"name":"wp","href":"https:\/\/api.w.org\/{rel}","templated":true}]}}