{"id":36753,"date":"2025-08-20T01:24:07","date_gmt":"2025-08-20T01:24:07","guid":{"rendered":"https:\/\/www.europesays.com\/pt\/36753\/"},"modified":"2025-08-20T01:24:07","modified_gmt":"2025-08-20T01:24:07","slug":"raul-gil-rompe-o-silencio-apos-polemica-com-a-filha-e-a-neta-se-puderem-se-retratar","status":"publish","type":"post","link":"https:\/\/www.europesays.com\/pt\/36753\/","title":{"rendered":"Raul Gil rompe o sil\u00eancio ap\u00f3s pol\u00eamica com a filha e a neta: \u2018Se puderem se retratar&#8217;"},"content":{"rendered":"<p>O apresentador Raul Gil grava v\u00eddeo ap\u00f3s ser alvo de pol\u00eamica na internet por causa de v\u00eddeo da neta Raquel, filha de Nanci Gil<\/p>\n<p>O apresentador <a href=\"https:\/\/caras.com.br\/tags\/raul-gil\" rel=\"noopener nofollow\" target=\"_blank\"><strong>Raul Gil<\/strong><\/a> gravou um v\u00eddeo nesta ter\u00e7a-feira, 19, para falar sobre a pol\u00eamica envolvendo a filha, <strong>Nanci Gil<\/strong>, e a neta <strong>Raquel<\/strong>. Ele falou sobre opini\u00e3o sobre as declara\u00e7\u00f5es das duas contra ele e seu filho, <strong>Raul Gil Jr<\/strong>.<\/p>\n<p>Tudo come\u00e7ou quando um v\u00eddeo de Raquel repercutiu nas redes sociais, no qual ela afirmou que recebeu uma ordem extrajudicial para n\u00e3o falar sobre a fam\u00edlia publicamente. Com isso, Raul Gil se pronunciou publicamente e disse que faz ora\u00e7\u00f5es pela filha e pela neta e que sempre deu apoio financeiro para elas.<\/p>\n<p>&#8220;Voc\u00eas que t\u00eam acompanhado Instagram, YouTube&#8230; E tem visto a minha filha, Nanci, que eu amo tanto, e a minha neta Raquel, que eu amo tamb\u00e9m, falando coisas do pai. Minha filha Nanci, desde que nasceu, eu cuido dela com maior carinho do mundo. Quando ela fez 15 anos, meu Deus, entreguei meu cora\u00e7\u00e3o. Fiz um fest\u00e3o com um monte de artista. Nanci casou-se, teve programas na Record, teve programas na Rede de Mulher&#8230; Minha filha nunca passou necessidade, nem minha filha, nem minha neta, nenhuma das duas passou necessidade e todas as viagens que elas fizeram, eu tava l\u00e1, patrocinei, n\u00e3o queria nem saber. Londres, Jap\u00e3o, Coreia&#8230; N\u00e3o deixei minha minha filha e minha neta passarem por momentos desagrad\u00e1veis&#8221;, disse ele.<\/p>\n<p>E completou: &#8220;Se elas falaram de mim, que que eu vou fazer? Elas falaram pela pr\u00f3pria vontade. Ai se todos os pais fossem como eu fui e sou, mas assim mesmo eu oro por elas, leio a B\u00edblia. Eu leio a B\u00edblia h\u00e1 mais de 20 anos. A minha f\u00e9 \u00e9 grande, poderosa, amo a Deus, nosso Senhor Jesus Cristo. Amo a Sagrada Fam\u00edlia e a minha Nossa Senhora da Aparecida. E por favor, se voc\u00eas puderem se retratar, eu agradeceria do fundo do meu cora\u00e7\u00e3o, porque, na verdade, tem 5 milh\u00f5es de pessoas me condenando. Voc\u00eas, Nanci e Raquel, sabem o quanto eu trabalhei, o quanto eu lutei&#8221;.<\/p>\n<p>Por fim, ele rebateu um tema pol\u00eamico. &#8220;Nunca falei para voc\u00ea ir lavar lou\u00e7a, n\u00e3o. Eu lavei muita lou\u00e7a, eu gosto de lavar lou\u00e7a. Voc\u00ea fica falando que eu mandei voc\u00ea lavar lou\u00e7a. Mandei: &#8220;Gra\u00e7as a Deus que voc\u00ea tem lou\u00e7a para lavar. Tem gente que n\u00e3o tem nem comida&#8217;. Minha filha, minha neta, tenho meu filho, minhas netas, tem minha nora e tem o meu filho Raul Gil J\u00fanior, que trabalha comigo h\u00e1 40 anos. 40 anos ali, \u00f3, junto comigo, dirigindo os programas que eu fiz at\u00e9 agora, que eu considero hoje um dos maiores programas e mais perfeito do Brasil. E eu sa\u00ed do ar por qu\u00ea? Problema da idade. Sei l\u00e1, mas eu vou voltar. Eu estou voltando. Aguarde a\u00ed porque vem a\u00ed programa Raul Gil. Um beijo para voc\u00ea, Nanci. Um beijo para Raquel. Um beijo pro Raul, pra Carol e pras minhas netas. Que Deus aben\u00e7oe voc\u00eas&#8221;, finalizou.\u00a0<\/p>\n<p>O que Raquel falou sobre o av\u00f4?<\/p>\n<p>Em um v\u00eddeo nas redes sociais, Raquel Gil falou sobre a ordem extrajudicial que sua fam\u00edlia recebeu. &#8220;A gente recebeu uma ordem extrajudicial vinda do meu tio, ou seja, do meu pr\u00f3prio sangue, que a gente n\u00e3o pode falar nada sobre a fam\u00edlia na qual a gente nasceu, cresceu, da qual a gente supostamente faz parte. N\u00e3o pode falar mais nada da nossa vida, que foi gravada, registrada n\u00e3o s\u00f3 pela imprensa, e por todos que testemunharam nossos desafios e conquistas. Como minha m\u00e3e j\u00e1 tomou muito a frente, eu resolvi ser quem fala, agora, dessa vez&#8221;, disse ela.\u00a0<\/p>\n<p>E completou: &#8220;N\u00e3o podemos mudar nossa fam\u00edlia, nosso DNA, nosso sobrenome, nossos parentes pr\u00f3ximos&#8221;.\u00a0<\/p>\n","protected":false},"excerpt":{"rendered":"O apresentador Raul Gil grava v\u00eddeo ap\u00f3s ser alvo de pol\u00eamica na internet por causa de v\u00eddeo da&hellip;\n","protected":false},"author":2,"featured_media":36754,"comment_status":"","ping_status":"","sticky":false,"template":"","format":"standard","meta":{"footnotes":""},"categories":[145],"tags":[211,210,114,115,32,33,10704,578],"class_list":{"0":"post-36753","1":"post","2":"type-post","3":"status-publish","4":"format-standard","5":"has-post-thumbnail","7":"category-celebridades","8":"tag-celebridades","9":"tag-celebrities","10":"tag-entertainment","11":"tag-entretenimento","12":"tag-portugal","13":"tag-pt","14":"tag-raul-gil","15":"tag-video"},"share_on_mastodon":{"url":"","error":""},"_links":{"self":[{"href":"https:\/\/www.europesays.com\/pt\/wp-json\/wp\/v2\/posts\/36753","targetHints":{"allow":["GET"]}}],"collection":[{"href":"https:\/\/www.europesays.com\/pt\/wp-json\/wp\/v2\/posts"}],"about":[{"href":"https:\/\/www.europesays.com\/pt\/wp-json\/wp\/v2\/types\/post"}],"author":[{"embeddable":true,"href":"https:\/\/www.europesays.com\/pt\/wp-json\/wp\/v2\/users\/2"}],"replies":[{"embeddable":true,"href":"https:\/\/www.europesays.com\/pt\/wp-json\/wp\/v2\/comments?post=36753"}],"version-history":[{"count":0,"href":"https:\/\/www.europesays.com\/pt\/wp-json\/wp\/v2\/posts\/36753\/revisions"}],"wp:featuredmedia":[{"embeddable":true,"href":"https:\/\/www.europesays.com\/pt\/wp-json\/wp\/v2\/media\/36754"}],"wp:attachment":[{"href":"https:\/\/www.europesays.com\/pt\/wp-json\/wp\/v2\/media?parent=36753"}],"wp:term":[{"taxonomy":"category","embeddable":true,"href":"https:\/\/www.europesays.com\/pt\/wp-json\/wp\/v2\/categories?post=36753"},{"taxonomy":"post_tag","embeddable":true,"href":"https:\/\/www.europesays.com\/pt\/wp-json\/wp\/v2\/tags?post=36753"}],"curies":[{"name":"wp","href":"https:\/\/api.w.org\/{rel}","templated":true}]}}