{"id":367544,"date":"2026-05-03T20:43:10","date_gmt":"2026-05-03T20:43:10","guid":{"rendered":"https:\/\/www.europesays.com\/pt\/367544\/"},"modified":"2026-05-03T20:43:10","modified_gmt":"2026-05-03T20:43:10","slug":"tenis-mais-um-feito-historico-para-jannik-sinner-tenis","status":"publish","type":"post","link":"https:\/\/www.europesays.com\/pt\/367544\/","title":{"rendered":"T\u00e9nis: mais um feito hist\u00f3rico para Jannik Sinner | T\u00e9nis"},"content":{"rendered":"<p>Menos de uma hora foi de quanto precisou Jannik Sinner para se tornar no primeiro homem a conquistar cinco t\u00edtulos consecutivos da categoria Masters 1000 e os primeiro quatro da \u00e9poca nesta categoria. Uma s\u00e9rie iniciada em Outubro, em Paris, prolongada este ano em Indian Wells, Miami e Monte Carlo e coroada neste domingo em Madrid, com um claro triunfo sobre Alexander Zverev, por 6-1, 6-2.<\/p>\n<p>Esperava-se mais de um duelo entre o primeiro e o terceiro tenistas da hierarquia mundial, mas Sinner entrou de rompante e, ao fim de 18 minutos, liderava por 5-0, com o alem\u00e3o a somar somente cinco pontos. Zverev entrou melhor no segundo set, mas a partir do break para 4-2 deixou de acreditar e o italiano controlou at\u00e9 concluir ao fim de 58 minutos.<\/p>\n<p>\u201cComecei muito bem, \u2018quebrando\u2019 o servi\u00e7o dele logo de in\u00edcio. Ele n\u00e3o estava a jogar o seu melhor t\u00e9nis, por isso, tentei apenas manter-me na frente e estou muito feliz, obviamente, com o n\u00edvel a que estou a jogar\u201d, destacou Sinner, que perdeu apenas sete pontos nos seus jogos de servi\u00e7o e n\u00e3o enfrentou qualquer break-point.<\/p>\n<p>Este foi o 28.\u00ba t\u00edtulo da carreira do italiano de 24 anos, nono na categoria Masters 1000, e a 23.\u00aa vit\u00f3ria consecutiva no circuito. \u201cH\u00e1 muito trabalho por detr\u00e1s, muita dedica\u00e7\u00e3o e sacrif\u00edcio que coloco todos os dias. Obviamente, significa muito para mim ver estes resultados. A dada altura, os resultados v\u00e3o diminuir, o que \u00e9 normal. Estou muito feliz por ter continuado a acreditar em mim. Estou presente todos os dias, em cada sess\u00e3o de treino, a tentar fazer o trabalho certo com a disciplina certa\u201d, resumiu.<\/p>\n<p>Sinner somou a nona vit\u00f3ria consecutiva sobre Zverev e n\u00e3o perde um set para este advers\u00e1rio desde Outubro de 2024. Na pr\u00f3xima semana, o italiano estar\u00e1 em Roma, onde as expectativas dos compatriotas na conquista de um novo t\u00edtulo ser\u00e3o ainda maiores.<\/p>\n<p>Na Alemanha, Jaime Faria perdeu a final do challenger 100 de Mauthausen, ao ceder diante do russo Roman Safiullin, por 4-6, 6-4 e 7-6 (7\/4). No set decisivo, o n\u00famero dois portugu\u00eas teve uma oportunidade de cimentar a vantagem quando serviu a 4-3, 40-15, mas acabaria por ser mais inconsistente no tie-break.<\/p>\n<p>Para o russo de 28 anos foi o segundo t\u00edtulo consecutivo no Challenger Tour e uma subida garantida para o 144.\u00ba lugar do ranking mundial, onde j\u00e1 ocupou o 36.\u00ba posto, em 2024. Faria aproxima-se do top 100, indo ocupar a 119.\u00aa posi\u00e7\u00e3o, com a qual ir\u00e1, na pr\u00f3xima semana, disputar o qualifying do Masters 1000 de Roma.<\/p>\n","protected":false},"excerpt":{"rendered":"Menos de uma hora foi de quanto precisou Jannik Sinner para se tornar no primeiro homem a conquistar&hellip;\n","protected":false},"author":2,"featured_media":367545,"comment_status":"","ping_status":"","sticky":false,"template":"","format":"standard","meta":{"footnotes":"","_share_on_mastodon":"0"},"categories":[87],"tags":[135,1867,32,33,134,2349],"class_list":["post-367544","post","type-post","status-publish","format-standard","has-post-thumbnail","category-desporto","tag-desporto","tag-outras-modalidades","tag-portugal","tag-pt","tag-sports","tag-tenis"],"share_on_mastodon":{"url":"https:\/\/pubeurope.com\/@pt\/116512594736133968","error":""},"_links":{"self":[{"href":"https:\/\/www.europesays.com\/pt\/wp-json\/wp\/v2\/posts\/367544","targetHints":{"allow":["GET"]}}],"collection":[{"href":"https:\/\/www.europesays.com\/pt\/wp-json\/wp\/v2\/posts"}],"about":[{"href":"https:\/\/www.europesays.com\/pt\/wp-json\/wp\/v2\/types\/post"}],"author":[{"embeddable":true,"href":"https:\/\/www.europesays.com\/pt\/wp-json\/wp\/v2\/users\/2"}],"replies":[{"embeddable":true,"href":"https:\/\/www.europesays.com\/pt\/wp-json\/wp\/v2\/comments?post=367544"}],"version-history":[{"count":0,"href":"https:\/\/www.europesays.com\/pt\/wp-json\/wp\/v2\/posts\/367544\/revisions"}],"wp:featuredmedia":[{"embeddable":true,"href":"https:\/\/www.europesays.com\/pt\/wp-json\/wp\/v2\/media\/367545"}],"wp:attachment":[{"href":"https:\/\/www.europesays.com\/pt\/wp-json\/wp\/v2\/media?parent=367544"}],"wp:term":[{"taxonomy":"category","embeddable":true,"href":"https:\/\/www.europesays.com\/pt\/wp-json\/wp\/v2\/categories?post=367544"},{"taxonomy":"post_tag","embeddable":true,"href":"https:\/\/www.europesays.com\/pt\/wp-json\/wp\/v2\/tags?post=367544"}],"curies":[{"name":"wp","href":"https:\/\/api.w.org\/{rel}","templated":true}]}}