{"id":36763,"date":"2025-08-20T01:37:08","date_gmt":"2025-08-20T01:37:08","guid":{"rendered":"https:\/\/www.europesays.com\/pt\/36763\/"},"modified":"2025-08-20T01:37:08","modified_gmt":"2025-08-20T01:37:08","slug":"sporting-jota-silva-ja-sabe-o-que-rui-borges-pretende-dele","status":"publish","type":"post","link":"https:\/\/www.europesays.com\/pt\/36763\/","title":{"rendered":"Sporting: Jota Silva j\u00e1 sabe o que Rui Borges pretende dele"},"content":{"rendered":"<p>Segundo A BOLA apurou, o internacional portugu\u00eas j\u00e1 conversou um par de vezes com Rui Borges, que o orientou no <a class=\"autolink-enabled\" data-resource-id=\"443\" data-resource-type=\"team\" data-sport=\"football\" href=\"https:\/\/www.abola.pt\/futebol\/vitoria-de-guimaraes-443\" rel=\"nofollow noopener\" target=\"_blank\">Vit\u00f3ria de Guimar\u00e3es<\/a> no in\u00edcio da \u00e9poca passada, antes dos Tricky Trees pagarem \u20ac7 M pelo seu passe, estando, por isso, identificado com aquilo que o t\u00e9cnico de Mirandela pretende dele caso seja contratado pelos le\u00f5es.<\/p>\n<p>O treinador do <a class=\"autolink-enabled\" data-resource-id=\"133\" data-resource-type=\"team\" data-sport=\"football\" href=\"https:\/\/www.abola.pt\/futebol\/nottingham-forest-133\" rel=\"nofollow noopener\" target=\"_blank\">Forest<\/a>, o portugu\u00eas Nuno Esp\u00edrito Santo, est\u00e1 na disposi\u00e7\u00e3o de perder o jogador, mas no fim de semana passado n\u00e3o dispunha de muitas op\u00e7\u00f5es ofensivas para o encontro com o <a class=\"autolink-enabled\" data-resource-id=\"136\" data-resource-type=\"team\" data-sport=\"football\" href=\"https:\/\/www.abola.pt\/futebol\/brentford-136\" rel=\"nofollow noopener\" target=\"_blank\">Brentford<\/a>, raz\u00e3o pela qual esperou pela contrata\u00e7\u00e3o de mais futebolistas para a componente ofensiva, num desejo que lhe est\u00e1 a ser satisfeito pelo multimilion\u00e1rio grego dono do clube, Evangelos Marinakis, pois nos \u00faltimos dias adquiriu os direitos de nomes como Kalimuendo, <a class=\"autolink-enabled\" data-resource-id=\"177575\" data-resource-type=\"player\" data-sport=\"football\" href=\"https:\/\/www.abola.pt\/futebol\/jogador\/john-mcatee-177575\" rel=\"nofollow noopener\" target=\"_blank\">McAtee<\/a>, <a class=\"autolink-enabled\" data-resource-id=\"227767\" data-resource-type=\"player\" data-sport=\"football\" href=\"https:\/\/www.abola.pt\/futebol\/jogador\/alioune-ndoye-227767\" rel=\"nofollow noopener\" target=\"_blank\">Ndoye<\/a> ou <a class=\"autolink-enabled\" data-resource-id=\"242755\" data-resource-type=\"player\" data-sport=\"football\" href=\"https:\/\/www.abola.pt\/futebol\/jogador\/omari-hutchinson-242755\" rel=\"nofollow noopener\" target=\"_blank\">Hutchinson<\/a>.<\/p>\n<p>O plantel do campe\u00e3o europeu em 1978\/1979 e 1979\/1980 est\u00e1 a ser alvo de profunda remodela\u00e7\u00e3o e um dos futebolistas que surge na lista de potenciais refor\u00e7os \u00e9 <a class=\"autolink-enabled\" data-resource-id=\"53748\" data-resource-type=\"player\" data-sport=\"football\" href=\"https:\/\/www.abola.pt\/futebol\/jogador\/douglas-luiz-53748\" rel=\"nofollow noopener\" target=\"_blank\">Douglas Luiz<\/a>, o brasileiro que teve uma passagem infeliz pelos italianos da <a class=\"autolink-enabled\" data-resource-id=\"255\" data-resource-type=\"team\" data-sport=\"football\" href=\"https:\/\/www.abola.pt\/futebol\/juventus-255\" rel=\"nofollow noopener\" target=\"_blank\">Juventus<\/a> em 2024\/2025 ap\u00f3s o seu passe ter custado \u00e0 Vecchia Signora \u20ac51,5 milh\u00f5es pagos ao <a class=\"autolink-enabled\" data-resource-id=\"101\" data-resource-type=\"team\" data-sport=\"football\" href=\"https:\/\/www.abola.pt\/futebol\/aston-villa-101\" rel=\"nofollow noopener\" target=\"_blank\">Aston Villa<\/a>.<\/p>\n<p>Ap\u00f3s uma fase em que os ingleses apenas pretendiam a venda do passe de <a class=\"autolink-enabled\" data-resource-id=\"217829\" data-resource-type=\"player\" data-sport=\"football\" href=\"https:\/\/www.abola.pt\/futebol\/jogador\/jota-silva-217829\" rel=\"nofollow noopener\" target=\"_blank\">Jota Silva<\/a>, 26 anos, agora j\u00e1 est\u00e3o mais abertos a um empr\u00e9stimo e sem compra obrigat\u00f3ria no final da ced\u00eancia. As negocia\u00e7\u00f5es t\u00eam andado em sucessivos avan\u00e7os e recuos, mas da parte da administra\u00e7\u00e3o da SAD a posi\u00e7\u00e3o continua firme: a opera\u00e7\u00e3o apenas se concretizar\u00e1 em moldes de neg\u00f3cio de ocasi\u00e3o \u2014 por empr\u00e9stimo ou a baixo custo.<\/p>\n","protected":false},"excerpt":{"rendered":"Segundo A BOLA apurou, o internacional portugu\u00eas j\u00e1 conversou um par de vezes com Rui Borges, que o&hellip;\n","protected":false},"author":2,"featured_media":36764,"comment_status":"","ping_status":"","sticky":false,"template":"","format":"standard","meta":{"footnotes":""},"categories":[8],"tags":[27,28,15,16,14,25,26,21,22,12,13,19,20,32,23,24,33,17,18,29,30,31],"class_list":{"0":"post-36763","1":"post","2":"type-post","3":"status-publish","4":"format-standard","5":"has-post-thumbnail","7":"category-principais-noticias","8":"tag-breaking-news","9":"tag-breakingnews","10":"tag-featured-news","11":"tag-featurednews","12":"tag-headlines","13":"tag-latest-news","14":"tag-latestnews","15":"tag-main-news","16":"tag-mainnews","17":"tag-news","18":"tag-noticias","19":"tag-noticias-principais","20":"tag-noticiasprincipais","21":"tag-portugal","22":"tag-principais-noticias","23":"tag-principaisnoticias","24":"tag-pt","25":"tag-top-stories","26":"tag-topstories","27":"tag-ultimas","28":"tag-ultimas-noticias","29":"tag-ultimasnoticias"},"share_on_mastodon":{"url":"","error":""},"_links":{"self":[{"href":"https:\/\/www.europesays.com\/pt\/wp-json\/wp\/v2\/posts\/36763","targetHints":{"allow":["GET"]}}],"collection":[{"href":"https:\/\/www.europesays.com\/pt\/wp-json\/wp\/v2\/posts"}],"about":[{"href":"https:\/\/www.europesays.com\/pt\/wp-json\/wp\/v2\/types\/post"}],"author":[{"embeddable":true,"href":"https:\/\/www.europesays.com\/pt\/wp-json\/wp\/v2\/users\/2"}],"replies":[{"embeddable":true,"href":"https:\/\/www.europesays.com\/pt\/wp-json\/wp\/v2\/comments?post=36763"}],"version-history":[{"count":0,"href":"https:\/\/www.europesays.com\/pt\/wp-json\/wp\/v2\/posts\/36763\/revisions"}],"wp:featuredmedia":[{"embeddable":true,"href":"https:\/\/www.europesays.com\/pt\/wp-json\/wp\/v2\/media\/36764"}],"wp:attachment":[{"href":"https:\/\/www.europesays.com\/pt\/wp-json\/wp\/v2\/media?parent=36763"}],"wp:term":[{"taxonomy":"category","embeddable":true,"href":"https:\/\/www.europesays.com\/pt\/wp-json\/wp\/v2\/categories?post=36763"},{"taxonomy":"post_tag","embeddable":true,"href":"https:\/\/www.europesays.com\/pt\/wp-json\/wp\/v2\/tags?post=36763"}],"curies":[{"name":"wp","href":"https:\/\/api.w.org\/{rel}","templated":true}]}}