{"id":36777,"date":"2025-08-20T01:53:11","date_gmt":"2025-08-20T01:53:11","guid":{"rendered":"https:\/\/www.europesays.com\/pt\/36777\/"},"modified":"2025-08-20T01:53:11","modified_gmt":"2025-08-20T01:53:11","slug":"ja-nasceu-a-segunda-filha-de-francisco-macau-veja-a-imagem-da-bebe","status":"publish","type":"post","link":"https:\/\/www.europesays.com\/pt\/36777\/","title":{"rendered":"J\u00e1 nasceu a segunda filha de Francisco Macau: veja a imagem da beb\u00e9!"},"content":{"rendered":"<p>J\u00e1 nasceu a segunda filha de Francisco Macau e Sara Calado. Nesta ter\u00e7a-feira, dia 19, o personal trainer e a companheira fizeram uma publica\u00e7\u00e3o conjunta, no Instagram, a dar conta da chegada da beb\u00e9 ao mundo.<\/p>\n<p>&#8220;Est\u00e1vamos \u00e0 tua espera&#8221;, escreveu <a href=\"https:\/\/selfie.iol.pt\/famosos\/francisco-macau\/acabou-francisco-macau-vai-a-policia-e-coloca-ponto-final-em-tormento\/20250710\/686fce60d34ef72ee4482ad3\" target=\"_blank\" rel=\"nofollow noopener\">Francisco Macau<\/a>, acrescentando um emoji em forma de cora\u00e7\u00e3o, na legenda de uma fotografia em que Sara Calado aparece com a filha,<\/p>\n<p>Para j\u00e1, permanece a d\u00favida quanto ao nome escolhido para a beb\u00e9. Em maio, entrevistado por Cristina Ferreira e Cl\u00e1udio Ramos na <a href=\"https:\/\/tvi.iol.pt\/\" target=\"_blank\" rel=\"nofollow noopener\">TVI<\/a>, o tamb\u00e9m empres\u00e1rio revelou\u00a0que existiam duas hip\u00f3teses em cima da mesa: Maria Madalena e Maria da Alma.<\/p>\n<p>Tamb\u00e9m no matutino &#8220;<a href=\"https:\/\/tvi.iol.pt\/doisas10\/\" target=\"_blank\" rel=\"nofollow noopener\">Dois \u00e0s 10<\/a>&#8220;, Francisco Macau acabou por confidencial que o\u00a0nascimento da segunda filha estava previsto para o dia 31. Assim sendo, o parto acabou por acontecer uns dias antes.<\/p>\n<p>Casados desde 9 de junho de 2024, Francisco Macau e Sara Calado s\u00e3o ainda pais de Maria Lu\u00edsa, que completou dois anos a 27 de junho.<\/p>\n<p>Veja, agora, nas galerias que prepar\u00e1mos para si, as melhores imagens de <a href=\"https:\/\/selfie.iol.pt\/famosos\/francisco-macau\/um-mes-apos-a-morte-do-pai-francisco-macau-deixa-lhe-mensagem-isso-tu-ja-sabes\/20250621\/6855bb35d34ef72ee4476cd6\" target=\"_blank\" rel=\"nofollow noopener\">Francisco Macau<\/a> e da respetiva fam\u00edlia.<\/p>\n<p style=\"text-align:center\"><img loading=\"lazy\" decoding=\"async\" alt=\"\" height=\"667\" src=\"https:\/\/www.europesays.com\/pt\/wp-content\/uploads\/2025\/08\/68a4cd9ad34e3f0baea1cac4.webp\" width=\"500\"\/><\/p>\n<p>\u00a0<\/p>\n","protected":false},"excerpt":{"rendered":"J\u00e1 nasceu a segunda filha de Francisco Macau e Sara Calado. Nesta ter\u00e7a-feira, dia 19, o personal trainer&hellip;\n","protected":false},"author":2,"featured_media":36778,"comment_status":"","ping_status":"","sticky":false,"template":"","format":"standard","meta":{"footnotes":""},"categories":[145],"tags":[2557,48,11440,211,210,5356,114,115,980,1127,3865,3503,1015,11442,1476,619,11439,4897,11443,11441,32,33,1014,11438,1012,162],"class_list":{"0":"post-36777","1":"post","2":"type-post","3":"status-publish","4":"format-standard","5":"has-post-thumbnail","7":"category-celebridades","8":"tag-bebe","9":"tag-big-brother","10":"tag-big-brother-vip","11":"tag-celebridades","12":"tag-celebrities","13":"tag-empresario","14":"tag-entertainment","15":"tag-entretenimento","16":"tag-famosos","17":"tag-filha","18":"tag-filhas","19":"tag-francisco-macau","20":"tag-instagram","21":"tag-maria-luisa","22":"tag-morangos-com-acucar","23":"tag-nacional","24":"tag-nasceu","25":"tag-nascimento","26":"tag-nascimentos-2025","27":"tag-personal-trainer","28":"tag-portugal","29":"tag-pt","30":"tag-reality-show","31":"tag-sara-calado","32":"tag-selfie","33":"tag-tvi"},"share_on_mastodon":{"url":"","error":""},"_links":{"self":[{"href":"https:\/\/www.europesays.com\/pt\/wp-json\/wp\/v2\/posts\/36777","targetHints":{"allow":["GET"]}}],"collection":[{"href":"https:\/\/www.europesays.com\/pt\/wp-json\/wp\/v2\/posts"}],"about":[{"href":"https:\/\/www.europesays.com\/pt\/wp-json\/wp\/v2\/types\/post"}],"author":[{"embeddable":true,"href":"https:\/\/www.europesays.com\/pt\/wp-json\/wp\/v2\/users\/2"}],"replies":[{"embeddable":true,"href":"https:\/\/www.europesays.com\/pt\/wp-json\/wp\/v2\/comments?post=36777"}],"version-history":[{"count":0,"href":"https:\/\/www.europesays.com\/pt\/wp-json\/wp\/v2\/posts\/36777\/revisions"}],"wp:featuredmedia":[{"embeddable":true,"href":"https:\/\/www.europesays.com\/pt\/wp-json\/wp\/v2\/media\/36778"}],"wp:attachment":[{"href":"https:\/\/www.europesays.com\/pt\/wp-json\/wp\/v2\/media?parent=36777"}],"wp:term":[{"taxonomy":"category","embeddable":true,"href":"https:\/\/www.europesays.com\/pt\/wp-json\/wp\/v2\/categories?post=36777"},{"taxonomy":"post_tag","embeddable":true,"href":"https:\/\/www.europesays.com\/pt\/wp-json\/wp\/v2\/tags?post=36777"}],"curies":[{"name":"wp","href":"https:\/\/api.w.org\/{rel}","templated":true}]}}