{"id":36789,"date":"2025-08-20T02:14:10","date_gmt":"2025-08-20T02:14:10","guid":{"rendered":"https:\/\/www.europesays.com\/pt\/36789\/"},"modified":"2025-08-20T02:14:10","modified_gmt":"2025-08-20T02:14:10","slug":"em-hong-kong-cristiano-ronaldo-reconheceu-rosto-familiar-no-meio-da-multidao-joao-baiao","status":"publish","type":"post","link":"https:\/\/www.europesays.com\/pt\/36789\/","title":{"rendered":"Em Hong Kong, Cristiano Ronaldo reconheceu rosto familiar no meio da multid\u00e3o: Jo\u00e3o Bai\u00e3o"},"content":{"rendered":"<p>Cristiano Ronaldo est\u00e1 em Hong Kong para disputar a Superta\u00e7a da Ar\u00e1bia Saudita, competi\u00e7\u00e3o que decorre entre 19 e 23 de agosto. Como \u00e9 habitual, a presen\u00e7a do internacional portugu\u00eas gerou enorme entusiasmo, com centenas de adeptos a concentrarem-se \u00e0 porta do hotel da comitiva do Al Nassr.\n<\/p>\n<p>Entre a multid\u00e3o, estava tamb\u00e9m Jo\u00e3o Bai\u00e3o, que aproveitou as suas f\u00e9rias para assistir de perto \u00e0 chegada do capit\u00e3o da sele\u00e7\u00e3o nacional e, curiosamente, ambos estavam hospedados no mesmo hotel. O apresentador acabou por ser reconhecido por Ronaldo, que o cumprimentou de imediato, num momento que surpreendeu os f\u00e3s presentes.\n<\/p>\n<p>O momento foi registado em v\u00eddeo e partilhado nas redes sociais. V\u00ea aqui!\n<\/p>\n<p>(Imagens: Instagram)<\/p>\n","protected":false},"excerpt":{"rendered":"Cristiano Ronaldo est\u00e1 em Hong Kong para disputar a Superta\u00e7a da Ar\u00e1bia Saudita, competi\u00e7\u00e3o que decorre entre 19&hellip;\n","protected":false},"author":2,"featured_media":36790,"comment_status":"","ping_status":"","sticky":false,"template":"","format":"standard","meta":{"footnotes":""},"categories":[87],"tags":[783,778,779,774,764,769,767,772,135,782,784,222,771,773,149,768,777,32,33,766,781,765,763,775,780,134,776,770],"class_list":{"0":"post-36789","1":"post","2":"type-post","3":"status-publish","4":"format-standard","5":"has-post-thumbnail","7":"category-desporto","8":"tag-6pm","9":"tag-80s-rfm","10":"tag-80srfm","11":"tag-90s","12":"tag-bruno-mars","13":"tag-cafe-da-manha","14":"tag-comedia","15":"tag-dance-it","16":"tag-desporto","17":"tag-emissao-online","18":"tag-fridayboyz","19":"tag-humor","20":"tag-jazzy","21":"tag-latinas","22":"tag-music","23":"tag-nilton","24":"tag-oceano-pacifico","25":"tag-portugal","26":"tag-pt","27":"tag-radio","28":"tag-radio-online","29":"tag-rfm","30":"tag-rock-in-rio","31":"tag-rocks","32":"tag-somnii","33":"tag-sports","34":"tag-toca-portugal","35":"tag-top-25"},"share_on_mastodon":{"url":"","error":""},"_links":{"self":[{"href":"https:\/\/www.europesays.com\/pt\/wp-json\/wp\/v2\/posts\/36789","targetHints":{"allow":["GET"]}}],"collection":[{"href":"https:\/\/www.europesays.com\/pt\/wp-json\/wp\/v2\/posts"}],"about":[{"href":"https:\/\/www.europesays.com\/pt\/wp-json\/wp\/v2\/types\/post"}],"author":[{"embeddable":true,"href":"https:\/\/www.europesays.com\/pt\/wp-json\/wp\/v2\/users\/2"}],"replies":[{"embeddable":true,"href":"https:\/\/www.europesays.com\/pt\/wp-json\/wp\/v2\/comments?post=36789"}],"version-history":[{"count":0,"href":"https:\/\/www.europesays.com\/pt\/wp-json\/wp\/v2\/posts\/36789\/revisions"}],"wp:featuredmedia":[{"embeddable":true,"href":"https:\/\/www.europesays.com\/pt\/wp-json\/wp\/v2\/media\/36790"}],"wp:attachment":[{"href":"https:\/\/www.europesays.com\/pt\/wp-json\/wp\/v2\/media?parent=36789"}],"wp:term":[{"taxonomy":"category","embeddable":true,"href":"https:\/\/www.europesays.com\/pt\/wp-json\/wp\/v2\/categories?post=36789"},{"taxonomy":"post_tag","embeddable":true,"href":"https:\/\/www.europesays.com\/pt\/wp-json\/wp\/v2\/tags?post=36789"}],"curies":[{"name":"wp","href":"https:\/\/api.w.org\/{rel}","templated":true}]}}