{"id":368350,"date":"2026-05-04T13:01:17","date_gmt":"2026-05-04T13:01:17","guid":{"rendered":"https:\/\/www.europesays.com\/pt\/368350\/"},"modified":"2026-05-04T13:01:17","modified_gmt":"2026-05-04T13:01:17","slug":"ouro-e-prata-nao-estao-a-ser-refugio-na-guerra-ainda-vale-a-pena-investir-materias-primas","status":"publish","type":"post","link":"https:\/\/www.europesays.com\/pt\/368350\/","title":{"rendered":"Ouro e prata n\u00e3o est\u00e3o a ser ref\u00fagio na guerra. Ainda vale a pena investir? &#8211; Mat\u00e9rias-Primas"},"content":{"rendered":"<p class=\"\">&#13;<br \/>\n        O ouro \u00e9 um ativo-ref\u00fagio por excel\u00eancia que funciona como cobertura contra a infla\u00e7\u00e3o e tamb\u00e9m como uma seguran\u00e7a em per\u00edodos de grande incerteza, como \u00e9 o caso das tens\u00f5es geopol\u00edticas. Por arrasto, a prata acaba tamb\u00e9m por ser uma boa aposta, especialmente para quem quer aplicar menos dinheiro, havendo mesmo quem lhe chame \u201co ouro dos pobres\u201d.&#13;\n    <\/p>\n","protected":false},"excerpt":{"rendered":"&#13; O ouro \u00e9 um ativo-ref\u00fagio por excel\u00eancia que funciona como cobertura contra a infla\u00e7\u00e3o e tamb\u00e9m como&hellip;\n","protected":false},"author":2,"featured_media":368351,"comment_status":"","ping_status":"","sticky":false,"template":"","format":"standard","meta":{"footnotes":"","_share_on_mastodon":"0"},"categories":[83],"tags":[13654,88,89,90,43878,41967,50026,42,15644,41965,32,33,41966,54131],"class_list":["post-368350","post","type-post","status-publish","format-standard","has-post-thumbnail","category-empresas","tag-bnp-paribas","tag-business","tag-economy","tag-empresas","tag-goldman-sachs","tag-jpmorgan-chase","tag-mais-mercado","tag-mercado","tag-ouro","tag-ouro-e-metais-preciosos","tag-portugal","tag-pt","tag-ubs-ag","tag-wells-fargo"],"share_on_mastodon":{"url":"https:\/\/pubeurope.com\/@pt\/116516440503905487","error":""},"_links":{"self":[{"href":"https:\/\/www.europesays.com\/pt\/wp-json\/wp\/v2\/posts\/368350","targetHints":{"allow":["GET"]}}],"collection":[{"href":"https:\/\/www.europesays.com\/pt\/wp-json\/wp\/v2\/posts"}],"about":[{"href":"https:\/\/www.europesays.com\/pt\/wp-json\/wp\/v2\/types\/post"}],"author":[{"embeddable":true,"href":"https:\/\/www.europesays.com\/pt\/wp-json\/wp\/v2\/users\/2"}],"replies":[{"embeddable":true,"href":"https:\/\/www.europesays.com\/pt\/wp-json\/wp\/v2\/comments?post=368350"}],"version-history":[{"count":0,"href":"https:\/\/www.europesays.com\/pt\/wp-json\/wp\/v2\/posts\/368350\/revisions"}],"wp:featuredmedia":[{"embeddable":true,"href":"https:\/\/www.europesays.com\/pt\/wp-json\/wp\/v2\/media\/368351"}],"wp:attachment":[{"href":"https:\/\/www.europesays.com\/pt\/wp-json\/wp\/v2\/media?parent=368350"}],"wp:term":[{"taxonomy":"category","embeddable":true,"href":"https:\/\/www.europesays.com\/pt\/wp-json\/wp\/v2\/categories?post=368350"},{"taxonomy":"post_tag","embeddable":true,"href":"https:\/\/www.europesays.com\/pt\/wp-json\/wp\/v2\/tags?post=368350"}],"curies":[{"name":"wp","href":"https:\/\/api.w.org\/{rel}","templated":true}]}}