{"id":36872,"date":"2025-08-20T04:41:27","date_gmt":"2025-08-20T04:41:27","guid":{"rendered":"https:\/\/www.europesays.com\/pt\/36872\/"},"modified":"2025-08-20T04:41:27","modified_gmt":"2025-08-20T04:41:27","slug":"municipio-de-lagoa-recebe-edicao-especial-de-livro-sobre-500-anos-do-concelho","status":"publish","type":"post","link":"https:\/\/www.europesays.com\/pt\/36872\/","title":{"rendered":"Munic\u00edpio de Lagoa recebe edi\u00e7\u00e3o especial de livro sobre 500 anos do concelho"},"content":{"rendered":"<p>            <a href=\"https:\/\/jornalacores9.pt\/wp-content\/uploads\/2025\/08\/Livro-Album-de-Memorias-Lagoa.jpeg\" data-caption=\"\" rel=\"nofollow noopener\" target=\"_blank\"><img loading=\"lazy\" decoding=\"async\" width=\"696\" height=\"464\" class=\"entry-thumb td-modal-image\" src=\"https:\/\/www.europesays.com\/pt\/wp-content\/uploads\/2025\/08\/Livro-Album-de-Memorias-Lagoa-696x464.jpeg\"   alt=\"\" title=\"Livro Album de Memorias Lagoa\"\/><\/a><\/p>\n<p class=\"text-paragraph\">A C\u00e2mara Municipal de Lagoa recebeu da empresa a\u00e7oriana Nova Gr\u00e1fica uma edi\u00e7\u00e3o especial do \u00e1lbum de mem\u00f3rias \u201cOs 500 Anos do Concelho da Lagoa\u201d, divulgou hoje esta autarquia da ilha de S\u00e3o Miguel.<\/p>\n<p class=\"text-paragraph\">A obra foi lan\u00e7ada em abril, na sess\u00e3o solene comemorativa dos 503 anos de eleva\u00e7\u00e3o de Lagoa a vila e sede de concelho e dos 13 de eleva\u00e7\u00e3o a cidade.<\/p>\n<p class=\"text-paragraph\">\u201cA oferta desta edi\u00e7\u00e3o especial simboliza a valoriza\u00e7\u00e3o do patrim\u00f3nio e da mem\u00f3ria coletiva lagoense, refor\u00e7ando a import\u00e2ncia das parcerias entre entidades locais na preserva\u00e7\u00e3o e divulga\u00e7\u00e3o da hist\u00f3ria do concelho\u201d, afirmou o presidente da C\u00e2mara Municipal da Lagoa, Frederico Sousa, ap\u00f3s receber a oferta do propriet\u00e1rio da Nova Gr\u00e1fica, Ernesto Rezendes.<\/p>\n<p class=\"text-paragraph\">A edi\u00e7\u00e3o especial, com 652 p\u00e1ginas impressas a cores em papel de alta qualidade, \u00e9 \u201cuma verdadeira pe\u00e7a de colecionador, com um estojo em cart\u00e3o robusto, com interior em veludo e detalhes em ouro de lei\u201d, referiu a autarquia.<\/p>\n<p>\u00a0<\/p>\n<p>\nPUB&#13;<\/p>\n","protected":false},"excerpt":{"rendered":"A C\u00e2mara Municipal de Lagoa recebeu da empresa a\u00e7oriana Nova Gr\u00e1fica uma edi\u00e7\u00e3o especial do \u00e1lbum de mem\u00f3rias&hellip;\n","protected":false},"author":2,"featured_media":36873,"comment_status":"","ping_status":"","sticky":false,"template":"","format":"standard","meta":{"footnotes":""},"categories":[143],"tags":[169,11496,114,115,170,32,33],"class_list":{"0":"post-36872","1":"post","2":"type-post","3":"status-publish","4":"format-standard","5":"has-post-thumbnail","7":"category-livros","8":"tag-books","9":"tag-destaque2","10":"tag-entertainment","11":"tag-entretenimento","12":"tag-livros","13":"tag-portugal","14":"tag-pt"},"share_on_mastodon":{"url":"","error":""},"_links":{"self":[{"href":"https:\/\/www.europesays.com\/pt\/wp-json\/wp\/v2\/posts\/36872","targetHints":{"allow":["GET"]}}],"collection":[{"href":"https:\/\/www.europesays.com\/pt\/wp-json\/wp\/v2\/posts"}],"about":[{"href":"https:\/\/www.europesays.com\/pt\/wp-json\/wp\/v2\/types\/post"}],"author":[{"embeddable":true,"href":"https:\/\/www.europesays.com\/pt\/wp-json\/wp\/v2\/users\/2"}],"replies":[{"embeddable":true,"href":"https:\/\/www.europesays.com\/pt\/wp-json\/wp\/v2\/comments?post=36872"}],"version-history":[{"count":0,"href":"https:\/\/www.europesays.com\/pt\/wp-json\/wp\/v2\/posts\/36872\/revisions"}],"wp:featuredmedia":[{"embeddable":true,"href":"https:\/\/www.europesays.com\/pt\/wp-json\/wp\/v2\/media\/36873"}],"wp:attachment":[{"href":"https:\/\/www.europesays.com\/pt\/wp-json\/wp\/v2\/media?parent=36872"}],"wp:term":[{"taxonomy":"category","embeddable":true,"href":"https:\/\/www.europesays.com\/pt\/wp-json\/wp\/v2\/categories?post=36872"},{"taxonomy":"post_tag","embeddable":true,"href":"https:\/\/www.europesays.com\/pt\/wp-json\/wp\/v2\/tags?post=36872"}],"curies":[{"name":"wp","href":"https:\/\/api.w.org\/{rel}","templated":true}]}}