{"id":369125,"date":"2026-05-05T00:01:32","date_gmt":"2026-05-05T00:01:32","guid":{"rendered":"https:\/\/www.europesays.com\/pt\/369125\/"},"modified":"2026-05-05T00:01:32","modified_gmt":"2026-05-05T00:01:32","slug":"leomarte-e-daniela-em-confronto-emplastra-planta-loira-sem-escrupulos-e-baixo-nivel","status":"publish","type":"post","link":"https:\/\/www.europesays.com\/pt\/369125\/","title":{"rendered":"Leomarte e Daniela em confronto \u00abEmplastra, planta loira, sem escr\u00fapulos e baixo n\u00edvel\u00bb:"},"content":{"rendered":"<p>\t\t\t\t\t\t\t\t\t\t<img decoding=\"async\" src=\"https:\/\/www.europesays.com\/pt\/wp-content\/uploads\/2026\/05\/1777939292_969_320.webp\" alt=\"Ap\u00f3s acusa\u00e7\u00f5es de Daniela, Leomarte grita que n\u00e3o precisa do pr\u00e9mio: \u00ab25 mil euros tenho eu em j\u00f3ias\" width=\"320\" height=\"180\" loading=\"lazy\"\/><\/p>\n<p>\t\t\t\t\t\t\t\t\t\t\t\t\t00:07:46<\/p>\n<p>\t\t\t\t\t\t\t\t\t\t\tAp\u00f3s acusa\u00e7\u00f5es de Daniela, Leomarte grita que n\u00e3o precisa do pr\u00e9mio: \u00ab25 mil euros tenho eu em j\u00f3ias\u00bb<\/p>\n<p>\t\t\t\t\t\t\t\t\t\t\tOntem<\/p>\n<p>\t\t\t\t\t\t\t\t\t<a href=\"https:\/\/tviplayer.iol.pt\/programa\/secret-story\/66d83c2dd34ea1acf26df8b7\/video\/69f9123e0cf27f6588a6a12d\" aria-label=\"Ap\u00f3s acusa\u00e7\u00f5es de Daniela, Leomarte grita que n\u00e3o precisa do pr\u00e9mio: \u00ab25 mil euros tenho eu em j\u00f3ias\u00bb\" title=\"Ap\u00f3s acusa\u00e7\u00f5es de Daniela, Leomarte grita que n\u00e3o precisa do pr\u00e9mio: \u00ab25 mil euros tenho eu em j\u00f3ias\u00bb\" rel=\"nofollow noopener\" target=\"_blank\"><\/p>\n","protected":false},"excerpt":{"rendered":"00:07:46 Ap\u00f3s acusa\u00e7\u00f5es de Daniela, Leomarte grita que n\u00e3o precisa do pr\u00e9mio: \u00ab25 mil euros tenho eu em&hellip;\n","protected":false},"author":2,"featured_media":369126,"comment_status":"","ping_status":"","sticky":false,"template":"","format":"standard","meta":{"footnotes":"","_share_on_mastodon":"0"},"categories":[142],"tags":[2582,114,115,52317,32,33,151],"class_list":["post-369125","post","type-post","status-publish","format-standard","has-post-thumbnail","category-tv","tag-daniela","tag-entertainment","tag-entretenimento","tag-leomarte","tag-portugal","tag-pt","tag-tv"],"share_on_mastodon":{"url":"https:\/\/pubeurope.com\/@pt\/116519035904187368","error":""},"_links":{"self":[{"href":"https:\/\/www.europesays.com\/pt\/wp-json\/wp\/v2\/posts\/369125","targetHints":{"allow":["GET"]}}],"collection":[{"href":"https:\/\/www.europesays.com\/pt\/wp-json\/wp\/v2\/posts"}],"about":[{"href":"https:\/\/www.europesays.com\/pt\/wp-json\/wp\/v2\/types\/post"}],"author":[{"embeddable":true,"href":"https:\/\/www.europesays.com\/pt\/wp-json\/wp\/v2\/users\/2"}],"replies":[{"embeddable":true,"href":"https:\/\/www.europesays.com\/pt\/wp-json\/wp\/v2\/comments?post=369125"}],"version-history":[{"count":0,"href":"https:\/\/www.europesays.com\/pt\/wp-json\/wp\/v2\/posts\/369125\/revisions"}],"wp:featuredmedia":[{"embeddable":true,"href":"https:\/\/www.europesays.com\/pt\/wp-json\/wp\/v2\/media\/369126"}],"wp:attachment":[{"href":"https:\/\/www.europesays.com\/pt\/wp-json\/wp\/v2\/media?parent=369125"}],"wp:term":[{"taxonomy":"category","embeddable":true,"href":"https:\/\/www.europesays.com\/pt\/wp-json\/wp\/v2\/categories?post=369125"},{"taxonomy":"post_tag","embeddable":true,"href":"https:\/\/www.europesays.com\/pt\/wp-json\/wp\/v2\/tags?post=369125"}],"curies":[{"name":"wp","href":"https:\/\/api.w.org\/{rel}","templated":true}]}}