{"id":369349,"date":"2026-05-05T04:31:19","date_gmt":"2026-05-05T04:31:19","guid":{"rendered":"https:\/\/www.europesays.com\/pt\/369349\/"},"modified":"2026-05-05T04:31:19","modified_gmt":"2026-05-05T04:31:19","slug":"astronomos-encontram-atmosfera-em-corpo-cosmico-menor-que-plutao","status":"publish","type":"post","link":"https:\/\/www.europesays.com\/pt\/369349\/","title":{"rendered":"Astr\u00f4nomos encontram atmosfera em corpo c\u00f3smico menor que Plut\u00e3o"},"content":{"rendered":"<p class=\"texto\">No Jap\u00e3o, uma equipe de astr\u00f4nomos profissionais e amadores detectou uma presen\u00e7a atmosf\u00e9rica ao redor de pequeno corpo c\u00f3smico que desafia as leis da f\u00edsica. Com aproximadamente 500km de di\u00e2metro, o (612533) 2002 XV 93, assim como a maioria dos objetos distantes no Sistema Solar externo, s\u00e3o t\u00e3o pequenos que seria quase imposs\u00edvel manter uma atmosfera sustent\u00e1vel.\u00a0<\/p>\n<p dir=\"ltr\">A descoberta intrigou cientistas, que haviam descartado a possibilidade de atmosfera em objetos transnetunianos (TNOs), pequenos objetos localizados em uma zona gelada fora da \u00f3rbita de Netuno. At\u00e9 ent\u00e3o, o \u00fanico com esse tipo de forma\u00e7\u00e3o era o TNO mais famoso, Plut\u00e3o, que tem 2.377 km de di\u00e2metro, quatro vezes o 2002 XV 93.<\/p>\n<p dir=\"ltr\">A observa\u00e7\u00e3o, feita pelo Observat\u00f3rio Astron\u00f4mico de Ishigakijima, no Jap\u00e3o, ocorreu em 10 de janeiro 2024, quando o pequeno TNO passava na frente de uma estrela. Para isso, astr\u00f4nomos monitoraram o movimento a partir de diferentes pontos do pa\u00eds.\u00a0<\/p>\n<p dir=\"ltr\">Ao ser sobreposta pelo 2002 XV 93, a estrela diminuiu o brilho gradualmente, o que mostram a presen\u00e7a de atmosfera. Isso ocorre porque essa camada de g\u00e1s em volta do corpo c\u00f3smico desvia a luz emitida pela estrela.\u00a0<\/p>\n<p class=\"texto\">Segundo os cientistas, a atmosfera do TNO deve durar menos de mil anos, a menos que seja renovada. Isso tamb\u00e9m significa que a estrutura gasosa observada \u00e9 recente. Mas como ela se formou ainda segue um mist\u00e9rio.\u00a0<\/p>\n<p class=\"texto\">Imagens feitas com o <a href=\"https:\/\/www.correiobraziliense.com.br\/ciencia-e-saude\/2026\/02\/7364330-james-webb-revela-imagens-de-nebulosa-com-formato-inusitado.html\" target=\"_blank\" rel=\"nofollow noopener\">Telesc\u00f3pio James Webb<\/a> n\u00e3o mostram sinais de gases congelados que possam ter sublimado para formar essa camada atmosf\u00e9rica, o que leva \u00e0 diferentes hip\u00f3teses sobre a forma\u00e7\u00e3o. Um delas \u00e9 de que algum evento possa ter feito gases congelados ou l\u00edquidos do interior do TNO migrarem para a superf\u00edcie. Outra teoria aponta que um cometa possa ter colidido com o corpo c\u00f3smico, liberando gases e formando essa atmosfera.<\/p>\n<p>\u00a0              <\/p>\n<ul>\n<li><a href=\"https:\/\/wa.me\/?text=Astr%C3%B4nomos+encontram+atmosfera+em+corpo+c%C3%B3smico+menor+que+Plut%C3%A3o%20https:\/\/www.correiobraziliense.com.br\/ciencia-e-saude\/2026\/05\/7412034-astronomos-encontram-atmosfera-em-corpo-cosmico-menor-que-plutao.html\" target=\"_blank\" title=\"Whatsapp\" aria-label=\"WhatsApp\" rel=\"nofollow noopener\"><\/a><\/li>\n<li><a href=\"https:\/\/www.facebook.com\/sharer.php?u=https:\/\/www.correiobraziliense.com.br%2Fciencia-e-saude%2F2026%2F05%2F7412034-astronomos-encontram-atmosfera-em-corpo-cosmico-menor-que-plutao.html&amp;text=Astr%C3%B4nomos+encontram+atmosfera+em+corpo+c%C3%B3smico+menor+que+Plut%C3%A3o\" target=\"_blank\" title=\"Facebook\" aria-label=\"Facebook\" rel=\"nofollow noopener\"><\/a><\/li>\n<li><a href=\"https:\/\/twitter.com\/intent\/tweet?url=https:\/\/www.correiobraziliense.com.br%2Fciencia-e-saude%2F2026%2F05%2F7412034-astronomos-encontram-atmosfera-em-corpo-cosmico-menor-que-plutao.html&amp;text=Astr%C3%B4nomos+encontram+atmosfera+em+corpo+c%C3%B3smico+menor+que+Plut%C3%A3o\" target=\"_blank\" title=\"Twitter\" aria-label=\"Twitter\" rel=\"nofollow noopener\"><\/a><\/li>\n<li><a href=\"https:\/\/profile.google.com\/cp\/CgovbS8wNzZ0dms1\" title=\"Google Discover\" target=\"_blank\" aria-label=\"Google Discover\" rel=\"nofollow noopener\"><img decoding=\"async\" src=\"https:\/\/www.europesays.com\/pt\/wp-content\/uploads\/2026\/04\/1777338792_273_google-discover-icon.png\" style=\"height: 25px; margin: 0 !important; margin-left: 3px;\" alt=\"Google Discover Icon\"\/><\/a><\/li>\n<\/ul>\n<p>              <a href=\"https:\/\/www.correiobraziliense.com.br\/autor\/gabriella-braz\/page\/1\/\" style=\"height: 100%;\" rel=\"nofollow noopener\" target=\"_blank\"><img decoding=\"async\" class=\"hidden-print author-circle d-block h6 mt-0 mb-0 mr-6 text-center\" src=\"https:\/\/www.europesays.com\/pt\/wp-content\/uploads\/2025\/07\/whatsapp_image_2023_10_10_at_19_18_18-30054727.jpeg\" alt=\"\" width=\"40\" height=\"40\" loading=\"lazy\" style=\"object-fit:cover; width: 40px; height: 40px; margin-right:10px;\"\/><\/a><a href=\"https:\/\/www.correiobraziliense.com.br\/autor\/gabriella-braz\/page\/1\/\" rel=\"nofollow noopener\" target=\"_blank\"><img decoding=\"async\" class=\"hidden-print author-circle d-block h6 mt-0 mb-0 mr-6 text-center\" src=\"https:\/\/www.europesays.com\/pt\/wp-content\/uploads\/2025\/07\/whatsapp_image_2023_10_10_at_19_18_18-30054727.jpeg\" alt=\"\" width=\"40\" height=\"40\" loading=\"lazy\" style=\"object-fit:cover; width: 40px; height: 40px; margin-right:10px;\"\/><\/a>Gabriella Braz  <strong class=\"entryStrongAuthor\">Rep\u00f3rter<\/strong><\/p>\n<p class=\"entryDescricaoAuthor\">Jornalista pela UnB, piauiense residente no DF, escritora e entusiasta de temas relacionados \u00e0 educa\u00e7\u00e3o e meio ambiente. Tem passagens pelo EuEstudante, assessorias e pela Empresa Brasil de Comunica\u00e7\u00e3o (EBC).<\/p>\n<p>                          <script async src=\"https:\/\/platform.twitter.com\/widgets.js\" charset=\"utf-8\"><\/script><\/p>\n","protected":false},"excerpt":{"rendered":"No Jap\u00e3o, uma equipe de astr\u00f4nomos profissionais e amadores detectou uma presen\u00e7a atmosf\u00e9rica ao redor de pequeno corpo&hellip;\n","protected":false},"author":2,"featured_media":369350,"comment_status":"","ping_status":"","sticky":false,"template":"","format":"standard","meta":{"footnotes":"","_share_on_mastodon":"0"},"categories":[84],"tags":[10654,109,107,108,3560,2078,62462,32,33,105,103,104,2560,106,110],"class_list":["post-369349","post","type-post","status-publish","format-standard","has-post-thumbnail","category-ciencia-e-tecnologia","tag-atmosfera","tag-ciencia","tag-ciencia-e-tecnologia","tag-cienciaetecnologia","tag-estrelas","tag-planetas","tag-plutao","tag-portugal","tag-pt","tag-science","tag-science-and-technology","tag-scienceandtechnology","tag-sistema-solar","tag-technology","tag-tecnologia"],"share_on_mastodon":{"url":"https:\/\/pubeurope.com\/@pt\/116520097337363796","error":""},"_links":{"self":[{"href":"https:\/\/www.europesays.com\/pt\/wp-json\/wp\/v2\/posts\/369349","targetHints":{"allow":["GET"]}}],"collection":[{"href":"https:\/\/www.europesays.com\/pt\/wp-json\/wp\/v2\/posts"}],"about":[{"href":"https:\/\/www.europesays.com\/pt\/wp-json\/wp\/v2\/types\/post"}],"author":[{"embeddable":true,"href":"https:\/\/www.europesays.com\/pt\/wp-json\/wp\/v2\/users\/2"}],"replies":[{"embeddable":true,"href":"https:\/\/www.europesays.com\/pt\/wp-json\/wp\/v2\/comments?post=369349"}],"version-history":[{"count":0,"href":"https:\/\/www.europesays.com\/pt\/wp-json\/wp\/v2\/posts\/369349\/revisions"}],"wp:featuredmedia":[{"embeddable":true,"href":"https:\/\/www.europesays.com\/pt\/wp-json\/wp\/v2\/media\/369350"}],"wp:attachment":[{"href":"https:\/\/www.europesays.com\/pt\/wp-json\/wp\/v2\/media?parent=369349"}],"wp:term":[{"taxonomy":"category","embeddable":true,"href":"https:\/\/www.europesays.com\/pt\/wp-json\/wp\/v2\/categories?post=369349"},{"taxonomy":"post_tag","embeddable":true,"href":"https:\/\/www.europesays.com\/pt\/wp-json\/wp\/v2\/tags?post=369349"}],"curies":[{"name":"wp","href":"https:\/\/api.w.org\/{rel}","templated":true}]}}