{"id":36961,"date":"2025-08-20T06:57:20","date_gmt":"2025-08-20T06:57:20","guid":{"rendered":"https:\/\/www.europesays.com\/pt\/36961\/"},"modified":"2025-08-20T06:57:20","modified_gmt":"2025-08-20T06:57:20","slug":"conheca-a-casa-pre-fabricada-de-70-m%c2%b2-com-dois-andares-e-quatro-assoalhadas-que-custa-menos-de-40-000e","status":"publish","type":"post","link":"https:\/\/www.europesays.com\/pt\/36961\/","title":{"rendered":"Conhe\u00e7a a casa pr\u00e9-fabricada de 70 m\u00b2 com dois andares e quatro assoalhadas que custa menos de 40.000\u20ac"},"content":{"rendered":"<p><strong>As casas pr\u00e9-fabricadas est\u00e3o a conquistar cada vez mais espa\u00e7o no mercado residencial europeu, gra\u00e7as ao pre\u00e7o acess\u00edvel, rapidez de constru\u00e7\u00e3o e possibilidade de personaliza\u00e7\u00e3o. Entre os modelos dispon\u00edveis em Portugal, destaca-se a casa pr\u00e9-fabricada Victoria, com cerca de 70 metros quadrados, quatro assoalhadas e um valor abaixo dos 40.000 euros.<\/strong><\/p>\n<p class=\"has-medium-font-size\"><strong>O modelo Victoria<\/strong><\/p>\n<p>Este modelo, da empresa <a href=\"https:\/\/maestrocasas.pt\/victoria\/\" target=\"_blank\" rel=\"noreferrer noopener nofollow\">Maestrocasas<\/a>, apresenta 69,42 metros quadrados de \u00e1rea \u00fatil e um terra\u00e7o de 12,81 metros quadrados, distribu\u00eddos por dois pisos. O interior contempla quatro espa\u00e7os principais, incluindo dois quartos e uma casa de banho.<\/p>\n<p>Com um pre\u00e7o base de 39.551 euros, esta op\u00e7\u00e3o, segundo o Idealista, mant\u00e9m o equil\u00edbrio entre funcionalidade, est\u00e9tica r\u00fastica e acessibilidade financeira.<\/p>\n<p class=\"has-medium-font-size\"><strong>Distribui\u00e7\u00e3o do espa\u00e7o<\/strong><\/p>\n<p>No r\u00e9s do ch\u00e3o encontra-se um quarto de 9 metros quadrados, uma casa de banho e uma sala de estar com cozinha integrada que totaliza 25 metros quadrados. O primeiro piso inclui um quarto com 14 metros quadrados e uma zona de lazer que pode ser adaptada a outras fun\u00e7\u00f5es, como a cria\u00e7\u00e3o de mais um quarto.<\/p>\n<p>Na parte frontal do edif\u00edcio existe ainda um terra\u00e7o de 12,81 metros quadrados, que protege a entrada da habita\u00e7\u00e3o e acrescenta espa\u00e7o adicional. Este espa\u00e7o pode ser aproveitado como \u00e1rea de lazer ou, em alternativa, como zona de arruma\u00e7\u00e3o. Tal como outros modelos da empresa, a casa Victoria pode ser ajustada e modificada consoante as necessidades do comprador.<\/p>\n<p><img loading=\"lazy\" decoding=\"async\" width=\"891\" height=\"587\" src=\"https:\/\/www.europesays.com\/pt\/wp-content\/uploads\/2025\/08\/1755673040_581_image-7.png\" alt=\"\" class=\"wp-image-302355\"  \/>Site <a href=\"https:\/\/maestrocasas.pt\/victoria\/\" target=\"_blank\" rel=\"noreferrer noopener nofollow\">Maestrocasas<\/a><\/p>\n<p class=\"has-medium-font-size\"><strong>Tend\u00eancia em crescimento<\/strong><\/p>\n<p>Nos \u00faltimos anos, as casas modulares ganharam notoriedade pela efici\u00eancia e pela adapta\u00e7\u00e3o \u00e0s necessidades atuais. De acordo com a mesma fonte, empresas especializadas t\u00eam apostado em solu\u00e7\u00f5es que combinam conforto, sustentabilidade e design moderno, atraindo quem procura alternativas mais econ\u00f3micas em compara\u00e7\u00e3o com a constru\u00e7\u00e3o tradicional.<\/p>\n<p class=\"has-medium-font-size\"><strong>Sustentabilidade e personaliza\u00e7\u00e3o<\/strong><\/p>\n<p>A preocupa\u00e7\u00e3o ambiental est\u00e1 cada vez mais presente neste setor. Muitos modelos s\u00e3o produzidos com materiais ecol\u00f3gicos, t\u00e9cnicas que reduzem res\u00edduos e sistemas que favorecem a efici\u00eancia energ\u00e9tica, como pain\u00e9is solares e isolamento t\u00e9rmico refor\u00e7ado, conforme refere o <a href=\"https:\/\/www.idealista.pt\/\" target=\"_blank\" rel=\"noreferrer noopener nofollow\">Idealista<\/a>.<\/p>\n<p class=\"has-medium-font-size\"><strong>Tecnologia ao servi\u00e7o da habita\u00e7\u00e3o<\/strong><\/p>\n<p>Esta casa pr\u00e9-fabricada inclui automa\u00e7\u00e3o residencial, com sistemas que permitem controlar a ilumina\u00e7\u00e3o, climatiza\u00e7\u00e3o ou seguran\u00e7a atrav\u00e9s de dispositivos m\u00f3veis.<\/p>\n<p><strong>Leia tamb\u00e9m: <a href=\"https:\/\/postal.pt\/nacional\/adeus-a2-ha-uma-forma-de-chegar-ao-algarve-em-35-minutos-e-comeca-perto-de-lisboa\/\" target=\"_blank\" rel=\"noreferrer noopener nofollow\">Adeus A2? H\u00e1 uma forma de chegar ao Algarve em 35 minutos (e come\u00e7a perto de Lisboa)<\/a><\/strong><\/p>\n","protected":false},"excerpt":{"rendered":"As casas pr\u00e9-fabricadas est\u00e3o a conquistar cada vez mais espa\u00e7o no mercado residencial europeu, gra\u00e7as ao pre\u00e7o acess\u00edvel,&hellip;\n","protected":false},"author":2,"featured_media":36962,"comment_status":"","ping_status":"","sticky":false,"template":"","format":"standard","meta":{"footnotes":""},"categories":[83],"tags":[88,89,90,32,33],"class_list":{"0":"post-36961","1":"post","2":"type-post","3":"status-publish","4":"format-standard","5":"has-post-thumbnail","7":"category-empresas","8":"tag-business","9":"tag-economy","10":"tag-empresas","11":"tag-portugal","12":"tag-pt"},"share_on_mastodon":{"url":"","error":""},"_links":{"self":[{"href":"https:\/\/www.europesays.com\/pt\/wp-json\/wp\/v2\/posts\/36961","targetHints":{"allow":["GET"]}}],"collection":[{"href":"https:\/\/www.europesays.com\/pt\/wp-json\/wp\/v2\/posts"}],"about":[{"href":"https:\/\/www.europesays.com\/pt\/wp-json\/wp\/v2\/types\/post"}],"author":[{"embeddable":true,"href":"https:\/\/www.europesays.com\/pt\/wp-json\/wp\/v2\/users\/2"}],"replies":[{"embeddable":true,"href":"https:\/\/www.europesays.com\/pt\/wp-json\/wp\/v2\/comments?post=36961"}],"version-history":[{"count":0,"href":"https:\/\/www.europesays.com\/pt\/wp-json\/wp\/v2\/posts\/36961\/revisions"}],"wp:featuredmedia":[{"embeddable":true,"href":"https:\/\/www.europesays.com\/pt\/wp-json\/wp\/v2\/media\/36962"}],"wp:attachment":[{"href":"https:\/\/www.europesays.com\/pt\/wp-json\/wp\/v2\/media?parent=36961"}],"wp:term":[{"taxonomy":"category","embeddable":true,"href":"https:\/\/www.europesays.com\/pt\/wp-json\/wp\/v2\/categories?post=36961"},{"taxonomy":"post_tag","embeddable":true,"href":"https:\/\/www.europesays.com\/pt\/wp-json\/wp\/v2\/tags?post=36961"}],"curies":[{"name":"wp","href":"https:\/\/api.w.org\/{rel}","templated":true}]}}