{"id":369689,"date":"2026-05-05T11:50:15","date_gmt":"2026-05-05T11:50:15","guid":{"rendered":"https:\/\/www.europesays.com\/pt\/369689\/"},"modified":"2026-05-05T11:50:15","modified_gmt":"2026-05-05T11:50:15","slug":"atmosfera-e-descoberta-em-corpo-celeste-alem-de-netuno-05-05-2026-ciencia","status":"publish","type":"post","link":"https:\/\/www.europesays.com\/pt\/369689\/","title":{"rendered":"Atmosfera \u00e9 descoberta em corpo celeste al\u00e9m de Netuno &#8211; 05\/05\/2026 &#8211; Ci\u00eancia"},"content":{"rendered":"<p>Nos confins do nosso Sistema Solar \u2014al\u00e9m do planeta mais distante, Netuno\u2014 reside uma s\u00e9rie de corpos celestes gelados e desolados. Entre esses objetos, somente <a href=\"https:\/\/www1.folha.uol.com.br\/ciencia\/2025\/01\/plutao-pode-ter-capturado-sua-maior-lua-apos-danca-e-beijo.shtml\" rel=\"nofollow noopener\" target=\"\">Plut\u00e3o <\/a>era conhecido por possuir uma atmosfera. At\u00e9 agora.<\/p>\n<p>Astr\u00f4nomos identificaram outro objeto dessa regi\u00e3o com uma atmosfera para chamar de sua, ainda que rarefeita. A descoberta, descrita em <a href=\"https:\/\/www.nature.com\/articles\/s41550-026-02846-1\" rel=\"nofollow noopener\" target=\"_blank\">estudo <\/a>que saiu nesta segunda-feira (4) na revista <a href=\"https:\/\/www.nature.com\/natastron\/\" rel=\"nofollow noopener\" target=\"_blank\">Nature Astronomy<\/a>, sugere que alguns corpos solit\u00e1rios podem ser mais din\u00e2micos do que se pensava.<\/p>\n<p>O objeto recebeu o nome de (612533) 2002 XV93 e orbita o <a href=\"https:\/\/www1.folha.uol.com.br\/folha-topicos\/sol\/\" rel=\"nofollow noopener\" target=\"_blank\">Sol<\/a> aproximadamente \u00e0 mesma dist\u00e2ncia que Plut\u00e3o. Seu di\u00e2metro \u00e9 estimado em cerca de 500 quil\u00f4metros. Para se ter uma ideia, \u00e9 muito menor que os planetas-an\u00f5es Plut\u00e3o e \u00c9ris, com di\u00e2metros de 2.370 quil\u00f4metros e 2.326 quil\u00f4metros, respectivamente.<\/p>\n<p>A atmosfera do objeto parece ser em torno de 5 milh\u00f5es a 10 milh\u00f5es de vezes mais fina do que a da Terra e de 50 a 100 vezes mais fina do que a de Plut\u00e3o. Al\u00e9m disso, ela pode ser dominada por metano, nitrog\u00eanio ou mon\u00f3xido de carbono.<\/p>\n<p>&#8220;A descoberta sugere que alguns pequenos corpos gelados no Sistema Solar exterior podem n\u00e3o ser completamente inativos ou imut\u00e1veis, como se supunha anteriormente&#8221;, disse o astr\u00f4nomo Ko Arimatsu, diretor do Observat\u00f3rio Astron\u00f4mico de Ishigakijima e professor do Observat\u00f3rio Astron\u00f4mico Nacional do <a href=\"https:\/\/www1.folha.uol.com.br\/folha-topicos\/japao\/\" rel=\"nofollow noopener\" target=\"_blank\">Jap\u00e3o<\/a>. Ele \u00e9 o autor principal do novo estudo.<\/p>\n<p>&#8220;Acreditava-se de modo geral que uma atmosfera n\u00e3o existiria em um objeto t\u00e3o pequeno&#8221;, disse o astr\u00f4nomo e coautor do estudo Junichi Watanabe, diretor do Instituto de Ci\u00eancias Espaciais Koyama da <a href=\"https:\/\/www1.folha.uol.com.br\/folha-topicos\/universidade\/\" rel=\"nofollow noopener\" target=\"_blank\">Universidade<\/a> Kyoto Sangyo e professor do Observat\u00f3rio Astron\u00f4mico Nacional do Jap\u00e3o. &#8220;Isso sugere que, mesmo em um mundo distante e frio, existem dinamismos que n\u00e3o imagin\u00e1vamos.&#8221;<\/p>\n<p>Existem duas poss\u00edveis explica\u00e7\u00f5es para a atmosfera do objeto, segundo os autores do novo estudo.<\/p>\n<p>Uma delas \u00e9 que possa ser uma atmosfera duradoura, talvez sustentada por criovulcanismo, com gases escapando ou sendo expelidos de seu interior atrav\u00e9s de fissuras em sua superf\u00edcie.<\/p>\n<p>&#8220;N\u00e3o seria um vulc\u00e3o como os da Terra, com rocha derretida, mas uma vers\u00e3o de mundo gelado e frio envolvendo gases vol\u00e1teis e gelos&#8221;, disse Arimatsu.<\/p>\n<p>A outra hip\u00f3tese \u00e9 que a atmosfera possa ser tempor\u00e1ria, fruto de gases liberados na colis\u00e3o com um objeto menor relativamente pouco tempo atr\u00e1s.<\/p>\n<p>&#8220;Se a atmosfera foi gerada por impacto, ela pode diminuir ao longo dos pr\u00f3ximos anos ou d\u00e9cadas. Se persistir ou variar sazonalmente, isso favoreceria a hip\u00f3tese de um suprimento interno cont\u00ednuo&#8221;, afirmou Arimatsu.<\/p>\n<p>Para estudar o objeto, pesquisadores utilizaram telesc\u00f3pios terrestres nas cidades japonesas de Kyoto, Nagano e Fukushima.<\/p>\n<p>As observa\u00e7\u00f5es ocorreram durante uma oculta\u00e7\u00e3o estelar, ou seja, quando um corpo celeste passa na frente de uma estrela distante do ponto de vista da Terra, obscurecendo temporariamente a luz estelar. Os cientistas conseguem determinar caracter\u00edsticas f\u00edsicas de um objeto com base nas mudan\u00e7as na luz da estrela de fundo.<\/p>\n<p>O objeto rec\u00e9m-identificado habita uma vasta extens\u00e3o al\u00e9m de Netuno chamada Cintur\u00e3o de Kuiper. Suspeita-se que provavelmente ele tenha surgido no in\u00edcio do Sistema Solar, h\u00e1 pouco mais de 4,5 bilh\u00f5es de anos.<\/p>\n<p>Ele percorre uma trajet\u00f3ria el\u00edptica ao redor do Sol, levando 247 anos para completar uma \u00f3rbita. Sua composi\u00e7\u00e3o, segundo os pesquisadores, pode incluir gelo de \u00e1gua, rocha e materiais ricos em compostos org\u00e2nicos.<\/p>\n<p>No momento das observa\u00e7\u00f5es, ele estava a cerca de 5,5 bilh\u00f5es de quil\u00f4metros do Sol. Isso equivale a aproximadamente 37 vezes a dist\u00e2ncia entre a Terra e o Sol, uma medida chamada unidade astron\u00f4mica, ou UA. Sua dist\u00e2ncia m\u00e9dia do Sol \u00e9 de cerca de 39,6 UA \u201434,6 UA no ponto mais pr\u00f3ximo e 44,6 UA no mais distante.<\/p>\n<p>Os pesquisadores reconhecem que o nome (612533) 2002 XV93 n\u00e3o \u00e9 f\u00e1cil de memorizar.<\/p>\n<p>&#8220;Dentro da nossa equipe, geralmente cham\u00e1vamos apenas de XV93, o que \u00e9 conveniente, mas reconhecidamente n\u00e3o \u00e9 muito empolgante&#8221;, disse Arimatsu. &#8220;Pessoalmente, como trabalho no Observat\u00f3rio Astron\u00f4mico de Ishigakijima, em Okinawa, ficaria muito feliz se um dia ele recebesse um nome ligado \u00e0 mitologia de Okinawa, como Amamikyu, a divindade criadora na tradi\u00e7\u00e3o okinawana. Mas a nomenclatura formal segue os procedimentos da Uni\u00e3o Astron\u00f4mica Internacional.&#8221;<\/p>\n","protected":false},"excerpt":{"rendered":"Nos confins do nosso Sistema Solar \u2014al\u00e9m do planeta mais distante, Netuno\u2014 reside uma s\u00e9rie de corpos celestes&hellip;\n","protected":false},"author":2,"featured_media":369690,"comment_status":"","ping_status":"","sticky":false,"template":"","format":"standard","meta":{"footnotes":"","_share_on_mastodon":"0"},"categories":[84],"tags":[443,109,107,108,236,461,3536,62462,32,33,105,103,104,2560,2836,106,110,3062,2077],"class_list":["post-369689","post","type-post","status-publish","format-standard","has-post-thumbnail","category-ciencia-e-tecnologia","tag-astronomia","tag-ciencia","tag-ciencia-e-tecnologia","tag-cienciaetecnologia","tag-folha","tag-japao","tag-pesquisa-cientifica","tag-plutao","tag-portugal","tag-pt","tag-science","tag-science-and-technology","tag-scienceandtechnology","tag-sistema-solar","tag-sol","tag-technology","tag-tecnologia","tag-universidade","tag-universo"],"share_on_mastodon":{"url":"https:\/\/pubeurope.com\/@pt\/116521823605005236","error":""},"_links":{"self":[{"href":"https:\/\/www.europesays.com\/pt\/wp-json\/wp\/v2\/posts\/369689","targetHints":{"allow":["GET"]}}],"collection":[{"href":"https:\/\/www.europesays.com\/pt\/wp-json\/wp\/v2\/posts"}],"about":[{"href":"https:\/\/www.europesays.com\/pt\/wp-json\/wp\/v2\/types\/post"}],"author":[{"embeddable":true,"href":"https:\/\/www.europesays.com\/pt\/wp-json\/wp\/v2\/users\/2"}],"replies":[{"embeddable":true,"href":"https:\/\/www.europesays.com\/pt\/wp-json\/wp\/v2\/comments?post=369689"}],"version-history":[{"count":0,"href":"https:\/\/www.europesays.com\/pt\/wp-json\/wp\/v2\/posts\/369689\/revisions"}],"wp:featuredmedia":[{"embeddable":true,"href":"https:\/\/www.europesays.com\/pt\/wp-json\/wp\/v2\/media\/369690"}],"wp:attachment":[{"href":"https:\/\/www.europesays.com\/pt\/wp-json\/wp\/v2\/media?parent=369689"}],"wp:term":[{"taxonomy":"category","embeddable":true,"href":"https:\/\/www.europesays.com\/pt\/wp-json\/wp\/v2\/categories?post=369689"},{"taxonomy":"post_tag","embeddable":true,"href":"https:\/\/www.europesays.com\/pt\/wp-json\/wp\/v2\/tags?post=369689"}],"curies":[{"name":"wp","href":"https:\/\/api.w.org\/{rel}","templated":true}]}}