{"id":369819,"date":"2026-05-05T13:31:21","date_gmt":"2026-05-05T13:31:21","guid":{"rendered":"https:\/\/www.europesays.com\/pt\/369819\/"},"modified":"2026-05-05T13:31:21","modified_gmt":"2026-05-05T13:31:21","slug":"uma-aguia-imperial-iberica-rondou-pela-primeira-vez-a-faia-brava-biodiversidade","status":"publish","type":"post","link":"https:\/\/www.europesays.com\/pt\/369819\/","title":{"rendered":"Uma \u00e1guia-imperial-ib\u00e9rica rondou, pela primeira vez, a Faia Brava | Biodiversidade"},"content":{"rendered":"<p>Habituados a encontrar diversos tipos de abutres nos centros de alimenta\u00e7\u00e3o de aves necr\u00f3fagas (CAAN) que monitorizam regularmente, os t\u00e9cnicos da Reserva da Faia Brava tiveram uma enorme surpresa quando detectaram naquele espa\u00e7o uma \u00e1guia-imperial-ib\u00e9rica (Aquila adalberti). \u201cTanto quanto sei, \u00e9 caso \u00fanico nesta zona\u201d, diz Jo\u00e3o Carvalho, coordenador da Biodiversidade da reserva.<\/p>\n<p>A ave, \u201cum indiv\u00edduo imaturo\u201d, sublinha Jo\u00e3o Carvalho, foi apanhada nas imagens das c\u00e2maras de armadilhagem fotogr\u00e1fica do CAAN situado em Escalh\u00e3o, em pleno <a href=\"https:\/\/www.publico.pt\/2024\/05\/18\/azul\/noticia\/andam-olho-nelas-nao-saem-casa-eis-aves-risco-douro-internacional-2090832\" target=\"_self\" rel=\"nofollow noopener\">Parque Natural do Douro Internacional<\/a>. Um espa\u00e7o j\u00e1 fora da \u00e1rea da reserva mas que \u00e9 gerido e monitorizado por ela. A sua presen\u00e7a fez abrir sorrisos nos respons\u00e1veis da <a href=\"https:\/\/www.publico.pt\/2010\/04\/22\/ciencia\/noticia\/faia-brava-aqui-esta-a-nascer-a-primeira-reserva-natural-privada-em-portugal-1433432\" target=\"_self\" rel=\"nofollow noopener\">Faia Brava<\/a> e a esperan\u00e7a de que possa ser um sinal de que a \u00e1guia-imperial se venha a instalar neste territ\u00f3rio.<\/p>\n<p>A esp\u00e9cie, outrora presente entre o Algarve e a Beira Interior, chegou a ser declarada extinta no pa\u00eds, no final dos anos 1970, in\u00edcio dos anos 1980. Contudo, desde 2003 que voltou a nidificar em territ\u00f3rio nacional, embora em pequenos n\u00facleos e em \u00e1reas muito restritas, que se cingir\u00e3o, neste momento, ao <a href=\"https:\/\/www.publico.pt\/2020\/08\/30\/sociedade\/noticia\/mundo-agua-aves-1926494\" target=\"_self\" rel=\"nofollow noopener\">Parque Natural do Tejo Internacional<\/a> e \u00e0 zona de M\u00e9rtola e <a href=\"https:\/\/www.publico.pt\/2024\/03\/16\/fugas\/noticia\/olha-passarinho-passear-olhos-postos-ceu-arvores-chao-2082577\" target=\"_self\" rel=\"nofollow noopener\">Castro Verde<\/a>.<\/p>\n<p>                &#13;<br \/>\n                    &#13;<br \/>\n                    &#13;<br \/>\n                        Apesar da baixa qualidade da imagem, \u00e9 bem vis\u00edvel a \u00e1guia-imperial-ib\u00e9rica&#13;<br \/>\nDR                    &#13;<\/p>\n<p>A Lista Vermelha das Aves de 2022 identifica-a como estando Criticamente em Perigo, situa\u00e7\u00e3o que n\u00e3o se alterou em rela\u00e7\u00e3o \u00e0 avalia\u00e7\u00e3o feita em 2005, quando tinha o mesmo estatuto, embora a evolu\u00e7\u00e3o da esp\u00e9cie seja apresentada como positiva. A estimativa para o n\u00famero de casais nidificantes \u00e9 17. Em Espanha, onde Jo\u00e3o Carvalho diz que tem sido feito \u201cum programa de recupera\u00e7\u00e3o extraordin\u00e1rio, com o n\u00famero de casais a ultrapassar os 800\u201d, a classifica\u00e7\u00e3o de 2021 era Em Perigo.<\/p>\n<p>Percebe-se, por isso, que a presen\u00e7a de uma destas aves numa zona pr\u00f3xima da Faia Brava tenha sido recebida com um entusiasmo particular. \u201cPode ser um primeiro passo para as vir a ter no territ\u00f3rio do C\u00f4a\u201d, diz Jo\u00e3o Carvalho.<\/p>\n<p>O trabalho, garante, est\u00e1 a ser feito nesse sentido. Al\u00e9m de necessitar de uma zona de \u201cref\u00fagio e tranquilidade\u201d, h\u00e1 duas condi\u00e7\u00f5es essenciais para que a esp\u00e9cie se possa instalar num territ\u00f3rio \u2013 a presen\u00e7a de presas, em concreto o coelho, e um habitat adequado, que congregue zonas de montado com \u00e1reas de pastagens e cereais.<\/p>\n<p>                &#13;<br \/>\n                    &#13;<br \/>\n                    &#13;<br \/>\n                        A \u00e1guia-imperial-ib\u00e9rica avistada era um indiv\u00edduo imaturo, ou seja, ainda jovem&#13;<br \/>\nDR                    &#13;<\/p>\n<p>Na Faia Brava, sublinha o bi\u00f3logo, est\u00e3o a ser feitos \u201cesfor\u00e7os no sentido de assegurar a popula\u00e7\u00e3o de coelhos\u201d, o que \u00e9 mais um dado que cria expectativas para a presen\u00e7a mais ass\u00eddua da \u00e1guia-imperial-ib\u00e9rica.<\/p>\n<p>A esp\u00e9cie, refere Jo\u00e3o Carvalho, pode percorrer enormes dist\u00e2ncias, em busca de alimento, mas n\u00e3o \u00e9 incomum que, havendo disponibilidade em \u201crestaurantes de abutres\u201d, como chama ironicamente aos CAAN, aproveite tamb\u00e9m para se alimentar ali, como ter\u00e1 acontecido agora.<\/p>\n<p>Nas imagens captadas v\u00ea-se a \u00e1guia-imperial-ib\u00e9rica junto a uma gralha (Corvus corone), no espa\u00e7o que \u00e9 regularmente frequentado por tr\u00eas esp\u00e9cies emblem\u00e1ticas: o grifo (Gyps fulvus), o <a href=\"https:\/\/www.publico.pt\/2026\/02\/05\/azul\/noticia\/palombar-conseguiu-fundos-recuperar-abutrepreto-douro-internacional-2163739\" target=\"_self\" rel=\"nofollow noopener\">abutre-preto<\/a> (Aegypius monachus) e o <a href=\"https:\/\/www.publico.pt\/2017\/09\/01\/ecosfera\/noticia\/no-abismo-da-extincao-quercus-alerta-para-importancia-ecologica-dos-abutres-1784169\" target=\"_self\" rel=\"nofollow noopener\">abutre-do-egipto<\/a> (Neophron percnopterus). Tanto o abutre-preto como o abutre-do-egipto s\u00e3o esp\u00e9cies com estatuto de conserva\u00e7\u00e3o Em Perigo.<\/p>\n<p>                &#13;<br \/>\n                    &#13;<br \/>\n                    &#13;<br \/>\n                        O campo de alimenta\u00e7\u00e3o onde a \u00e1guia-imperial-ib\u00e9rica foi vista, aqui cheio de grifos, abutres-pretos e abutres-do-egipto&#13;<br \/>\nDR                    &#13;<\/p>\n<p>A biodiversidade na \u00e1rea da <a href=\"https:\/\/www.publico.pt\/2025\/09\/19\/azul\/noticia\/primeira-floresta-eterna-podera-nascer-faia-brava-2147705\" target=\"_self\" rel=\"nofollow noopener\">reserva privada<\/a> tem revelado v\u00e1rias surpresas, como a presen\u00e7a do gato-bravo (Felis silvestris), esp\u00e9cie classificada como Vulner\u00e1vel no Livro Vermelho dos Vertebrados de Portugal, em 2005. Depois de ter andado desaparecido da Faia Brava durante alguns anos, parece ter voltado em definitivo. \u00c9, como diz o bi\u00f3logo, outra \u201cpresen\u00e7a ilustre\u201d da reserva, que anda por ali, pelo menos, \u201cdesde 2021\u201d.<\/p>\n<p>Se a \u00e1guia-imperial-ib\u00e9rica poder\u00e1 tornar-se uma presen\u00e7a habitual desta regi\u00e3o, ainda \u00e9 uma inc\u00f3gnita. Mas, para j\u00e1, a sua breve passagem por ali serviu, pelo menos, para alimentar a esperan\u00e7a de que um dia isso possa acontecer.<\/p>\n","protected":false},"excerpt":{"rendered":"Habituados a encontrar diversos tipos de abutres nos centros de alimenta\u00e7\u00e3o de aves necr\u00f3fagas (CAAN) que monitorizam regularmente,&hellip;\n","protected":false},"author":2,"featured_media":369820,"comment_status":"","ping_status":"","sticky":false,"template":"","format":"standard","meta":{"footnotes":"","_share_on_mastodon":"0"},"categories":[10],"tags":[3699,785,2780,27,28,3697,15,16,14,25,26,21,22,12,13,19,20,32292,32,23,24,33,17,18,29,30,31],"class_list":["post-369819","post","type-post","status-publish","format-standard","has-post-thumbnail","category-portugal","tag-aves","tag-azul","tag-biodiversidade","tag-breaking-news","tag-breakingnews","tag-conservacao-da-natureza","tag-featured-news","tag-featurednews","tag-headlines","tag-latest-news","tag-latestnews","tag-main-news","tag-mainnews","tag-news","tag-noticias","tag-noticias-principais","tag-noticiasprincipais","tag-parque-natural-do-tejo-internacional","tag-portugal","tag-principais-noticias","tag-principaisnoticias","tag-pt","tag-top-stories","tag-topstories","tag-ultimas","tag-ultimas-noticias","tag-ultimasnoticias"],"share_on_mastodon":{"url":"https:\/\/pubeurope.com\/@pt\/116522220843945537","error":""},"_links":{"self":[{"href":"https:\/\/www.europesays.com\/pt\/wp-json\/wp\/v2\/posts\/369819","targetHints":{"allow":["GET"]}}],"collection":[{"href":"https:\/\/www.europesays.com\/pt\/wp-json\/wp\/v2\/posts"}],"about":[{"href":"https:\/\/www.europesays.com\/pt\/wp-json\/wp\/v2\/types\/post"}],"author":[{"embeddable":true,"href":"https:\/\/www.europesays.com\/pt\/wp-json\/wp\/v2\/users\/2"}],"replies":[{"embeddable":true,"href":"https:\/\/www.europesays.com\/pt\/wp-json\/wp\/v2\/comments?post=369819"}],"version-history":[{"count":0,"href":"https:\/\/www.europesays.com\/pt\/wp-json\/wp\/v2\/posts\/369819\/revisions"}],"wp:featuredmedia":[{"embeddable":true,"href":"https:\/\/www.europesays.com\/pt\/wp-json\/wp\/v2\/media\/369820"}],"wp:attachment":[{"href":"https:\/\/www.europesays.com\/pt\/wp-json\/wp\/v2\/media?parent=369819"}],"wp:term":[{"taxonomy":"category","embeddable":true,"href":"https:\/\/www.europesays.com\/pt\/wp-json\/wp\/v2\/categories?post=369819"},{"taxonomy":"post_tag","embeddable":true,"href":"https:\/\/www.europesays.com\/pt\/wp-json\/wp\/v2\/tags?post=369819"}],"curies":[{"name":"wp","href":"https:\/\/api.w.org\/{rel}","templated":true}]}}