{"id":370738,"date":"2026-05-06T09:07:16","date_gmt":"2026-05-06T09:07:16","guid":{"rendered":"https:\/\/www.europesays.com\/pt\/370738\/"},"modified":"2026-05-06T09:07:16","modified_gmt":"2026-05-06T09:07:16","slug":"ex-bailarina-do-faustao-expoe-trauma-depois-de-4-meses-presa-do-luxo-ao-lixo-televisao","status":"publish","type":"post","link":"https:\/\/www.europesays.com\/pt\/370738\/","title":{"rendered":"Ex-bailarina do Faust\u00e3o exp\u00f5e trauma depois de 4 meses presa: &#8216;Do luxo ao lixo&#8217; | Televis\u00e3o"},"content":{"rendered":"<p>                                        Natacha Horana recordou meses em que esteve presa  &#8211; Reprodu\u00e7\u00e3o\/Instagram <\/p>\n<p class=\"content-media__description\">Natacha Horana recordou meses em que esteve presa Reprodu\u00e7\u00e3o\/Instagram <\/p>\n<p>                            Publicado 05\/05\/2026 13:59\n                    <\/p>\n<p>Rio &#8211;\u00a0Natacha Horana participou do programa &#8220;Sensacional&#8221;, comandado por Daniela Albuquerque na RedeTV!, nesta segunda-feira (4) e relembrou a pris\u00e3o em 2024 ap\u00f3s ser acusada de lavagem de dinheiro. A ex-bailarina do &#8220;Doming\u00e3o do Faust\u00e3o&#8221; descreveu a mudan\u00e7a de realidade.<\/p>\n<p>&#8220;Foi a transi\u00e7\u00e3o do luxo ao lixo totalmente. De repente, voc\u00ea sai de uma rotina de viagens, fama, melhores lugares e restaurantes, para ser privada da sua liberdade. \u00c9 o &#8216;Vale da Sombra da Morte'&#8221;, desabafou. Ela falou sobre o momento em que foi detida em casa, na zona sul de S\u00e3o Paulo.<\/p>\n<p>&#8220;\u00c9 um trauma que carrego. Nunca passou pela minha cabe\u00e7a que era comigo. \u00c9 muito extremo! \u00c9 como perder algu\u00e9m, \u00e9 um luto. Pensei: &#8216;Meu Deus, n\u00e3o vou aguentar&#8217;. Tanto que pensei em me matar. Eu vi na pele o que \u00e9 tristeza! Vi uma mulher morrendo na minha frente&#8221;, contou.<\/p>\n<p>Segundo Natasha, o nome dela foi envolvido na investiga\u00e7\u00e3o ap\u00f3s um breve relacionamento. &#8220;Eu buscava nos meus relacionamentos e amizades, em tudo, homens mais velhos, que tivessem pulso firme, idealizando um pai. Antigamente n\u00e3o [pesquisava], simplesmente me envolvia&#8221;.\u00a0<\/p>\n","protected":false},"excerpt":{"rendered":"Natacha Horana recordou meses em que esteve presa &#8211; Reprodu\u00e7\u00e3o\/Instagram Natacha Horana recordou meses em que esteve presa&hellip;\n","protected":false},"author":2,"featured_media":370739,"comment_status":"","ping_status":"","sticky":false,"template":"","format":"standard","meta":{"footnotes":"","_share_on_mastodon":"0"},"categories":[145],"tags":[211,210,3864,114,115,62677,32,694,33],"class_list":["post-370738","post","type-post","status-publish","format-standard","has-post-thumbnail","category-celebridades","tag-celebridades","tag-celebrities","tag-desabafo","tag-entertainment","tag-entretenimento","tag-natacha-horana","tag-portugal","tag-prisao","tag-pt"],"share_on_mastodon":{"url":"https:\/\/pubeurope.com\/@pt\/116526844653812948","error":""},"_links":{"self":[{"href":"https:\/\/www.europesays.com\/pt\/wp-json\/wp\/v2\/posts\/370738","targetHints":{"allow":["GET"]}}],"collection":[{"href":"https:\/\/www.europesays.com\/pt\/wp-json\/wp\/v2\/posts"}],"about":[{"href":"https:\/\/www.europesays.com\/pt\/wp-json\/wp\/v2\/types\/post"}],"author":[{"embeddable":true,"href":"https:\/\/www.europesays.com\/pt\/wp-json\/wp\/v2\/users\/2"}],"replies":[{"embeddable":true,"href":"https:\/\/www.europesays.com\/pt\/wp-json\/wp\/v2\/comments?post=370738"}],"version-history":[{"count":0,"href":"https:\/\/www.europesays.com\/pt\/wp-json\/wp\/v2\/posts\/370738\/revisions"}],"wp:featuredmedia":[{"embeddable":true,"href":"https:\/\/www.europesays.com\/pt\/wp-json\/wp\/v2\/media\/370739"}],"wp:attachment":[{"href":"https:\/\/www.europesays.com\/pt\/wp-json\/wp\/v2\/media?parent=370738"}],"wp:term":[{"taxonomy":"category","embeddable":true,"href":"https:\/\/www.europesays.com\/pt\/wp-json\/wp\/v2\/categories?post=370738"},{"taxonomy":"post_tag","embeddable":true,"href":"https:\/\/www.europesays.com\/pt\/wp-json\/wp\/v2\/tags?post=370738"}],"curies":[{"name":"wp","href":"https:\/\/api.w.org\/{rel}","templated":true}]}}