{"id":37105,"date":"2025-08-20T09:33:08","date_gmt":"2025-08-20T09:33:08","guid":{"rendered":"https:\/\/www.europesays.com\/pt\/37105\/"},"modified":"2025-08-20T09:33:08","modified_gmt":"2025-08-20T09:33:08","slug":"sporting-disposto-a-libertar-harder-apos-interesse-do-ac-milan-e-define-preco","status":"publish","type":"post","link":"https:\/\/www.europesays.com\/pt\/37105\/","title":{"rendered":"Sporting disposto a libertar Harder ap\u00f3s interesse do AC Milan e define pre\u00e7o"},"content":{"rendered":"<p><strong>O Sporting admite poss\u00edvel sa\u00edda de Conrad Harder neste mercado de ver\u00e3o. AC Milan olha para avan\u00e7ado leonino como plano B.<\/strong><\/p>\n<p>O Sporting est\u00e1 disposto a libertar Conrad Harder neste mercado de ver\u00e3o, garante o jornal Record. A mesma fonte refere que a SAD leonina abre portas a ouvir propostas, por\u00e9m s\u00f3 aceita negociar o avan\u00e7ado por mais de 20 milh\u00f5es de euros, sendo que investiram 19+3 milh\u00f5es de euros no jogador.<\/p>\n<p>Nestes \u00faltimos dias, o <a href=\"https:\/\/bolanarede.pt\/especial-bola-na-rede\/atualidade\/conrad-harder-pode-mesmo-deixar-o-sporting-avancado-interessa-a-historico-italiano\/\" target=\"_blank\" rel=\"noreferrer noopener nofollow\">AC Milan tem mostrado interesse em Conrad Harder, que \u00e9 visto como um plano B<\/a>. Dusan Vlahovic continua a ser a prioridade, por\u00e9m o sal\u00e1rio do avan\u00e7ado da Juventus poder\u00e1 dificultar o neg\u00f3cio. O avan\u00e7ado dos le\u00f5es j\u00e1 foi tamb\u00e9m associado \u00e0 Fiorentina, Leipzig, Rennes e mesmo a Juventus. <\/p>\n<p>Conrad Harder soma tr\u00eas partidas na presente temporada. O seu contrato \u00e9 v\u00e1lido at\u00e9 ao ver\u00e3o de 2029 e conta com uma cl\u00e1usula de rescis\u00e3o de 80 milh\u00f5es de euros.<\/p>\n","protected":false},"excerpt":{"rendered":"O Sporting admite poss\u00edvel sa\u00edda de Conrad Harder neste mercado de ver\u00e3o. AC Milan olha para avan\u00e7ado leonino&hellip;\n","protected":false},"author":2,"featured_media":37106,"comment_status":"","ping_status":"","sticky":false,"template":"","format":"standard","meta":{"footnotes":""},"categories":[87],"tags":[7002,260,4929,135,478,32,33,2101,34,134],"class_list":{"0":"post-37105","1":"post","2":"type-post","3":"status-publish","4":"format-standard","5":"has-post-thumbnail","7":"category-desporto","8":"tag-ac-milan","9":"tag-atualidade","10":"tag-conrad-harder","11":"tag-desporto","12":"tag-destaques-bnr","13":"tag-portugal","14":"tag-pt","15":"tag-serie-a","16":"tag-sporting","17":"tag-sports"},"share_on_mastodon":{"url":"","error":""},"_links":{"self":[{"href":"https:\/\/www.europesays.com\/pt\/wp-json\/wp\/v2\/posts\/37105","targetHints":{"allow":["GET"]}}],"collection":[{"href":"https:\/\/www.europesays.com\/pt\/wp-json\/wp\/v2\/posts"}],"about":[{"href":"https:\/\/www.europesays.com\/pt\/wp-json\/wp\/v2\/types\/post"}],"author":[{"embeddable":true,"href":"https:\/\/www.europesays.com\/pt\/wp-json\/wp\/v2\/users\/2"}],"replies":[{"embeddable":true,"href":"https:\/\/www.europesays.com\/pt\/wp-json\/wp\/v2\/comments?post=37105"}],"version-history":[{"count":0,"href":"https:\/\/www.europesays.com\/pt\/wp-json\/wp\/v2\/posts\/37105\/revisions"}],"wp:featuredmedia":[{"embeddable":true,"href":"https:\/\/www.europesays.com\/pt\/wp-json\/wp\/v2\/media\/37106"}],"wp:attachment":[{"href":"https:\/\/www.europesays.com\/pt\/wp-json\/wp\/v2\/media?parent=37105"}],"wp:term":[{"taxonomy":"category","embeddable":true,"href":"https:\/\/www.europesays.com\/pt\/wp-json\/wp\/v2\/categories?post=37105"},{"taxonomy":"post_tag","embeddable":true,"href":"https:\/\/www.europesays.com\/pt\/wp-json\/wp\/v2\/tags?post=37105"}],"curies":[{"name":"wp","href":"https:\/\/api.w.org\/{rel}","templated":true}]}}