{"id":371288,"date":"2026-05-06T17:19:25","date_gmt":"2026-05-06T17:19:25","guid":{"rendered":"https:\/\/www.europesays.com\/pt\/371288\/"},"modified":"2026-05-06T17:19:25","modified_gmt":"2026-05-06T17:19:25","slug":"vitoria-perseguida-e-com-a-intimidade-exposta-isabel-vive-pesadelo-e-encosta-carolina-a-parede-estrelas","status":"publish","type":"post","link":"https:\/\/www.europesays.com\/pt\/371288\/","title":{"rendered":"Vit\u00f3ria: Perseguida e com a intimidade exposta, Isabel vive pesadelo e encosta Carolina \u00e0 parede &#8211; Estrelas"},"content":{"rendered":"<p>Quando se virou contra Carolina (Lu\u00edsa Cruz), Isabel (Vanessa Gi\u00e1como) estava longe de imaginar o que \u00e9 que a vil\u00e3 iria provocar na sua vida. E, depois de ser feita ref\u00e9m na sua pr\u00f3pria casa, a m\u00e3e de Lia (Beatriz Fraz\u00e3o) vai enfrentar ainda outro pesadelo. <\/p>\n<p>Ap\u00f3s o assalto, Isabel descreve o ataque, profundamente abalada e vulner\u00e1vel. Alice (Carolina Loureiro) suspeita de que n\u00e3o foi apenas um assalto, mas sim um ato de intimida\u00e7\u00e3o. Jo\u00e3o (Jorge Corrula) acredita que o que se passou tem m\u00e3o dos Mendon\u00e7a e a ex-mulher continua de medo. <\/p>\n<p>        &#13;<\/p>\n<p>                        &#13;<br \/>\n                            <img decoding=\"async\" src=\"https:\/\/www.europesays.com\/pt\/wp-content\/uploads\/2026\/05\/img_220x220uu2026-05-05-15-23-09-409578-im-639135914331764639.jpg\" class=\"img_fluid\" loading=\"lazy\" alt=\"\"\/>&#13;<\/p>\n<p class=\"title\">Ler tamb\u00e9m<\/p>\n<p>                    <a href=\"https:\/\/www.tvguia.pt\/novelas\/detalhe\/vitoria-surpresa-vitoria-cede-ao-pedido-de-manuel-e-promove-a-reconciliacao-dos-filhos-com-o-avo\" class=\"streched_link\" title=\"\" content_list_position=\"1\" rel=\"nofollow noopener\" target=\"_blank\">Vit\u00f3ria. Surpresa: Vit\u00f3ria cede ao pedido de Manuel e promove a reconcilia\u00e7\u00e3o dos filhos com o av\u00f4 <\/a><\/p>\n<p>            &#13;<\/p>\n<p>Aproveitando esta situa\u00e7\u00e3o, a advogada pede-lhe que fique a dormir l\u00e1 em casa para a acalmar. Para a tranquilizar, ele aceita e esta agradece-lhe, explicando que teme n\u00e3o conseguir proteger a pr\u00f3pria filha, caso aconte\u00e7a mais alguma coisa. <\/p>\n<p>No dia seguinte, Isabel vai at\u00e9 ao escrit\u00f3rio e revela que est\u00e1 a ser seguida e a receber chamadas an\u00f3nimas. Jo\u00e3o tenta desmistificar o que se passou e diz-lhe que Alice ordenou que um carro-patrulha estivesse permanentemente \u00e0 porta de casa. A vil\u00e3 agradece ao ex-marido, pede desculpa por se ter aliado aos Mendon\u00e7a e garante que tudo far\u00e1 para corrigir os seus erros. <\/p>\n<p>        &#13;<\/p>\n<p>                        &#13;<br \/>\n                            <img decoding=\"async\" src=\"https:\/\/www.europesays.com\/pt\/wp-content\/uploads\/2026\/05\/img_220x220uu2026-05-04-15-44-19-409515.jpg\" class=\"img_fluid\" loading=\"lazy\" alt=\"\"\/>&#13;<\/p>\n<p class=\"title\">Ler tamb\u00e9m<\/p>\n<p>                    <a href=\"https:\/\/www.tvguia.pt\/novelas\/detalhe\/vitoria-alice-desmascara-carolina-e-presa-e-permite-que-vitoria-e-henrique-sejam-felizes-com-os-filhos\" class=\"streched_link\" title=\"\" content_list_position=\"2\" rel=\"nofollow noopener\" target=\"_blank\">Vit\u00f3ria: Alice desmascara Carolina, \u00e9 presa e permite que Vit\u00f3ria e Henrique sejam felizes com os filhos <\/a><\/p>\n<p>            &#13;<\/p>\n<p>J\u00e1 ao chegar a casa, Isabel recebe, por baixo da porta, um envelope com um QR code. Ao aceder, descobre v\u00eddeos \u00edntimos seus gravados por c\u00e2maras escondidas em casa e entra em p\u00e2nico ao perceber que est\u00e1 a ser vigiada em tempo real. Fora de si, come\u00e7a a procurar por todo o lado e acaba por encontrar uma c\u00e2mara, que destr\u00f3i com f\u00faria. Sente-se completamente invadida e grita para que a deixem em paz. <\/p>\n<p>        &#13;<\/p>\n<p>                        &#13;<br \/>\n                            <img decoding=\"async\" src=\"https:\/\/www.europesays.com\/pt\/wp-content\/uploads\/2026\/05\/img_220x220uu2026-05-03-01-26-13-409421.jpg\" class=\"img_fluid\" loading=\"lazy\" alt=\"\"\/>&#13;<\/p>\n<p class=\"title\">Ler tamb\u00e9m<\/p>\n<p>                    <a href=\"https:\/\/www.tvguia.pt\/novelas\/detalhe\/vitoria-vinganca-carolina-invade-a-casa-de-vitoria-para-ameacar-henrique-e-e-humilhada-pela-nora\" class=\"streched_link\" title=\"\" content_list_position=\"3\" rel=\"nofollow noopener\" target=\"_blank\">Vit\u00f3ria. Vingan\u00e7a: Carolina invade a casa de Vit\u00f3ria para amea\u00e7ar Henrique e \u00e9 humilhada pela nora <\/a><\/p>\n<p>            &#13;<\/p>\n<p>Por fim, a malvada vai a casa dos Mendon\u00e7a e acusa Carolina de ter contratado os homens que a assaltaram e de ter colocado c\u00e2maras de vigil\u00e2ncia em sua casa. Maquiav\u00e9lica, a m\u00e3e de Margarida (Joana Santos) devolve um colar a Isabel, que lhe roubou no assalto, e amea\u00e7a-a, sugerindo que se mantenha calada pois, caso contr\u00e1rio, \u00e9 Lia quem sofre as consequ\u00eancias. Isabel fica apavorada. <\/p>\n<p>Saiba tudo sobre &#8216;Vit\u00f3ria&#8217; e as outras novelas na revista\u00a0<b>TV Guia\u00a0<\/b>desta semana, j\u00e1 nas bancas de Portugal, ou na vers\u00e3o digital,\u00a0<a href=\"https:\/\/assinaturas.xl.pt\/tv_guia\" rel=\"nofollow noopener\" target=\"_blank\">aqui<\/a>.\u00a0 \u00a0\u00a0<\/p>\n<p>            &#13;<br \/>\n                &#13;<br \/>\n&#13;<br \/>\n&#13;<br \/>\n    &#13;<br \/>\n&#13;<br \/>\n&#13;<\/p>\n","protected":false},"excerpt":{"rendered":"Quando se virou contra Carolina (Lu\u00edsa Cruz), Isabel (Vanessa Gi\u00e1como) estava longe de imaginar o que \u00e9 que&hellip;\n","protected":false},"author":2,"featured_media":371289,"comment_status":"","ping_status":"","sticky":false,"template":"","format":"standard","meta":{"footnotes":"","_share_on_mastodon":"0"},"categories":[142],"tags":[36274,114,115,2910,32,33,151,40743],"class_list":["post-371288","post","type-post","status-publish","format-standard","has-post-thumbnail","category-tv","tag-carolina-loureiro","tag-entertainment","tag-entretenimento","tag-isabel","tag-portugal","tag-pt","tag-tv","tag-tv-guia"],"share_on_mastodon":{"url":"https:\/\/pubeurope.com\/@pt\/116528780011692484","error":""},"_links":{"self":[{"href":"https:\/\/www.europesays.com\/pt\/wp-json\/wp\/v2\/posts\/371288","targetHints":{"allow":["GET"]}}],"collection":[{"href":"https:\/\/www.europesays.com\/pt\/wp-json\/wp\/v2\/posts"}],"about":[{"href":"https:\/\/www.europesays.com\/pt\/wp-json\/wp\/v2\/types\/post"}],"author":[{"embeddable":true,"href":"https:\/\/www.europesays.com\/pt\/wp-json\/wp\/v2\/users\/2"}],"replies":[{"embeddable":true,"href":"https:\/\/www.europesays.com\/pt\/wp-json\/wp\/v2\/comments?post=371288"}],"version-history":[{"count":0,"href":"https:\/\/www.europesays.com\/pt\/wp-json\/wp\/v2\/posts\/371288\/revisions"}],"wp:featuredmedia":[{"embeddable":true,"href":"https:\/\/www.europesays.com\/pt\/wp-json\/wp\/v2\/media\/371289"}],"wp:attachment":[{"href":"https:\/\/www.europesays.com\/pt\/wp-json\/wp\/v2\/media?parent=371288"}],"wp:term":[{"taxonomy":"category","embeddable":true,"href":"https:\/\/www.europesays.com\/pt\/wp-json\/wp\/v2\/categories?post=371288"},{"taxonomy":"post_tag","embeddable":true,"href":"https:\/\/www.europesays.com\/pt\/wp-json\/wp\/v2\/tags?post=371288"}],"curies":[{"name":"wp","href":"https:\/\/api.w.org\/{rel}","templated":true}]}}