{"id":371356,"date":"2026-05-06T18:15:17","date_gmt":"2026-05-06T18:15:17","guid":{"rendered":"https:\/\/www.europesays.com\/pt\/371356\/"},"modified":"2026-05-06T18:15:17","modified_gmt":"2026-05-06T18:15:17","slug":"em-direto-bernardina-e-badoxa-respondem-a-pergunta-do-momento-sao-um-casal-tvi-player","status":"publish","type":"post","link":"https:\/\/www.europesays.com\/pt\/371356\/","title":{"rendered":"Em direto, Bernardina e Badoxa respondem \u00e0 pergunta do momento: s\u00e3o um casal? &#8211; TVI Player"},"content":{"rendered":"<ol>\n<li><a href=\"https:\/\/news.google.com\/rss\/articles\/CBMiogFBVV95cUxNWWQwZUFNdlFZdDY3N2lLZFB2QjMzSFRnb3NmdWlZWE54Q0c5aWo0SkNPV3BVNlVLSUJkSlpDRHJid3NaNXN6eXA4Qk9FeXR4eWJRRTdPNVhQbGxFQjVWQ0pjc29XeFlkWHJmZmZJZzJiTXMyazJpOHVUdXZDLU5CclE2Tm05N2M0VWRLdVBjNmxpQ1NKUTJCV3hwazY3T2ZvdUE?oc=5\" target=\"_blank\" rel=\"nofollow noopener\">Em direto, Bernardina e Badoxa respondem \u00e0 pergunta do momento: s\u00e3o um casal?<\/a>&nbsp;&nbsp;TVI Player<\/li>\n<li><a href=\"https:\/\/news.google.com\/rss\/articles\/CBMiqAFBVV95cUxQV2Q4Njl5d21GYm00eUtKdlZzU1Y3b3R3RGtNSjMyb1JBQURyN2h0dnpnU25VODhtMU85ZHZ6QkNWVl90RkVQNHoyWWNITEs1N09nWV9zVDhESHJTbkRhZVdOR0oxUUhPOHR1S2sxRFBCSlE4aVVCbk1GX245RXNfMjJ6bWRwSE9RMXV6MDNtOENfdUwtTC1kQW54NGNDRDVJUDRSZTFvMGk?oc=5\" target=\"_blank\" rel=\"nofollow noopener\">Bernardina e Badoxa n\u00e3o namoram: \u201cNunca fizemos com maldade\u201d<\/a>&nbsp;&nbsp;SAPO<\/li>\n<li><a href=\"https:\/\/news.google.com\/rss\/articles\/CBMisAFBVV95cUxPdVFlMEpTNG8yWF9YYUpRQ3ZMRGxESW9NMm9oMEV5MVFhWmN4NGVXNTZ4X0lIeVh0bHBFQTVSTUhudENlSm5HTlB3SlBMdVpZbjBUYVpLdWZvU1NGd2lvZ2h3ZjRiQmtvcV93Q3VjQjV2UGJRcU5tZ2VfVE5GODByengtUFdSU0VKV1ZOSnRTTjRISHRFN1Z2YmdEWWFBTHlKNm45RktxLTBtelZrM1JvcQ?oc=5\" target=\"_blank\" rel=\"nofollow noopener\">Bernardina Brito &#8211; A rea\u00e7\u00e3o dos filhos de Bibi ao falso romance da m\u00e3e com Badoxa: \u201cEles n\u00e3o\u2026\u201d<\/a>&nbsp;&nbsp;Nova Gente<\/li>\n<li><a href=\"https:\/\/news.google.com\/rss\/articles\/CBMisgJBVV95cUxPdGY5WGE5Y1lYZzFCMkJWYTIwUl94YmEzaXpfZ1RpbXhhRHJsWDhZRnBtWGZzbVI2TVZVSnNWT1UtRFR4SmpfcUFGdXpCU29uNXB6T1UtLUpiamo1aFozWnJnb3V4bHg3SGJVVDhGMkwtX25iVmtKUmRBS2xBUVkxdkV3V2pheFczZlpyaWRCcklDZlprODNGTXZoVEY1bVJhSHlVNk1RaDVwQk5aLVJ1Q3pxV2d6QVk0MUpPV1BGRzZma2tyUjM5TXVLNFBRdTBmeWp3cHRIc0N3X3hJakZoYmNKZWR1WGFjdEhPallBSXFiZWVPTXQ2REs4bklZTlYtQTVRaTZVaFZ6cV9ucF9SUWNhUmFqazZDSlljbWNKMUVKTXBoZ2pqUTYzMFd6SGh5b1E?oc=5\" target=\"_blank\" rel=\"nofollow noopener\">\u201cO Badoxa vai perder a credibilidade que tinha&#8221; J\u00e9ssica Antunes comenta pol\u00e9mica sobre relacionamento entre o cantor e Bernardina<\/a>&nbsp;&nbsp;cmjornal.pt<\/li>\n<li><a href=\"https:\/\/news.google.com\/rss\/articles\/CBMi4gFBVV95cUxQM3V2MTRYMGF4UEVWNHNOOHFFTWZNZC1zU2lUNUxuQ3ZDRUp3MHcyd0xfd29RbGdCNExKVkQ3RHp3cjBzc29Ibzg4Z1JlRmVYbWt4NFFWRFROeUNqVmNGcTVHbm5LQy11ZVN2UVJqMVFGZ1VWN3l6cWxqdldVTlF0cjdkYTB4X0pJQkU1QS16OWVtcERDQjdZSmJkYjIxa3g4Vk1Deng2bHAtRDBVdEk4Y0ZTMThKWTRiN211emdfd2tOSkpjM0xOUlpLTUV3Mk1nZGFYc0ZaU0Uyd3IwRW5IcUFn?oc=5\" target=\"_blank\" rel=\"nofollow noopener\">Afinal, havia outra! Badoxa surgia em fotos rom\u00e2nticas com mulher pouco antes do alegado romance com Bernardina<\/a>&nbsp;&nbsp;tvguia.pt<\/li>\n<\/ol>\n","protected":false},"excerpt":{"rendered":"Em direto, Bernardina e Badoxa respondem \u00e0 pergunta do momento: s\u00e3o um casal?&nbsp;&nbsp;TVI Player Bernardina e Badoxa n\u00e3o&hellip;\n","protected":false},"author":2,"featured_media":371357,"comment_status":"","ping_status":"","sticky":false,"template":"","format":"standard","meta":{"footnotes":"","_share_on_mastodon":"0"},"categories":[142],"tags":[13486,62733,114,115,32,33,151],"class_list":["post-371356","post","type-post","status-publish","format-standard","has-post-thumbnail","category-tv","tag-badoxa","tag-bernardina","tag-entertainment","tag-entretenimento","tag-portugal","tag-pt","tag-tv"],"share_on_mastodon":{"url":"https:\/\/pubeurope.com\/@pt\/116528999930540405","error":""},"_links":{"self":[{"href":"https:\/\/www.europesays.com\/pt\/wp-json\/wp\/v2\/posts\/371356","targetHints":{"allow":["GET"]}}],"collection":[{"href":"https:\/\/www.europesays.com\/pt\/wp-json\/wp\/v2\/posts"}],"about":[{"href":"https:\/\/www.europesays.com\/pt\/wp-json\/wp\/v2\/types\/post"}],"author":[{"embeddable":true,"href":"https:\/\/www.europesays.com\/pt\/wp-json\/wp\/v2\/users\/2"}],"replies":[{"embeddable":true,"href":"https:\/\/www.europesays.com\/pt\/wp-json\/wp\/v2\/comments?post=371356"}],"version-history":[{"count":0,"href":"https:\/\/www.europesays.com\/pt\/wp-json\/wp\/v2\/posts\/371356\/revisions"}],"wp:featuredmedia":[{"embeddable":true,"href":"https:\/\/www.europesays.com\/pt\/wp-json\/wp\/v2\/media\/371357"}],"wp:attachment":[{"href":"https:\/\/www.europesays.com\/pt\/wp-json\/wp\/v2\/media?parent=371356"}],"wp:term":[{"taxonomy":"category","embeddable":true,"href":"https:\/\/www.europesays.com\/pt\/wp-json\/wp\/v2\/categories?post=371356"},{"taxonomy":"post_tag","embeddable":true,"href":"https:\/\/www.europesays.com\/pt\/wp-json\/wp\/v2\/tags?post=371356"}],"curies":[{"name":"wp","href":"https:\/\/api.w.org\/{rel}","templated":true}]}}