{"id":371666,"date":"2026-05-06T22:44:18","date_gmt":"2026-05-06T22:44:18","guid":{"rendered":"https:\/\/www.europesays.com\/pt\/371666\/"},"modified":"2026-05-06T22:44:18","modified_gmt":"2026-05-06T22:44:18","slug":"riomar-recife-presente-para-o-dia-das-maes-confira-opcoes-de-eletronicos","status":"publish","type":"post","link":"https:\/\/www.europesays.com\/pt\/371666\/","title":{"rendered":"RioMar Recife | Presente para o Dia das M\u00e3es: confira op\u00e7\u00f5es de eletr\u00f4nicos"},"content":{"rendered":"<p><strong>Por Camile Barros<\/strong><br \/>Do RioMar Recife<\/p>\n<p>Para o <strong>Dia das M\u00e3es<\/strong>, os eletr\u00f4nicos s\u00e3o uma \u00f3tima op\u00e7\u00e3o de presente.<\/p>\n<p>Pr\u00e1ticos, \u00fateis e com op\u00e7\u00f5es para todos os perfis, eles combinam com a m\u00e3e que gosta de tecnologia, com quem quer mais praticidade no dia a dia ou com quem merece um upgrade no que j\u00e1 usa.<\/p>\n<p>O <strong>RioMar Recife<\/strong> re\u00fane lojas com \u00f3timas pedidas para esta data. Confira:<\/p>\n<p>Cali<\/p>\n<p>        &#13;<\/p>\n<p>                <img decoding=\"async\" src=\"https:\/\/www.europesays.com\/pt\/wp-content\/uploads\/2026\/05\/1_eletronicos__2_-36703428.png\" alt=\"Foto: Camile barros\/RioMar Recife\"\/><\/p>\n<p>            &#13;<br \/>\n            Smartwatch Haylou preto exposto em suporte acr\u00edlico ao lado de sua embalagem, com design compacto e tela quadrada. &#8211; <strong>Foto: Camile barros\/RioMar Recife<\/strong>&#13;<\/p>\n<p>        &#13;<\/p>\n<p>                <img decoding=\"async\" src=\"https:\/\/www.europesays.com\/pt\/wp-content\/uploads\/2026\/05\/1_eletronicos-36703468.png\" alt=\"Foto: Camile barros\/RioMar Recife\"\/><\/p>\n<p>            &#13;<br \/>\n            Power bank Alpha Gold Pro lil\u00e1s de 10.000mAh com carregamento r\u00e1pido 22,5W e quatro sa\u00eddas, homologado pela Anatel. &#8211; <strong>Foto: Camile barros\/RioMar Recife<\/strong>&#13;<\/p>\n<p>Para quem quer presentear com tecnologia, a Cali tem o Smartwatch Haylou por R$ 699.\u00a0Al\u00e9m disso, o Power Bank Alpha Gold Pro de 10.000mAh sai por R$ 299.<\/p>\n<p>VX Case<\/p>\n<p>        &#13;<\/p>\n<p>                <img decoding=\"async\" src=\"https:\/\/www.europesays.com\/pt\/wp-content\/uploads\/2026\/05\/1_eletronicos__10_-36703460.png\" alt=\"Foto: Camile barros\/RioMar Recife\"\/><\/p>\n<p>            &#13;<br \/>\n            Fone TWS VX Pods Orion da VX Case com case redondo espelhado aberto, exibindo os earbuds e sua embalagem ao fundo. &#8211; <strong>Foto: Camile barros\/RioMar Recife<\/strong>&#13;<\/p>\n<p>        &#13;<\/p>\n<p>                <img decoding=\"async\" src=\"https:\/\/www.europesays.com\/pt\/wp-content\/uploads\/2026\/05\/1_eletronicos__11_-36703464.png\" alt=\"Foto: Camile barros\/RioMar Recife\"\/><\/p>\n<p>            &#13;<br \/>\n            Headphone over-ear branco da VX Case exibido em cabe\u00e7a de manequim, com design minimalista e almofadas bege. &#8211; <strong>Foto: Camile barros\/RioMar Recife<\/strong>&#13;<\/p>\n<p>Para a m\u00e3e que ama m\u00fasica e n\u00e3o abre m\u00e3o de qualidade de som, a VX Case oferece o headphone over-ear de R$ 849 por R$ 749, e o fone TWS VX Pods Orion de R$ 649 por R$ 599.<\/p>\n<p>Magalu<\/p>\n<p>        &#13;<\/p>\n<p>                <img decoding=\"async\" src=\"https:\/\/www.europesays.com\/pt\/wp-content\/uploads\/2026\/05\/1_eletronicos__5_-36703440.png\" alt=\"Foto: Camile barros\/RioMar Recife\"\/><\/p>\n<p>            &#13;<br \/>\n            Modelador de cachos cer\u00e2mico vermelho exposto sobre painel rosa da Magalu com campanha tem\u00e1tica de Dia das M\u00e3es. &#8211; <strong>Foto: Camile barros\/RioMar Recife<\/strong>&#13;<\/p>\n<p>        &#13;<\/p>\n<p>                <img decoding=\"async\" src=\"https:\/\/www.europesays.com\/pt\/wp-content\/uploads\/2026\/05\/1_eletronicos__6_-36703444.png\" alt=\"Foto: Camile barros\/RioMar Recife\"\/><\/p>\n<p>            &#13;<br \/>\n            Cafeteira Tres vermelha com oferta de Dia das M\u00e3es exposta com embalagens promocionais ao lado. &#8211; <strong>Foto: Camile barros\/RioMar Recife<\/strong>&#13;<\/p>\n<p>Para a m\u00e3e que n\u00e3o dispensa um caf\u00e9 fresquinho, a cafeteira Tres sai de R$ 429 por R$ 399, e ainda vem com R$ 120 em c\u00e1psulas de brinde. J\u00e1 para quem quer real\u00e7ar os cachos com praticidade, o modelador de cachos cer\u00e2mico est\u00e1 por R$ 69,99.<\/p>\n<p>Polishop<\/p>\n<p>        &#13;<\/p>\n<p>                <img decoding=\"async\" src=\"https:\/\/www.europesays.com\/pt\/wp-content\/uploads\/2026\/05\/1_eletronicos__7_-36703448.png\" alt=\"Foto: Camile barros\/RioMar Recife\"\/><\/p>\n<p>            &#13;<br \/>\n            Escova rotativa verde e prancha branca da linha Be Emotion da Polishop expostas em suporte acr\u00edlico com acess\u00f3rios. &#8211; <strong>Foto: Camile barros\/RioMar Recife<\/strong>&#13;<\/p>\n<p>        &#13;<\/p>\n<p>                <img decoding=\"async\" src=\"https:\/\/www.europesays.com\/pt\/wp-content\/uploads\/2026\/05\/1_eletronicos__8_-36703452.png\" alt=\"Foto: Camile barros\/RioMar Recife\"\/><\/p>\n<p>            &#13;<br \/>\n            Massageador shiatsu para costas e assento da Genis montado em cadeira, com painel de benef\u00edcios ao fundo na loja. &#8211; <strong>Foto: Camile barros\/RioMar Recife<\/strong>&#13;<\/p>\n<p>        &#13;<\/p>\n<p>                <img decoding=\"async\" src=\"https:\/\/www.europesays.com\/pt\/wp-content\/uploads\/2026\/05\/1_eletronicos__9_-36703456.png\" alt=\"Foto: Camile barros\/RioMar Recife\"\/><\/p>\n<p>            &#13;<br \/>\n            Massageador de p\u00e9s da Genis em cinza com painel digital. &#8211; <strong>Foto: Camile barros\/RioMar Recife<\/strong>&#13;<\/p>\n<p>Para a m\u00e3e que merece relaxar de verdade, o kit de massagem com cadeira shiatsu e massageador de p\u00e9s sai de R$ 3.600 por R$ 1.799,80.<\/p>\n<p>E para aquela que quer um cabelo impec\u00e1vel em casa, o kit com escova Rotating Nutrah e prancha Shine Nutrah vai de R$ 1.299,80 por R$ 899,90.<\/p>\n<p>Imp\u00e9rio<\/p>\n<p>        &#13;<\/p>\n<p>                <img decoding=\"async\" src=\"https:\/\/www.europesays.com\/pt\/wp-content\/uploads\/2026\/05\/1_eletronicos__3_-36703432.png\" alt=\"Foto: Camile barros\/RioMar Recife\"\/><\/p>\n<p>            &#13;<br \/>\n            Multiprocessador Philco preto com tag &#8220;Neg\u00f3cio de M\u00e3e&#8221; em destaque, ao lado de liquidificador e banner da Nespresso Vertuo ao fundo. &#8211; <strong>Foto: Camile barros\/RioMar Recife<\/strong>&#13;<\/p>\n<p>        &#13;<\/p>\n<p>                <img decoding=\"async\" src=\"https:\/\/www.europesays.com\/pt\/wp-content\/uploads\/2026\/05\/1_eletronicos__4_-36703436.png\" alt=\"Foto: Camile barros\/RioMar Recife\"\/><\/p>\n<p>            &#13;<br \/>\n            Samsung Galaxy A07 em exibi\u00e7\u00e3o com tela roxa e hor\u00e1rio exibindo 15h30. &#8211; <strong>Foto: Camile barros\/RioMar Recife<\/strong>&#13;<\/p>\n<p>Para facilitar a vida na cozinha, o multiprocessador Philco sai de R$ 419 por R$ 339. E para a m\u00e3e que est\u00e1 de olho em um novo smartphone, o Samsung Galaxy A17 est\u00e1 por R$ 699.<\/p>\n<p>*Pre\u00e7os e estoque s\u00e3o responsabilidade da loja.<\/p>\n","protected":false},"excerpt":{"rendered":"Por Camile BarrosDo RioMar Recife Para o Dia das M\u00e3es, os eletr\u00f4nicos s\u00e3o uma \u00f3tima op\u00e7\u00e3o de presente.&hellip;\n","protected":false},"author":2,"featured_media":371667,"comment_status":"","ping_status":"","sticky":false,"template":"","format":"standard","meta":{"footnotes":"","_share_on_mastodon":"0"},"categories":[84],"tags":[109,107,108,3969,315,115,870,754,294,16869,1079,7227,32,33,16870,16868,105,103,104,10685,106,110],"class_list":["post-371666","post","type-post","status-publish","format-standard","has-post-thumbnail","category-ciencia-e-tecnologia","tag-ciencia","tag-ciencia-e-tecnologia","tag-cienciaetecnologia","tag-compras","tag-cultura","tag-entretenimento","tag-eventos","tag-gastronomia","tag-lazer","tag-mall","tag-moda","tag-pernambuco","tag-portugal","tag-pt","tag-recife","tag-riomar-recife","tag-science","tag-science-and-technology","tag-scienceandtechnology","tag-shopping","tag-technology","tag-tecnologia"],"share_on_mastodon":{"url":"https:\/\/pubeurope.com\/@pt\/116530058062039094","error":""},"_links":{"self":[{"href":"https:\/\/www.europesays.com\/pt\/wp-json\/wp\/v2\/posts\/371666","targetHints":{"allow":["GET"]}}],"collection":[{"href":"https:\/\/www.europesays.com\/pt\/wp-json\/wp\/v2\/posts"}],"about":[{"href":"https:\/\/www.europesays.com\/pt\/wp-json\/wp\/v2\/types\/post"}],"author":[{"embeddable":true,"href":"https:\/\/www.europesays.com\/pt\/wp-json\/wp\/v2\/users\/2"}],"replies":[{"embeddable":true,"href":"https:\/\/www.europesays.com\/pt\/wp-json\/wp\/v2\/comments?post=371666"}],"version-history":[{"count":0,"href":"https:\/\/www.europesays.com\/pt\/wp-json\/wp\/v2\/posts\/371666\/revisions"}],"wp:featuredmedia":[{"embeddable":true,"href":"https:\/\/www.europesays.com\/pt\/wp-json\/wp\/v2\/media\/371667"}],"wp:attachment":[{"href":"https:\/\/www.europesays.com\/pt\/wp-json\/wp\/v2\/media?parent=371666"}],"wp:term":[{"taxonomy":"category","embeddable":true,"href":"https:\/\/www.europesays.com\/pt\/wp-json\/wp\/v2\/categories?post=371666"},{"taxonomy":"post_tag","embeddable":true,"href":"https:\/\/www.europesays.com\/pt\/wp-json\/wp\/v2\/tags?post=371666"}],"curies":[{"name":"wp","href":"https:\/\/api.w.org\/{rel}","templated":true}]}}