{"id":371726,"date":"2026-05-06T23:53:12","date_gmt":"2026-05-06T23:53:12","guid":{"rendered":"https:\/\/www.europesays.com\/pt\/371726\/"},"modified":"2026-05-06T23:53:12","modified_gmt":"2026-05-06T23:53:12","slug":"andebol-sporting-perde-com-o-aalborg-e-e-eliminado-da-champions","status":"publish","type":"post","link":"https:\/\/www.europesays.com\/pt\/371726\/","title":{"rendered":"Andebol: Sporting perde com o Aalborg e \u00e9 eliminado da Champions"},"content":{"rendered":"<p>O Sporting foi eliminado nos quartos de final da Champions de andebol, ao perder na Dinamarca com o Aalborg por 37-36 uma semana depois do empate a 31 no Pavilh\u00e3o Jo\u00e3o Rocha.<\/p>\n<p>Com Andr\u00e9 Kristensen muito bem na baliza, os tricampe\u00f5es nacionais chegaram a estar em vantagem na primeira parte, mas foram para o intervalo a perder por 18-17.<\/p>\n<p>Favorito nos quartos de final, o Aalborg aproveitou uma exclus\u00e3o do Sporting nos instantes finais da primeira parte (que se prolongou at\u00e9 ao in\u00edcio da segunda parte) para descolar ligeiramente no marcador.<\/p>\n<p>Apesar da inspira\u00e7\u00e3o de Kiko Costa, que terminou o jogo com 13 golos, os le\u00f5es andaram toda a etapa complementar atr\u00e1s no marcador e n\u00e3o conseguiram levar o jogo para o desempate atrav\u00e9s da marca\u00e7\u00e3o de livres de sete metros.<\/p>\n<p>Pelo segundo ano consecutivo, o Sporting caiu nos quartos de final da Liga dos Campe\u00f5es, mas agora por apenas um golo.<\/p>\n<p>(artigo atualizado)<\/p>\n","protected":false},"excerpt":{"rendered":"O Sporting foi eliminado nos quartos de final da Champions de andebol, ao perder na Dinamarca com o&hellip;\n","protected":false},"author":2,"featured_media":371727,"comment_status":"","ping_status":"","sticky":false,"template":"","format":"standard","meta":{"footnotes":"","_share_on_mastodon":"0"},"categories":[87],"tags":[51844,2693,6365,135,46,1830,32,33,47,34,134],"class_list":["post-371726","post","type-post","status-publish","format-standard","has-post-thumbnail","category-desporto","tag-aalborg","tag-andebol","tag-andebol-sporting","tag-desporto","tag-maisfutebol","tag-modalidades","tag-portugal","tag-pt","tag-pura-paixao","tag-sporting","tag-sports"],"share_on_mastodon":{"url":"https:\/\/pubeurope.com\/@pt\/116530328889700320","error":""},"_links":{"self":[{"href":"https:\/\/www.europesays.com\/pt\/wp-json\/wp\/v2\/posts\/371726","targetHints":{"allow":["GET"]}}],"collection":[{"href":"https:\/\/www.europesays.com\/pt\/wp-json\/wp\/v2\/posts"}],"about":[{"href":"https:\/\/www.europesays.com\/pt\/wp-json\/wp\/v2\/types\/post"}],"author":[{"embeddable":true,"href":"https:\/\/www.europesays.com\/pt\/wp-json\/wp\/v2\/users\/2"}],"replies":[{"embeddable":true,"href":"https:\/\/www.europesays.com\/pt\/wp-json\/wp\/v2\/comments?post=371726"}],"version-history":[{"count":0,"href":"https:\/\/www.europesays.com\/pt\/wp-json\/wp\/v2\/posts\/371726\/revisions"}],"wp:featuredmedia":[{"embeddable":true,"href":"https:\/\/www.europesays.com\/pt\/wp-json\/wp\/v2\/media\/371727"}],"wp:attachment":[{"href":"https:\/\/www.europesays.com\/pt\/wp-json\/wp\/v2\/media?parent=371726"}],"wp:term":[{"taxonomy":"category","embeddable":true,"href":"https:\/\/www.europesays.com\/pt\/wp-json\/wp\/v2\/categories?post=371726"},{"taxonomy":"post_tag","embeddable":true,"href":"https:\/\/www.europesays.com\/pt\/wp-json\/wp\/v2\/tags?post=371726"}],"curies":[{"name":"wp","href":"https:\/\/api.w.org\/{rel}","templated":true}]}}