{"id":371789,"date":"2026-05-07T01:01:16","date_gmt":"2026-05-07T01:01:16","guid":{"rendered":"https:\/\/www.europesays.com\/pt\/371789\/"},"modified":"2026-05-07T01:01:16","modified_gmt":"2026-05-07T01:01:16","slug":"iphone-17-e-o-smartphone-mais-vendido-no-mundo-em-2026","status":"publish","type":"post","link":"https:\/\/www.europesays.com\/pt\/371789\/","title":{"rendered":"iPhone 17 \u00e9 o smartphone mais vendido no mundo em 2026"},"content":{"rendered":"<p>Lan\u00e7ado em setembro do ano passado, o iPhone 17 se tornou o smartphone mais vendido do mundo no primeiro trimestre de 2026, segundo levantamento da empresa de pesquisa de mercado Counterpoint Research. De acordo com a pesquisa, que analisa todas as regi\u00f5es do globo, o modelo da Apple respondeu por 6% de todas as vendas no per\u00edodo.<\/p>\n<p>Nas posi\u00e7\u00f5es seguintes, aparecem varia\u00e7\u00f5es do aparelho: o <strong>iPhone 17 Pro Max<\/strong> e o <strong>iPhone 17 Pro<\/strong>. No site oficial da Apple, o <strong>iPhone 17<\/strong> tem pre\u00e7o inicial de R$ 7.999. A vers\u00e3o Pro Max, mais avan\u00e7ada, \u00e9 anunciada por R$ 12.499.<\/p>\n<p>Leia tamb\u00e9m. <a href=\"https:\/\/www.otempo.com.br\/tecnologia-e-games\/2026\/4\/27\/iphone-17-saiba-qual-o-melhor-momento-do-ano-para-comprar-o-ultimo-lancamento-da-apple\" target=\"_blank\" rel=\"noopener nofollow\">iPhone 17: saiba qual o melhor momento do ano para comprar o \u00faltimo lan\u00e7amento da Apple<\/a><\/p>\n<p>Confira o ranking dos 10 smartphones mais vendidos no primeiro trimestre de 2026:<\/p>\n<ol>\n<li>Apple iPhone 17<\/li>\n<li>Apple iPhone 17 Pro Max<\/li>\n<li>Apple iPhone 17 Pro<\/li>\n<li>Samsung Galaxy A07 4G<\/li>\n<li>Samsung Galaxy A17 5G<\/li>\n<li>Apple iPhone 16<\/li>\n<li>Samsung Galaxy A56<\/li>\n<li>Samsung Galaxy A36<\/li>\n<li>Samsung Galaxy A17 4G<\/li>\n<li>Xiaomi Redmi A5\u00a0<\/li>\n<\/ol>\n","protected":false},"excerpt":{"rendered":"Lan\u00e7ado em setembro do ano passado, o iPhone 17 se tornou o smartphone mais vendido do mundo no&hellip;\n","protected":false},"author":2,"featured_media":371790,"comment_status":"","ping_status":"","sticky":false,"template":"","format":"standard","meta":{"footnotes":"","_share_on_mastodon":"0"},"categories":[84],"tags":[109,107,108,249,2461,32,33,105,103,104,1007,106,110],"class_list":["post-371789","post","type-post","status-publish","format-standard","has-post-thumbnail","category-ciencia-e-tecnologia","tag-ciencia","tag-ciencia-e-tecnologia","tag-cienciaetecnologia","tag-iphone","tag-iphone-17","tag-portugal","tag-pt","tag-science","tag-science-and-technology","tag-scienceandtechnology","tag-smartphone","tag-technology","tag-tecnologia"],"share_on_mastodon":{"url":"https:\/\/pubeurope.com\/@pt\/116530596241977896","error":""},"_links":{"self":[{"href":"https:\/\/www.europesays.com\/pt\/wp-json\/wp\/v2\/posts\/371789","targetHints":{"allow":["GET"]}}],"collection":[{"href":"https:\/\/www.europesays.com\/pt\/wp-json\/wp\/v2\/posts"}],"about":[{"href":"https:\/\/www.europesays.com\/pt\/wp-json\/wp\/v2\/types\/post"}],"author":[{"embeddable":true,"href":"https:\/\/www.europesays.com\/pt\/wp-json\/wp\/v2\/users\/2"}],"replies":[{"embeddable":true,"href":"https:\/\/www.europesays.com\/pt\/wp-json\/wp\/v2\/comments?post=371789"}],"version-history":[{"count":0,"href":"https:\/\/www.europesays.com\/pt\/wp-json\/wp\/v2\/posts\/371789\/revisions"}],"wp:featuredmedia":[{"embeddable":true,"href":"https:\/\/www.europesays.com\/pt\/wp-json\/wp\/v2\/media\/371790"}],"wp:attachment":[{"href":"https:\/\/www.europesays.com\/pt\/wp-json\/wp\/v2\/media?parent=371789"}],"wp:term":[{"taxonomy":"category","embeddable":true,"href":"https:\/\/www.europesays.com\/pt\/wp-json\/wp\/v2\/categories?post=371789"},{"taxonomy":"post_tag","embeddable":true,"href":"https:\/\/www.europesays.com\/pt\/wp-json\/wp\/v2\/tags?post=371789"}],"curies":[{"name":"wp","href":"https:\/\/api.w.org\/{rel}","templated":true}]}}