{"id":37184,"date":"2025-08-20T10:58:12","date_gmt":"2025-08-20T10:58:12","guid":{"rendered":"https:\/\/www.europesays.com\/pt\/37184\/"},"modified":"2025-08-20T10:58:12","modified_gmt":"2025-08-20T10:58:12","slug":"nick-do-rosario-lanca-novo-livro-no-camoes-o-pais","status":"publish","type":"post","link":"https:\/\/www.europesays.com\/pt\/37184\/","title":{"rendered":"Nick do Ros\u00e1rio lan\u00e7a novo livro no Cam\u00f5es &#8211; O Pa\u00eds"},"content":{"rendered":"<p class=\"s5\">\u00a0\u201cAs M\u00e3os do Medo\u201d, de Nick do Ros\u00e1rio, ser\u00e1 apresentado aos leitores, no pr\u00f3ximo dia 26, \u00e0s 17h30, no Cam\u00f5es \u2013 Centro Cultural Portugu\u00eas em Maputo.<\/p>\n<p class=\"s5\">Com 86 p\u00e1ginas e 5 cadernos (sombra, mem\u00f3rias, sol, corpo e breves anota\u00e7\u00f5es), este \u00e9 o segundo livro do autor publicado pela Gala-Gala Edi\u00e7\u00f5es, sucedendo\u00a0\u201cGaveta de Cinzas\u201d, lan\u00e7ado em 2021.<\/p>\n<p class=\"s5\">Em \u201cAs M\u00e3os do Medo\u201d, o vencedor do Pr\u00e9mio Liter\u00e1rio 21 de Agosto (da Cidade de Quelimane) e finalista do Pr\u00e9mio Fernando Leite Couto (2023), adianta a nota de imprensa da editora, consolida a sua voz como poeta.<\/p>\n<p class=\"s5\">No novo livro, Nick do Ros\u00e1rio mergulha nas profundezas dos receios e ansiedades que moldam a exist\u00eancia. Atrav\u00e9s de versos carregados de simbolismo e introspec\u00e7\u00e3o, o autor explora a natureza multifacetada do amor, as suas manifesta\u00e7\u00f5es e o seu impacto no indiv\u00edduo, como esclarece Cremildo Bahule, que assina o pref\u00e1cio.<\/p>\n<p class=\"s5\">De acordo com Pedro Pereira Lopes, editor do livro, a obra revela uma autoconsci\u00eancia da escrita que a transcende, transformando-a num objecto de medita\u00e7\u00e3o. O poeta de \u201cAs M\u00e3os do Medo\u201d questiona-se sobre a sua pr\u00f3pria pena, sobre \u201ccomo escrever um poema aos gritos\u201d e o \u201cdemorado tempo do poema\u201d. Numa fuga deliberada do que \u00e9 \u201cconcreto\u201d, a l\u00edrica \u00e9 tecida em associa\u00e7\u00f5es que se abrem para o enigma, para a \u201cf\u00faria de emo\u00e7\u00f5es\u201d que a mat\u00e9ria da poesia encerra. A poesia n\u00e3o \u00e9 um ref\u00fagio da realidade, mas uma sua outra face, uma sombra em que a mem\u00f3ria \u201cincendia\u201d e o sil\u00eancio \u201cchega cru e tem voz\u201d. O poema \u00e9, em \u00faltima inst\u00e2ncia, uma cicatriz, um \u201cf\u00f3sforo\u201d que arde na possibilidade do fogo, ou das cinzas, e que nos deixa o seu rasto como uma marca indel\u00e9vel e verdadeira.<\/p>\n<p class=\"s5\">O evento de lan\u00e7amento do livro \u201cAs M\u00e3os do Medo\u201d contar\u00e1 com a participa\u00e7\u00e3o do professor e escritor Cremildo Bahule, que apresentar\u00e1 a obra, e da banda Xihitana, que trar\u00e1 um brilho adicional \u00e0 noite, com a sua actua\u00e7\u00e3o.<\/p>\n<p class=\"s5\">Sobre o autor<\/p>\n<p class=\"s10\">Nasceu em Mo\u00e7ambique, Quelimane. \u00c9 licenciado em literatura mo\u00e7ambicana pela Faculdade de letras e Ci\u00eancias Sociais da Universidade Eduardo Mondlane e \u00e9 profissional da \u00e1rea de viagens e turismo. Escreve poesia desde 2004 e publicou textos no jornal Not\u00edcias, de Maputo. Participou, em 2019, no 2\u00ba Concurso Internacional da Revista Inversos \u2013 Doces Poemas (Brasil) tendo o seu texto selecionado para a antologia do pr\u00e9mio e, em 2021 publicou o seu livro de estreia \u201cGaveta de cinzas: solil\u00f3quios\u201d. Em 2022 e 2023, participou nas colect\u00e2neas de haikais e tankas pela Editora Persona, Brasil. Foi galardoado com o Pr\u00e9mio Liter\u00e1rio 21 de Agosto, 2022, atribu\u00eddo pelo Conselho Municipal de Quelimane. Em 2023, publicou o seu livro de poesia infanto-juvenil \u201cPoemas \u00e0 sombra da inf\u00e2ncia\u201d. Em 2023, participou na antologia po\u00e9tica \u201cVersos para as Inf\u00e2ncias\u201d, pelo Instituto Odu Odara (Brasil). Em 2024, publicou o livro de poesia \u201cNoites escuras\u201d (Brasil). \u00c9 membro da AEMO (Associa\u00e7\u00e3o dos Escritores Mo\u00e7ambicanos) e da SOMAS (Associa\u00e7\u00e3o Mo\u00e7ambicana de Autores).<\/p>\n","protected":false},"excerpt":{"rendered":"\u00a0\u201cAs M\u00e3os do Medo\u201d, de Nick do Ros\u00e1rio, ser\u00e1 apresentado aos leitores, no pr\u00f3ximo dia 26, \u00e0s 17h30,&hellip;\n","protected":false},"author":2,"featured_media":37185,"comment_status":"","ping_status":"","sticky":false,"template":"","format":"standard","meta":{"footnotes":""},"categories":[143],"tags":[169,114,115,170,32,33],"class_list":{"0":"post-37184","1":"post","2":"type-post","3":"status-publish","4":"format-standard","5":"has-post-thumbnail","7":"category-livros","8":"tag-books","9":"tag-entertainment","10":"tag-entretenimento","11":"tag-livros","12":"tag-portugal","13":"tag-pt"},"share_on_mastodon":{"url":"","error":""},"_links":{"self":[{"href":"https:\/\/www.europesays.com\/pt\/wp-json\/wp\/v2\/posts\/37184","targetHints":{"allow":["GET"]}}],"collection":[{"href":"https:\/\/www.europesays.com\/pt\/wp-json\/wp\/v2\/posts"}],"about":[{"href":"https:\/\/www.europesays.com\/pt\/wp-json\/wp\/v2\/types\/post"}],"author":[{"embeddable":true,"href":"https:\/\/www.europesays.com\/pt\/wp-json\/wp\/v2\/users\/2"}],"replies":[{"embeddable":true,"href":"https:\/\/www.europesays.com\/pt\/wp-json\/wp\/v2\/comments?post=37184"}],"version-history":[{"count":0,"href":"https:\/\/www.europesays.com\/pt\/wp-json\/wp\/v2\/posts\/37184\/revisions"}],"wp:featuredmedia":[{"embeddable":true,"href":"https:\/\/www.europesays.com\/pt\/wp-json\/wp\/v2\/media\/37185"}],"wp:attachment":[{"href":"https:\/\/www.europesays.com\/pt\/wp-json\/wp\/v2\/media?parent=37184"}],"wp:term":[{"taxonomy":"category","embeddable":true,"href":"https:\/\/www.europesays.com\/pt\/wp-json\/wp\/v2\/categories?post=37184"},{"taxonomy":"post_tag","embeddable":true,"href":"https:\/\/www.europesays.com\/pt\/wp-json\/wp\/v2\/tags?post=37184"}],"curies":[{"name":"wp","href":"https:\/\/api.w.org\/{rel}","templated":true}]}}