{"id":37226,"date":"2025-08-20T11:31:15","date_gmt":"2025-08-20T11:31:15","guid":{"rendered":"https:\/\/www.europesays.com\/pt\/37226\/"},"modified":"2025-08-20T11:31:15","modified_gmt":"2025-08-20T11:31:15","slug":"e-oficial-luis-filipe-vieira-anuncia-candidatura-a-presidencia-do-benfica","status":"publish","type":"post","link":"https:\/\/www.europesays.com\/pt\/37226\/","title":{"rendered":"\u00c9 oficial: Lu\u00eds Filipe Vieira anuncia candidatura \u00e0 presid\u00eancia do Benfica"},"content":{"rendered":"<p style=\"margin-bottom:11px\">Vieira quebrou o tabu. Em entrevista \u00e0 TVI\/CNN Portugal, nesta ter\u00e7a-feira, anunciou aquilo que j\u00e1 era avan\u00e7ado na imprensa &#8211; \u00e9 o sexto candidato \u00e0 presid\u00eancia do Benfica. Vai concorrer contra o seu antigo bra\u00e7o-direito &#8211; Rui Costa, atual l\u00edder do clube da Luz.<\/p>\n<p>Confrontado com declara\u00e7\u00f5es de 2022 (<strong><a href=\"https:\/\/maisfutebol.iol.pt\/benfica\/jesus\/o-rui-fez-o-trabalho-que-fez-contra-o-jesus-como-e-que-ele-ia-brilhar\" rel=\"nofollow noopener\" target=\"_blank\">\u00abN\u00e3o volto a ser candidato nem que Cristo des\u00e7a \u00e0 Terra\u00bb<\/a><\/strong>, disse), Vieira admitiu: \u00abAs circunst\u00e2ncias mudaram todas e vou ser candidato\u00bb. Mais \u00e0 frente, revelou\u00a0que \u00abem junho\u00bb n\u00e3o considerava avan\u00e7ar, <strong><a href=\"https:\/\/maisfutebol.iol.pt\/benfica\/eleicoes-benfica\/vieira-sou-um-cidadao-como-outro-qualquer-nao-fujo-da-justica\" rel=\"nofollow noopener\" target=\"_blank\">mas a situa\u00e7\u00e3o financeira do clube f\u00ea-lo avan\u00e7ar com a candidatura.<\/a><\/strong><\/p>\n<p>\u00abTem a ver com o legado que deixei. Um legado muito grande e que ningu\u00e9m alcan\u00e7ou. Deixei um patrim\u00f3nio que o Benfica nunca teve, pago, com uma estrutura profissional admirada em termos europeus. Ao longo destes quatro anos, tudo foi destru\u00eddo\u00bb, acrescentou.<\/p>\n<p>LFV quer regressar a um lugar que bem conhece. Foi presidente do clube entre 2003 e 2021. Renunciou ao cargo sensivelmente um ano ap\u00f3s a \u00faltima reelei\u00e7\u00e3o, na sequ\u00eancia da Opera\u00e7\u00e3o Cart\u00e3o Vermelho. Esteve em pris\u00e3o domicili\u00e1ria como medida de coa\u00e7\u00e3o e pagou tr\u00eas milh\u00f5es de euros de cau\u00e7\u00e3o para ser libertado.<\/p>\n<p>O processo ainda est\u00e1 em fase de instru\u00e7\u00e3o. Nele, Vieira \u00e9 suspeito dos crimes de abuso de confian\u00e7a, burla qualificada, falsifica\u00e7\u00e3o, fraude fiscal e branqueamento de capitais.<\/p>\n<p>Antes disso, durante uma presid\u00eancia de 18 anos, Vieira venceu 22 t\u00edtulos no futebol masculino, entre eles sete campeonatos nacionais (e um in\u00e9dito tetracampeonato).\u00a0<\/p>\n<p>Assim, Lu\u00eds Filipe Vieira junta-se a Jo\u00e3o Noronha Lopes, Jo\u00e3o Diogo Manteigas, Martim Mayer, Crist\u00f3v\u00e3o Carvalho e Rui Costa na corrida pela presid\u00eancia do clube.<\/p>\n<p>[Not\u00edcia atualizada \u00e0s 21h20]<\/p>\n","protected":false},"excerpt":{"rendered":"Vieira quebrou o tabu. Em entrevista \u00e0 TVI\/CNN Portugal, nesta ter\u00e7a-feira, anunciou aquilo que j\u00e1 era avan\u00e7ado na&hellip;\n","protected":false},"author":2,"featured_media":37227,"comment_status":"","ping_status":"","sticky":false,"template":"","format":"standard","meta":{"footnotes":""},"categories":[87],"tags":[51,135,11568,5049,46,32,33,47,6058,134,5211],"class_list":{"0":"post-37226","1":"post","2":"type-post","3":"status-publish","4":"format-standard","5":"has-post-thumbnail","7":"category-desporto","8":"tag-benfica","9":"tag-desporto","10":"tag-eleicoes-benfica","11":"tag-luis-filipe-vieira","12":"tag-maisfutebol","13":"tag-portugal","14":"tag-pt","15":"tag-pura-paixao","16":"tag-rui-costa","17":"tag-sports","18":"tag-vieira"},"share_on_mastodon":{"url":"","error":""},"_links":{"self":[{"href":"https:\/\/www.europesays.com\/pt\/wp-json\/wp\/v2\/posts\/37226","targetHints":{"allow":["GET"]}}],"collection":[{"href":"https:\/\/www.europesays.com\/pt\/wp-json\/wp\/v2\/posts"}],"about":[{"href":"https:\/\/www.europesays.com\/pt\/wp-json\/wp\/v2\/types\/post"}],"author":[{"embeddable":true,"href":"https:\/\/www.europesays.com\/pt\/wp-json\/wp\/v2\/users\/2"}],"replies":[{"embeddable":true,"href":"https:\/\/www.europesays.com\/pt\/wp-json\/wp\/v2\/comments?post=37226"}],"version-history":[{"count":0,"href":"https:\/\/www.europesays.com\/pt\/wp-json\/wp\/v2\/posts\/37226\/revisions"}],"wp:featuredmedia":[{"embeddable":true,"href":"https:\/\/www.europesays.com\/pt\/wp-json\/wp\/v2\/media\/37227"}],"wp:attachment":[{"href":"https:\/\/www.europesays.com\/pt\/wp-json\/wp\/v2\/media?parent=37226"}],"wp:term":[{"taxonomy":"category","embeddable":true,"href":"https:\/\/www.europesays.com\/pt\/wp-json\/wp\/v2\/categories?post=37226"},{"taxonomy":"post_tag","embeddable":true,"href":"https:\/\/www.europesays.com\/pt\/wp-json\/wp\/v2\/tags?post=37226"}],"curies":[{"name":"wp","href":"https:\/\/api.w.org\/{rel}","templated":true}]}}