{"id":37242,"date":"2025-08-20T11:43:35","date_gmt":"2025-08-20T11:43:35","guid":{"rendered":"https:\/\/www.europesays.com\/pt\/37242\/"},"modified":"2025-08-20T11:43:35","modified_gmt":"2025-08-20T11:43:35","slug":"duas-sugestoes-de-leitura-entre-os-balticos-e-a-india","status":"publish","type":"post","link":"https:\/\/www.europesays.com\/pt\/37242\/","title":{"rendered":"Duas sugest\u00f5es de leitura entre os B\u00e1lticos e a \u00cdndia"},"content":{"rendered":"<p>        O p\u00e9riplo do escritor neerland\u00eas Jan Brokken pela Est\u00f3nia, Let\u00f3nia e Litu\u00e2nia, e enclave russo de Kaliningrado, marcou-o a tal ponto que verteu para livro essa experi\u00eancia. Da mesma forma que a \u00cdndia foi uma revela\u00e7\u00e3o para Jos\u00e9 Ign\u00e1cio de Andrade, que fez dela o objeto de an\u00e1lise das cartas que escreveu \u00e0 mulher.    <\/p>\n<p><img decoding=\"async\" loading=\"lazy\" class=\"alignnone size-medium wp-image-1327803 aligncenter\" src=\"https:\/\/www.europesays.com\/pt\/wp-content\/uploads\/2025\/08\/CAPA_Baltic_Souls-98x150.jpg\" alt=\"\" width=\"98\" height=\"150\"  \/><\/p>\n<p>\u00a0<\/p>\n<p>Numa viagem de cargueiro pelo B\u00e1ltico, o escritor neerland\u00eas Jan Brokken (Leiden, 1949) deu com o porto de P\u00e4rnu, na costa da Est\u00f3nia, no golfo de Riga. Para o autor, foi uma introdu\u00e7\u00e3o inesquec\u00edvel aos pa\u00edses b\u00e1lticos: Est\u00f3nia, Let\u00f3nia e Litu\u00e2nia, e ao enclave russo de Kaliningrado.<\/p>\n<p>A luz extraordin\u00e1ria, a tranquilidade da paisagem e as hist\u00f3rias que ouviu fizeram com que regressasse vezes sem conta a estes lugares que, j\u00e1 no per\u00edodo do Neol\u00edtico, exportavam o precioso \u00e2mbar. O resultado \u00e9 este apaixonante \u201cBaltic Souls\u201d, em que une a riqueza cultural e a diversidade social, desde o s\u00e9culo XII, com hist\u00f3rias de v\u00e1rias pessoas e o relato das suas pr\u00f3prias viagens nesta regi\u00e3o \u2013 que sofreu tanto com Hitler e Estaline, o que talvez explique quer o facto de os russos nascidos nestes pa\u00edses serem considerados cidad\u00e3os de segunda classe, quer o atual apoio incondicional \u00e0 Ucr\u00e2nia na defesa do seu territ\u00f3rio, da sua independ\u00eancia e da sua cultura.<\/p>\n<p>Da hist\u00f3ria de uma ic\u00f3nica livraria em Riga \u2013 J\u0101nis Roze, fundada em 1918, e que ainda existe \u2013 \u00e0 do artista Mark Rothko, nascido em Daugavpils (Let\u00f3nia), passando pelo pai do realizador Sergei Eisenstein, um reputado arquiteto do per\u00edodo da Arte Nova, \u00e0 K\u00f6nigsberg de Hannah Arendt ou ao destino de Anna-Liselotte von Wrangel, uma das muitas descendentes dos suecos, que come\u00e7aram a chegar \u00e0 Est\u00f3nia no tempo dos viquingues, \u201cBaltic Souls\u201d \u00e9 o livro perfeito para quem gosta das pequenas hist\u00f3rias da grande Hist\u00f3ria. A edi\u00e7\u00e3o em ingl\u00eas \u00e9 da Scribe.<\/p>\n<p>\u00a0<\/p>\n<p><img decoding=\"async\" loading=\"lazy\" class=\"alignnone size-medium wp-image-1327807 aligncenter\" src=\"https:\/\/www.europesays.com\/pt\/wp-content\/uploads\/2025\/08\/Cartas_da_India_capa-103x150.jpg\" alt=\"\" width=\"103\" height=\"150\"  \/><\/p>\n<p>\u00a0<\/p>\n<p>Como informa o autor logo no in\u00edcio, estas suas \u201cCartas Escritas da \u00cdndia\u201d apenas \u2018demonstram a carreira de um homem, que, tendo visto o c\u00e9u, a terra, e o mar, tornou \u00e0 p\u00e1tria com diversas ideias na cabe\u00e7a, e alguns sentimentos de mais no cora\u00e7\u00e3o.\u201d<\/p>\n<p>Tendo como destinat\u00e1ria a sua mulher, Maria Gertrudes de Andrade, este relato de viagem em formato epistolar revela a grande capacidade de observa\u00e7\u00e3o deste a\u00e7oriano, natural da ilha de Santa Maria. Oficial da marinha mercante, negociante e, mais tarde, vereador (e presidente, ainda que s\u00f3 por dois meses) da C\u00e2mara Municipal de Lisboa, Jos\u00e9 Ign\u00e1cio de Andrade (1779-1863) era um homem com uma vasta cultural geral, capaz de se relacionar com a elite chinesa (algo que estava vedado \u00e0 maior parte dos ocidentais) e de fortes convic\u00e7\u00f5es, entre elas, uma nada disfar\u00e7ada antipatia pelos ingleses e um feroz antagonismo \u00e0s pol\u00edticas europeias relativamente ao Oriente.<\/p>\n<p>E \u00e9 esse Oriente que estas \u201cCartas\u201d nos d\u00e3o a conhecer: os costumes, as paisagens, a hist\u00f3ria e a pol\u00edtica, agora recuperadas pela editora independente Livros de Bordo.<\/p>\n<p>Originalmente, tratava-se de dois volumes (para al\u00e9m da \u00cdndia, foi publicada conjuntamente a correspond\u00eancia oriunda da China), com ilustra\u00e7\u00f5es do seu amigo Domingos Sequeira, considerado por muito o primeiro dos rom\u00e2nticos portugueses, e de quem Jos\u00e9 Ign\u00e1cio de Andrade ter\u00e1 divergido quanto \u00e0 pol\u00edtica, dado que o pintor oscilou entre o apoio a Junot e depois Wellington, para, no final, se converter ao liberalismo.<\/p>\n","protected":false},"excerpt":{"rendered":"O p\u00e9riplo do escritor neerland\u00eas Jan Brokken pela Est\u00f3nia, Let\u00f3nia e Litu\u00e2nia, e enclave russo de Kaliningrado, marcou-o&hellip;\n","protected":false},"author":2,"featured_media":37243,"comment_status":"","ping_status":"","sticky":false,"template":"","format":"standard","meta":{"footnotes":""},"categories":[143],"tags":[169,114,115,2426,864,170,11570,11571,32,33,1080],"class_list":{"0":"post-37242","1":"post","2":"type-post","3":"status-publish","4":"format-standard","5":"has-post-thumbnail","7":"category-livros","8":"tag-books","9":"tag-entertainment","10":"tag-entretenimento","11":"tag-india","12":"tag-literatura","13":"tag-livros","14":"tag-narrativa","15":"tag-paises-balticos","16":"tag-portugal","17":"tag-pt","18":"tag-viagens"},"share_on_mastodon":{"url":"","error":""},"_links":{"self":[{"href":"https:\/\/www.europesays.com\/pt\/wp-json\/wp\/v2\/posts\/37242","targetHints":{"allow":["GET"]}}],"collection":[{"href":"https:\/\/www.europesays.com\/pt\/wp-json\/wp\/v2\/posts"}],"about":[{"href":"https:\/\/www.europesays.com\/pt\/wp-json\/wp\/v2\/types\/post"}],"author":[{"embeddable":true,"href":"https:\/\/www.europesays.com\/pt\/wp-json\/wp\/v2\/users\/2"}],"replies":[{"embeddable":true,"href":"https:\/\/www.europesays.com\/pt\/wp-json\/wp\/v2\/comments?post=37242"}],"version-history":[{"count":0,"href":"https:\/\/www.europesays.com\/pt\/wp-json\/wp\/v2\/posts\/37242\/revisions"}],"wp:featuredmedia":[{"embeddable":true,"href":"https:\/\/www.europesays.com\/pt\/wp-json\/wp\/v2\/media\/37243"}],"wp:attachment":[{"href":"https:\/\/www.europesays.com\/pt\/wp-json\/wp\/v2\/media?parent=37242"}],"wp:term":[{"taxonomy":"category","embeddable":true,"href":"https:\/\/www.europesays.com\/pt\/wp-json\/wp\/v2\/categories?post=37242"},{"taxonomy":"post_tag","embeddable":true,"href":"https:\/\/www.europesays.com\/pt\/wp-json\/wp\/v2\/tags?post=37242"}],"curies":[{"name":"wp","href":"https:\/\/api.w.org\/{rel}","templated":true}]}}