{"id":37329,"date":"2025-08-20T12:54:28","date_gmt":"2025-08-20T12:54:28","guid":{"rendered":"https:\/\/www.europesays.com\/pt\/37329\/"},"modified":"2025-08-20T12:54:28","modified_gmt":"2025-08-20T12:54:28","slug":"samuel-trai-a-confianca-de-leo-e-a-briga-pela-guarda-de-sofia-pode-separar-o-casal","status":"publish","type":"post","link":"https:\/\/www.europesays.com\/pt\/37329\/","title":{"rendered":"Samuel trai a confian\u00e7a de Leo e a briga pela guarda de Sofia pode separar o casal"},"content":{"rendered":"<p>                        <a href=\"https:\/\/img.nsctotal.com.br\/wp-content\/uploads\/2025\/08\/Briga-pela-guarda-de-Sofia-pode-afastar-Samuel-e-Leo-em-Dona-de-Mim.jpg\" data-caption=\"Briga pela guarda de Sofia pode afastar Samuel e Leo em Dona de Mim\" aria-label=\"Briga pela guarda de Sofia pode afastar Samuel e Leo em Dona de Mim\" rel=\"nofollow noopener\" target=\"_blank\"><img width=\"944\" height=\"531\" src=\"https:\/\/www.europesays.com\/pt\/wp-content\/uploads\/2025\/08\/Briga-pela-guarda-de-Sofia-pode-afastar-Samuel-e-Leo-em-Dona-de-Mim-944x531.jpg\" class=\"attachment-custom-large size-custom-large article-featured-image\" alt=\"Briga pela guarda de Sofia pode afastar Samuel e Leo em Dona de Mim\" fetchpriority=\"high\" decoding=\"async\"  \/><\/a><\/p>\n<p>Briga pela guarda de Sofia pode afastar Samuel e Leo em Dona de Mim (Fotos: Reprodu\u00e7\u00e3o, TV Globo)<\/p>\n<p>A guarda de Sofia (Elis Cabral) vai virar uma grande disputa em Dona de Mim e pode afastar Leo (Clara Moneke) e Samuel (Juan Paiva). Desde que Abel (Tony Ramos) morreu e Vanderson (Armando Babaioff) sumiu no mundo, a menina est\u00e1 sem um representante legal.<\/p>\n<p>Continua depois da publicidade<\/p>\n<p>A situa\u00e7\u00e3o vai ser evidenciada nos pr\u00f3ximos cap\u00edtulos, quando a menina precisa que algu\u00e9m assine uma autoriza\u00e7\u00e3o para uma excurs\u00e3o na escola. Nessa hora, todos os familiares v\u00e3o notar que Sofia est\u00e1 sem ningu\u00e9m respons\u00e1vel pela sua guarda legalmente.<\/p>\n<p>Os primeiros a tentarem ficar com a guarda da menina ser\u00e3o os irm\u00e3os. Samuel e Davi (Raffa Vitti) v\u00e3o pedir \u00e0 justi\u00e7a para ficarem com a guarda de Sofia. O juiz n\u00e3o vai aceitar, principalmente pelo fato da ado\u00e7\u00e3o de Sofia por Abel ter sido feita de forma ilegal.<\/p>\n<p>Voc\u00ea sabe quem est\u00e1 no elenco de Dona de Mim?<a href=\"https:\/\/www.europesays.com\/pt\/wp-content\/uploads\/2025\/08\/Elenco-Dona-de-Mim.jpg\"><a href=\"https:\/\/www.europesays.com\/pt\/wp-content\/uploads\/2025\/08\/Elenco-Dona-de-Mim.jpg\" aria-label=\"Imagem da Galeria\"><img loading=\"lazy\" decoding=\"async\" width=\"1200\" height=\"675\" data-id=\"7560361\" src=\"https:\/\/www.europesays.com\/pt\/wp-content\/uploads\/2025\/08\/Elenco-Dona-de-Mim.jpg\" alt=\"elenco dona de mim\" class=\"wp-image-7560361\"  \/><\/a><\/p>\n<p>Fam\u00edlia Boaz (Foto: Divulga\u00e7\u00e3o, Globo)<\/p>\n<p><a href=\"https:\/\/www.europesays.com\/pt\/wp-content\/uploads\/2025\/08\/Elenco-Dona-de-Mim-26.jpg\"><a href=\"https:\/\/www.europesays.com\/pt\/wp-content\/uploads\/2025\/08\/Elenco-Dona-de-Mim-26.jpg\" aria-label=\"Imagem da Galeria\"><img loading=\"lazy\" decoding=\"async\" width=\"1200\" height=\"675\" data-id=\"7560334\" src=\"https:\/\/www.europesays.com\/pt\/wp-content\/uploads\/2025\/08\/Elenco-Dona-de-Mim-26.jpg\" alt=\"\" class=\"wp-image-7560334\"  \/><\/a><\/p>\n<p>Leo \u2013 Clara Moneke (Foto: Divulga\u00e7\u00e3o, Globo)<\/p>\n<p><a href=\"https:\/\/www.europesays.com\/pt\/wp-content\/uploads\/2025\/08\/1755694451_447_Elenco-Dona-de-Mim-29.jpg\"><a href=\"https:\/\/www.europesays.com\/pt\/wp-content\/uploads\/2025\/08\/1755694451_447_Elenco-Dona-de-Mim-29.jpg\" aria-label=\"Imagem da Galeria\"><img loading=\"lazy\" decoding=\"async\" width=\"1200\" height=\"675\" data-id=\"7560329\" src=\"https:\/\/www.europesays.com\/pt\/wp-content\/uploads\/2025\/08\/1755694451_447_Elenco-Dona-de-Mim-29.jpg\" alt=\"elenco dona de mim\" class=\"wp-image-7560329\"  \/><\/a><\/p>\n<p>Sofia \u2013 Elis Cabral (Foto: Divulga\u00e7\u00e3o, Globo)<\/p>\n<p><a href=\"https:\/\/www.europesays.com\/pt\/wp-content\/uploads\/2025\/08\/Elenco-Dona-de-Mim-24.jpg\"><a href=\"https:\/\/www.europesays.com\/pt\/wp-content\/uploads\/2025\/08\/Elenco-Dona-de-Mim-24.jpg\" aria-label=\"Imagem da Galeria\"><img loading=\"lazy\" decoding=\"async\" width=\"1200\" height=\"675\" data-id=\"7560331\" src=\"https:\/\/www.europesays.com\/pt\/wp-content\/uploads\/2025\/08\/Elenco-Dona-de-Mim-24.jpg\" alt=\"\" class=\"wp-image-7560331\"  \/><\/a><\/p>\n<p>Abel \u2013 Tony Ramos (Foto: Divulga\u00e7\u00e3o, Globo)<\/p>\n<p><a href=\"https:\/\/www.europesays.com\/pt\/wp-content\/uploads\/2025\/08\/Elenco-Dona-de-Mim-32.jpg\"><a href=\"https:\/\/www.europesays.com\/pt\/wp-content\/uploads\/2025\/08\/Elenco-Dona-de-Mim-32.jpg\" aria-label=\"Imagem da Galeria\"><img loading=\"lazy\" decoding=\"async\" width=\"1200\" height=\"675\" data-id=\"7560326\" src=\"https:\/\/www.europesays.com\/pt\/wp-content\/uploads\/2025\/08\/Elenco-Dona-de-Mim-32.jpg\" alt=\"elenco dona de mim\" class=\"wp-image-7560326\"  \/><\/a><\/p>\n<p>Filipa \u2013 Cl\u00e1udia Abreu (Foto: Divulga\u00e7\u00e3o, Globo)<\/p>\n<p><a href=\"https:\/\/www.europesays.com\/pt\/wp-content\/uploads\/2025\/08\/Elenco-Dona-de-Mim-23.jpg\"><a href=\"https:\/\/www.europesays.com\/pt\/wp-content\/uploads\/2025\/08\/Elenco-Dona-de-Mim-23.jpg\" aria-label=\"Imagem da Galeria\"><img loading=\"lazy\" decoding=\"async\" width=\"1200\" height=\"675\" data-id=\"7560330\" src=\"https:\/\/www.europesays.com\/pt\/wp-content\/uploads\/2025\/08\/Elenco-Dona-de-Mim-23.jpg\" alt=\"\" class=\"wp-image-7560330\"  \/><\/a><\/p>\n<p>Samuel \u2013 Juan Paiva (Foto: Divulga\u00e7\u00e3o, Globo)<\/p>\n<p><a href=\"https:\/\/www.europesays.com\/pt\/wp-content\/uploads\/2025\/08\/1755694453_805_Elenco-Dona-de-Mim-4.jpg\"><a href=\"https:\/\/www.europesays.com\/pt\/wp-content\/uploads\/2025\/08\/1755694453_805_Elenco-Dona-de-Mim-4.jpg\" aria-label=\"Imagem da Galeria\"><img loading=\"lazy\" decoding=\"async\" width=\"1200\" height=\"675\" data-id=\"7560357\" src=\"https:\/\/www.europesays.com\/pt\/wp-content\/uploads\/2025\/08\/1755694453_805_Elenco-Dona-de-Mim-4.jpg\" alt=\"elenco dona de mim\" class=\"wp-image-7560357\"  \/><\/a><\/p>\n<p>Davi \u2013 Raffa Vitti (Foto: Divulga\u00e7\u00e3o, Globo)<\/p>\n<p><a href=\"https:\/\/www.europesays.com\/pt\/wp-content\/uploads\/2025\/08\/Elenco-Dona-de-Mim-9.jpg\"><a href=\"https:\/\/www.europesays.com\/pt\/wp-content\/uploads\/2025\/08\/Elenco-Dona-de-Mim-9.jpg\" aria-label=\"Imagem da Galeria\"><img loading=\"lazy\" decoding=\"async\" width=\"1200\" height=\"675\" data-id=\"7560345\" src=\"https:\/\/www.europesays.com\/pt\/wp-content\/uploads\/2025\/08\/Elenco-Dona-de-Mim-9.jpg\" alt=\"\" class=\"wp-image-7560345\"  \/><\/a><\/p>\n<p>Kami \u2013 Giovanna Lancellotti (Foto: Divulga\u00e7\u00e3o, Globo)<\/p>\n<p><a href=\"https:\/\/www.europesays.com\/pt\/wp-content\/uploads\/2025\/08\/Elenco-Dona-de-Mim-7.jpg\"><a href=\"https:\/\/www.europesays.com\/pt\/wp-content\/uploads\/2025\/08\/Elenco-Dona-de-Mim-7.jpg\" aria-label=\"Imagem da Galeria\"><img loading=\"lazy\" decoding=\"async\" width=\"1200\" height=\"675\" data-id=\"7560360\" src=\"https:\/\/www.europesays.com\/pt\/wp-content\/uploads\/2025\/08\/Elenco-Dona-de-Mim-7.jpg\" alt=\"\" class=\"wp-image-7560360\"  \/><\/a><\/p>\n<p>Marlon \u2013 Humberto Moraes (Foto: Divulga\u00e7\u00e3o, Globo)<\/p>\n<p><a href=\"https:\/\/www.europesays.com\/pt\/wp-content\/uploads\/2025\/08\/Elenco-Dona-de-Mim-19.jpg\"><a href=\"https:\/\/www.europesays.com\/pt\/wp-content\/uploads\/2025\/08\/Elenco-Dona-de-Mim-19.jpg\" aria-label=\"Imagem da Galeria\"><img loading=\"lazy\" decoding=\"async\" width=\"1200\" height=\"675\" data-id=\"7560340\" src=\"https:\/\/www.europesays.com\/pt\/wp-content\/uploads\/2025\/08\/Elenco-Dona-de-Mim-19.jpg\" alt=\"elenco dona de mim\" class=\"wp-image-7560340\"  \/><\/a><\/p>\n<p>Jaques \u2013 Marcello Novaes (Foto: Divulga\u00e7\u00e3o, Globo)<\/p>\n<p><a href=\"https:\/\/www.europesays.com\/pt\/wp-content\/uploads\/2025\/08\/Elenco-Dona-de-Mim-22.jpg\"><a href=\"https:\/\/www.europesays.com\/pt\/wp-content\/uploads\/2025\/08\/Elenco-Dona-de-Mim-22.jpg\" aria-label=\"Imagem da Galeria\"><img loading=\"lazy\" decoding=\"async\" width=\"1200\" height=\"675\" data-id=\"7560343\" src=\"https:\/\/www.europesays.com\/pt\/wp-content\/uploads\/2025\/08\/Elenco-Dona-de-Mim-22.jpg\" alt=\"\" class=\"wp-image-7560343\"  \/><\/a><\/p>\n<p>Vanderson \u2013 Armando Babaioff (Foto: Divulga\u00e7\u00e3o, Globo)<\/p>\n<p><a href=\"https:\/\/www.europesays.com\/pt\/wp-content\/uploads\/2025\/08\/Elenco-Dona-de-Mim-20.jpg\"><a href=\"https:\/\/www.europesays.com\/pt\/wp-content\/uploads\/2025\/08\/Elenco-Dona-de-Mim-20.jpg\" aria-label=\"Imagem da Galeria\"><img loading=\"lazy\" decoding=\"async\" width=\"1200\" height=\"675\" data-id=\"7560342\" src=\"https:\/\/www.europesays.com\/pt\/wp-content\/uploads\/2025\/08\/Elenco-Dona-de-Mim-20.jpg\" alt=\"elenco dona de mim\" class=\"wp-image-7560342\"  \/><\/a><\/p>\n<p>Danilo \u2013 Felipe Simas (Foto: Divulga\u00e7\u00e3o, Globo)<\/p>\n<p><a href=\"https:\/\/www.europesays.com\/pt\/wp-content\/uploads\/2025\/08\/Elenco-Dona-de-Mim-28.jpg\"><a href=\"https:\/\/www.europesays.com\/pt\/wp-content\/uploads\/2025\/08\/Elenco-Dona-de-Mim-28.jpg\" aria-label=\"Imagem da Galeria\"><img loading=\"lazy\" decoding=\"async\" width=\"1200\" height=\"675\" data-id=\"7560336\" src=\"https:\/\/www.europesays.com\/pt\/wp-content\/uploads\/2025\/08\/Elenco-Dona-de-Mim-28.jpg\" alt=\"\" class=\"wp-image-7560336\"  \/><\/a><\/p>\n<p>Rosa \u2013 Suely Franco (Foto: Divulga\u00e7\u00e3o, Globo)<\/p>\n<p><a href=\"https:\/\/www.europesays.com\/pt\/wp-content\/uploads\/2025\/08\/Elenco-Dona-de-Mim-18.jpg\"><a href=\"https:\/\/www.europesays.com\/pt\/wp-content\/uploads\/2025\/08\/Elenco-Dona-de-Mim-18.jpg\" aria-label=\"Imagem da Galeria\"><img loading=\"lazy\" decoding=\"async\" width=\"1200\" height=\"675\" data-id=\"7560339\" src=\"https:\/\/www.europesays.com\/pt\/wp-content\/uploads\/2025\/08\/Elenco-Dona-de-Mim-18.jpg\" alt=\"elenco dona de mim\" class=\"wp-image-7560339\"  \/><\/a><\/p>\n<p>T\u00e2nia \u2013 Aline Borges (Foto: Divulga\u00e7\u00e3o, Globo)<\/p>\n<p><a href=\"https:\/\/www.europesays.com\/pt\/wp-content\/uploads\/2025\/08\/Elenco-Dona-de-Mim-34.jpg\"><a href=\"https:\/\/www.europesays.com\/pt\/wp-content\/uploads\/2025\/08\/Elenco-Dona-de-Mim-34.jpg\" aria-label=\"Imagem da Galeria\"><img loading=\"lazy\" decoding=\"async\" width=\"1200\" height=\"675\" data-id=\"7560328\" src=\"https:\/\/www.europesays.com\/pt\/wp-content\/uploads\/2025\/08\/Elenco-Dona-de-Mim-34.jpg\" alt=\"\" class=\"wp-image-7560328\"  \/><\/a><\/p>\n<p>Jussara \u2013 Vilma Melo (Foto: Divulga\u00e7\u00e3o, Globo)<\/p>\n<p><a href=\"https:\/\/www.europesays.com\/pt\/wp-content\/uploads\/2025\/08\/Elenco-Dona-de-Mim-33.jpg\"><a href=\"https:\/\/www.europesays.com\/pt\/wp-content\/uploads\/2025\/08\/Elenco-Dona-de-Mim-33.jpg\" aria-label=\"Imagem da Galeria\"><img loading=\"lazy\" decoding=\"async\" width=\"1200\" height=\"675\" data-id=\"7560327\" src=\"https:\/\/www.europesays.com\/pt\/wp-content\/uploads\/2025\/08\/Elenco-Dona-de-Mim-33.jpg\" alt=\"elenco dona de mim\" class=\"wp-image-7560327\"  \/><\/a><\/p>\n<p>Pam \u2013 Haon\u00ea Thinar (Foto: Divulga\u00e7\u00e3o, Globo)<\/p>\n<p><a href=\"https:\/\/www.europesays.com\/pt\/wp-content\/uploads\/2025\/08\/Elenco-Dona-de-Mim-25.jpg\"><a href=\"https:\/\/www.europesays.com\/pt\/wp-content\/uploads\/2025\/08\/Elenco-Dona-de-Mim-25.jpg\" aria-label=\"Imagem da Galeria\"><img loading=\"lazy\" decoding=\"async\" width=\"1200\" height=\"675\" data-id=\"7560332\" src=\"https:\/\/www.europesays.com\/pt\/wp-content\/uploads\/2025\/08\/Elenco-Dona-de-Mim-25.jpg\" alt=\"\" class=\"wp-image-7560332\"  \/><\/a><\/p>\n<p>Ryan \u2013 L7 (Foto: Divulga\u00e7\u00e3o, Globo)<\/p>\n<p><a href=\"https:\/\/www.europesays.com\/pt\/wp-content\/uploads\/2025\/08\/Elenco-Dona-de-Mim-36.jpg\"><a href=\"https:\/\/www.europesays.com\/pt\/wp-content\/uploads\/2025\/08\/Elenco-Dona-de-Mim-36.jpg\" aria-label=\"Imagem da Galeria\"><img loading=\"lazy\" decoding=\"async\" width=\"1200\" height=\"675\" data-id=\"7560324\" src=\"https:\/\/www.europesays.com\/pt\/wp-content\/uploads\/2025\/08\/Elenco-Dona-de-Mim-36.jpg\" alt=\"elenco dona de mim\" class=\"wp-image-7560324\"  \/><\/a><\/p>\n<p>Lucas \u2013 Pedro Henrique Ferreira (Foto: Divulga\u00e7\u00e3o, Globo)<\/p>\n<p><a href=\"https:\/\/www.europesays.com\/pt\/wp-content\/uploads\/2025\/08\/1755694460_548_Elenco-Dona-de-Mim-5.jpg\"><a href=\"https:\/\/www.europesays.com\/pt\/wp-content\/uploads\/2025\/08\/1755694460_548_Elenco-Dona-de-Mim-5.jpg\" aria-label=\"Imagem da Galeria\"><img loading=\"lazy\" decoding=\"async\" width=\"1200\" height=\"675\" data-id=\"7560358\" src=\"https:\/\/www.europesays.com\/pt\/wp-content\/uploads\/2025\/08\/1755694460_548_Elenco-Dona-de-Mim-5.jpg\" alt=\"\" class=\"wp-image-7560358\"  \/><\/a><\/p>\n<p>(Foto: Divulga\u00e7\u00e3o, Globo)<\/p>\n<p><a href=\"https:\/\/www.europesays.com\/pt\/wp-content\/uploads\/2025\/08\/Elenco-Dona-de-Mim-27.jpg\"><a href=\"https:\/\/www.europesays.com\/pt\/wp-content\/uploads\/2025\/08\/Elenco-Dona-de-Mim-27.jpg\" aria-label=\"Imagem da Galeria\"><img loading=\"lazy\" decoding=\"async\" width=\"1200\" height=\"675\" data-id=\"7560335\" src=\"https:\/\/www.europesays.com\/pt\/wp-content\/uploads\/2025\/08\/Elenco-Dona-de-Mim-27.jpg\" alt=\"elenco dona de mim\" class=\"wp-image-7560335\"  \/><\/a><\/p>\n<p>Stephany \u2013 Nikolly Fernandes (Foto: Divulga\u00e7\u00e3o, Globo)<\/p>\n<p><a href=\"https:\/\/www.europesays.com\/pt\/wp-content\/uploads\/2025\/08\/Elenco-Dona-de-Mim-16.jpg\"><a href=\"https:\/\/www.europesays.com\/pt\/wp-content\/uploads\/2025\/08\/Elenco-Dona-de-Mim-16.jpg\" aria-label=\"Imagem da Galeria\"><img loading=\"lazy\" decoding=\"async\" width=\"1200\" height=\"675\" data-id=\"7560337\" src=\"https:\/\/www.europesays.com\/pt\/wp-content\/uploads\/2025\/08\/Elenco-Dona-de-Mim-16.jpg\" alt=\"\" class=\"wp-image-7560337\"  \/><\/a><\/p>\n<p>Ricardo \u2013 Marcos Pasquim (Foto: Divulga\u00e7\u00e3o, Globo)<\/p>\n<p><a href=\"https:\/\/www.europesays.com\/pt\/wp-content\/uploads\/2025\/08\/Elenco-Dona-de-Mim-8.jpg\"><a href=\"https:\/\/www.europesays.com\/pt\/wp-content\/uploads\/2025\/08\/Elenco-Dona-de-Mim-8.jpg\" aria-label=\"Imagem da Galeria\"><img loading=\"lazy\" decoding=\"async\" width=\"1200\" height=\"675\" data-id=\"7560344\" src=\"https:\/\/www.europesays.com\/pt\/wp-content\/uploads\/2025\/08\/Elenco-Dona-de-Mim-8.jpg\" alt=\"elenco dona de mim\" class=\"wp-image-7560344\"  \/><\/a><\/p>\n<p>Yara \u2013 Cyda Moreno (Foto: Divulga\u00e7\u00e3o, Globo)<\/p>\n<p><a href=\"https:\/\/www.europesays.com\/pt\/wp-content\/uploads\/2025\/08\/Elenco-Dona-de-Mim-11.jpg\"><a href=\"https:\/\/www.europesays.com\/pt\/wp-content\/uploads\/2025\/08\/Elenco-Dona-de-Mim-11.jpg\" aria-label=\"Imagem da Galeria\"><img loading=\"lazy\" decoding=\"async\" width=\"1200\" height=\"675\" data-id=\"7560348\" src=\"https:\/\/www.europesays.com\/pt\/wp-content\/uploads\/2025\/08\/Elenco-Dona-de-Mim-11.jpg\" alt=\"\" class=\"wp-image-7560348\"  \/><\/a><\/p>\n<p>Dara \u2013 Cecilia Chancez (Foto: Divulga\u00e7\u00e3o, Globo)<\/p>\n<p><a href=\"https:\/\/www.europesays.com\/pt\/wp-content\/uploads\/2025\/08\/Elenco-Dona-de-Mim-13.jpg\"><a href=\"https:\/\/www.europesays.com\/pt\/wp-content\/uploads\/2025\/08\/Elenco-Dona-de-Mim-13.jpg\" aria-label=\"Imagem da Galeria\"><img loading=\"lazy\" decoding=\"async\" width=\"1200\" height=\"675\" data-id=\"7560350\" src=\"https:\/\/www.europesays.com\/pt\/wp-content\/uploads\/2025\/08\/Elenco-Dona-de-Mim-13.jpg\" alt=\"elenco dona de mim\" class=\"wp-image-7560350\"  \/><\/a><\/p>\n<p>Peter \u2013 Pedro Fernandes (Foto: Divulga\u00e7\u00e3o, Globo)<\/p>\n<p><a href=\"https:\/\/www.europesays.com\/pt\/wp-content\/uploads\/2025\/08\/Elenco-Dona-de-Mim-15.jpg\"><a href=\"https:\/\/www.europesays.com\/pt\/wp-content\/uploads\/2025\/08\/Elenco-Dona-de-Mim-15.jpg\" aria-label=\"Imagem da Galeria\"><img loading=\"lazy\" decoding=\"async\" width=\"1200\" height=\"675\" data-id=\"7560352\" src=\"https:\/\/www.europesays.com\/pt\/wp-content\/uploads\/2025\/08\/Elenco-Dona-de-Mim-15.jpg\" alt=\"\" class=\"wp-image-7560352\"  \/><\/a><\/p>\n<p>Manoel \u2013 Ernani Moraes (Foto: Divulga\u00e7\u00e3o, Globo)<\/p>\n<p><a href=\"https:\/\/www.europesays.com\/pt\/wp-content\/uploads\/2025\/08\/Elenco-Dona-de-Mim-2.jpg\"><a href=\"https:\/\/www.europesays.com\/pt\/wp-content\/uploads\/2025\/08\/Elenco-Dona-de-Mim-2.jpg\" aria-label=\"Imagem da Galeria\"><img loading=\"lazy\" decoding=\"async\" width=\"1200\" height=\"675\" data-id=\"7560354\" src=\"https:\/\/www.europesays.com\/pt\/wp-content\/uploads\/2025\/08\/Elenco-Dona-de-Mim-2.jpg\" alt=\"elenco dona de mim\" class=\"wp-image-7560354\"  \/><\/a><\/p>\n<p>Natara \u2013 Carol Marra (Foto: Divulga\u00e7\u00e3o, Globo)<\/p>\n<p><a href=\"https:\/\/www.europesays.com\/pt\/wp-content\/uploads\/2025\/08\/Elenco-Dona-de-Mim-12.jpg\"><a href=\"https:\/\/www.europesays.com\/pt\/wp-content\/uploads\/2025\/08\/Elenco-Dona-de-Mim-12.jpg\" aria-label=\"Imagem da Galeria\"><img loading=\"lazy\" decoding=\"async\" width=\"1200\" height=\"675\" data-id=\"7560349\" src=\"https:\/\/www.europesays.com\/pt\/wp-content\/uploads\/2025\/08\/Elenco-Dona-de-Mim-12.jpg\" alt=\"\" class=\"wp-image-7560349\"  \/><\/a><\/p>\n<p>Gisele \u2013 Luana Tanaka (Foto: Divulga\u00e7\u00e3o, Globo)<\/p>\n<p><a href=\"https:\/\/www.europesays.com\/pt\/wp-content\/uploads\/2025\/08\/Elenco-Dona-de-Mim-17.jpg\"><a href=\"https:\/\/www.europesays.com\/pt\/wp-content\/uploads\/2025\/08\/Elenco-Dona-de-Mim-17.jpg\" aria-label=\"Imagem da Galeria\"><img loading=\"lazy\" decoding=\"async\" width=\"1200\" height=\"675\" data-id=\"7560338\" src=\"https:\/\/www.europesays.com\/pt\/wp-content\/uploads\/2025\/08\/Elenco-Dona-de-Mim-17.jpg\" alt=\"elenco dona de mim\" class=\"wp-image-7560338\"  \/><\/a><\/p>\n<p>Denise \u2013 Cris Larin (Foto: Divulga\u00e7\u00e3o, Globo)<\/p>\n<p><a href=\"https:\/\/www.europesays.com\/pt\/wp-content\/uploads\/2025\/08\/1755694468_872_Elenco-Dona-de-Mim-6.jpg\"><a href=\"https:\/\/www.europesays.com\/pt\/wp-content\/uploads\/2025\/08\/1755694468_872_Elenco-Dona-de-Mim-6.jpg\" aria-label=\"Imagem da Galeria\"><img loading=\"lazy\" decoding=\"async\" width=\"1200\" height=\"675\" data-id=\"7560359\" src=\"https:\/\/www.europesays.com\/pt\/wp-content\/uploads\/2025\/08\/1755694468_872_Elenco-Dona-de-Mim-6.jpg\" alt=\"\" class=\"wp-image-7560359\"  \/><\/a><\/p>\n<p>Breno \u2013 Gabriel Sanches (Foto: Divulga\u00e7\u00e3o, Globo)<\/p>\n<p>VoltarAvan\u00e7ar<\/p>\n<p>Continua depois da publicidade<\/p>\n<p>A \u2018guerra\u2019 pela guarda de Sofia<\/p>\n<p>O juiz vai acabar deixando a guarda provis\u00f3ria de Sofia com Leo, por comprovar que \u00e9 o la\u00e7o mais forte da menina e por oferecer maior prote\u00e7\u00e3o. Samuel vai at\u00e9 ficar feliz com essa situa\u00e7\u00e3o no come\u00e7o, mas depois vai passar a n\u00e3o gostar mais das coisas que v\u00e3o acontecer com a irm\u00e3.<\/p>\n<p>Ele n\u00e3o vai gostar, por exemplo, do fato de Sofia ter que mudar de col\u00e9gio e ir morar com Leo em S\u00e3o Crist\u00f3v\u00e3o. Quem tamb\u00e9m n\u00e3o vai ficar feliz com a situa\u00e7\u00e3o \u00e9 Rosa (Suely Franco). Ao saber que os irm\u00e3os n\u00e3o conseguiram a guarda da menina ela tomar\u00e1 uma atitude dr\u00e1stica.<\/p>\n<p>Rosa colocar\u00e1 Sofia como herdeira de suas a\u00e7\u00f5es na Boaz em seu testamento. E insistir\u00e1 que a menina precisa voltar para a fam\u00edlia. Filipa (Claudia Abreu), que estar\u00e1 em tratamento, vai tentar a guarda de Sofia. E at\u00e9 Jaques (Marcello Novaes) para agradar a cunhada vai querer tamb\u00e9m entrar nessa disputa.<\/p>\n<p>Continua depois da publicidade<\/p>\n<p>Olhando todas essas movimenta\u00e7\u00f5es, Samuel vai agir e vai entrar com um recurso para garantir que Sofia fique sob sua responsabilidade. Ao descobrir isso, Leo vai ficar chateada com o namorado, por ele querer tirar a menina dela.<\/p>\n<p><strong><a href=\"https:\/\/www.nsctotal.com.br\/noticias\/dona-de-mim-tudo-que-muda-na-vida-dos-personagens-depois-da-morte-de-abel\" target=\"_blank\" rel=\"noreferrer noopener nofollow\">Dona de Mim: tudo que muda na vida dos personagens depois da morte de Abel<\/a><\/strong> e <a href=\"https:\/\/www.nsctotal.com.br\/noticias\/dona-de-mim-novela-tem-um-erro-que-vai-na-fe-nunca-cometeu\" rel=\"nofollow noopener\" target=\"_blank\"><strong>Dona de Mim: novela tem um erro que Vai na F\u00e9 nunca cometeu<\/strong><\/a>.<\/p>\n","protected":false},"excerpt":{"rendered":"Briga pela guarda de Sofia pode afastar Samuel e Leo em Dona de Mim (Fotos: Reprodu\u00e7\u00e3o, TV Globo)&hellip;\n","protected":false},"author":2,"featured_media":37330,"comment_status":"","ping_status":"","sticky":false,"template":"","format":"standard","meta":{"footnotes":""},"categories":[142],"tags":[114,115,32,33,151,543],"class_list":{"0":"post-37329","1":"post","2":"type-post","3":"status-publish","4":"format-standard","5":"has-post-thumbnail","7":"category-tv","8":"tag-entertainment","9":"tag-entretenimento","10":"tag-portugal","11":"tag-pt","12":"tag-tv","13":"tag-ver-ouvir-ler"},"share_on_mastodon":{"url":"","error":""},"_links":{"self":[{"href":"https:\/\/www.europesays.com\/pt\/wp-json\/wp\/v2\/posts\/37329","targetHints":{"allow":["GET"]}}],"collection":[{"href":"https:\/\/www.europesays.com\/pt\/wp-json\/wp\/v2\/posts"}],"about":[{"href":"https:\/\/www.europesays.com\/pt\/wp-json\/wp\/v2\/types\/post"}],"author":[{"embeddable":true,"href":"https:\/\/www.europesays.com\/pt\/wp-json\/wp\/v2\/users\/2"}],"replies":[{"embeddable":true,"href":"https:\/\/www.europesays.com\/pt\/wp-json\/wp\/v2\/comments?post=37329"}],"version-history":[{"count":0,"href":"https:\/\/www.europesays.com\/pt\/wp-json\/wp\/v2\/posts\/37329\/revisions"}],"wp:featuredmedia":[{"embeddable":true,"href":"https:\/\/www.europesays.com\/pt\/wp-json\/wp\/v2\/media\/37330"}],"wp:attachment":[{"href":"https:\/\/www.europesays.com\/pt\/wp-json\/wp\/v2\/media?parent=37329"}],"wp:term":[{"taxonomy":"category","embeddable":true,"href":"https:\/\/www.europesays.com\/pt\/wp-json\/wp\/v2\/categories?post=37329"},{"taxonomy":"post_tag","embeddable":true,"href":"https:\/\/www.europesays.com\/pt\/wp-json\/wp\/v2\/tags?post=37329"}],"curies":[{"name":"wp","href":"https:\/\/api.w.org\/{rel}","templated":true}]}}